{"id":11494,"date":"2025-12-31T22:45:00","date_gmt":"2025-12-31T22:45:00","guid":{"rendered":"https:\/\/www.urlaub-und-stadien.de\/?p=11494"},"modified":"2026-03-19T19:45:11","modified_gmt":"2026-03-19T19:45:11","slug":"belgien-27-31-dezember-2025","status":"publish","type":"post","link":"https:\/\/www.urlaub-und-stadien.de\/?p=11494","title":{"rendered":"BELGIEN &#8211; 27. &#8211; 31. Dezember 2025"},"content":{"rendered":"\n<figure class=\"wp-block-gallery columns-1 is-cropped\"><ul class=\"blocks-gallery-grid\"><li class=\"blocks-gallery-item\"><figure><a href=\"https:\/\/www.urlaub-und-stadien.de\/?attachment_id=11497\"><img loading=\"lazy\" width=\"1024\" height=\"664\" src=\"https:\/\/www.urlaub-und-stadien.de\/wp-content\/uploads\/2026\/03\/IMG_0158-1024x664.jpeg\" alt=\"\" data-id=\"11497\" data-full-url=\"https:\/\/www.urlaub-und-stadien.de\/wp-content\/uploads\/2026\/03\/IMG_0158-scaled.jpeg\" data-link=\"https:\/\/www.urlaub-und-stadien.de\/?attachment_id=11497\" class=\"wp-image-11497\" srcset=\"https:\/\/www.urlaub-und-stadien.de\/wp-content\/uploads\/2026\/03\/IMG_0158-1024x664.jpeg 1024w, https:\/\/www.urlaub-und-stadien.de\/wp-content\/uploads\/2026\/03\/IMG_0158-300x195.jpeg 300w, https:\/\/www.urlaub-und-stadien.de\/wp-content\/uploads\/2026\/03\/IMG_0158-768x498.jpeg 768w, https:\/\/www.urlaub-und-stadien.de\/wp-content\/uploads\/2026\/03\/IMG_0158-1536x996.jpeg 1536w, https:\/\/www.urlaub-und-stadien.de\/wp-content\/uploads\/2026\/03\/IMG_0158-2048x1328.jpeg 2048w\" sizes=\"(max-width: 1024px) 100vw, 1024px\" \/><\/a><\/figure><\/li><\/ul><\/figure>\n\n\n\n<p class=\"has-text-align-center\"><strong>Belgien, insbesondere mit Br\u00fcgge, ist ja immer wieder reizvoll und so geht&#8217;s mit der Ma zwischen den Tagen nach Br\u00fcgge, Gent und Br\u00fcssel.<\/strong><\/p>\n\n\n\n<!--more-->\n\n\n\n<p>Einen Tag nach dem Weihnachtsessen fahren wir los. Bissel Strecke ist es bis Gent, aber nach Weihnachten ist das alles problemfrei, wir kommen bestens durch, checken ein in unserem kleinen Apt mitten in der Stadt und haben als erstes Highlight den Weihnachtsmarkt rund um den Belfried keine drei Minuten entfernt. Beste Lage. Den Weihnachtsmarkt meiden wir dann aber recht fix, einfach nur voll und voller Gedr\u00e4nge und essen wollten wir eh nicht an einem der St\u00e4nde. Wir finden ein kleines Lokal am Vrijdagmarkt, als Absacker sozusagen nehmen wir ein Kirschbier, das darf ja denn doch nicht fehlen in Belgien. Ich stelle wieder mal fest, warum ich das noch nie so recht mochte, es schmeckt mir einfach nicht. Obwohl ich diverse Craft-Biere mit unterschiedlichen Geschmacksnoten durchaus gern probiere. Nun denn, es ist Geschmackssache. Btw: ich freue mich schon auf das Mango-IPA auf der Norr\u00f6na:-)<\/p>\n\n\n\n<figure class=\"wp-block-gallery aligncenter columns-1 is-cropped\"><ul class=\"blocks-gallery-grid\"><li class=\"blocks-gallery-item\"><figure><a href=\"https:\/\/www.urlaub-und-stadien.de\/?attachment_id=11498\"><img loading=\"lazy\" width=\"576\" height=\"1024\" src=\"https:\/\/www.urlaub-und-stadien.de\/wp-content\/uploads\/2026\/03\/IMG_0069-576x1024.jpeg\" alt=\"\" data-id=\"11498\" data-full-url=\"https:\/\/www.urlaub-und-stadien.de\/wp-content\/uploads\/2026\/03\/IMG_0069-scaled.jpeg\" data-link=\"https:\/\/www.urlaub-und-stadien.de\/?attachment_id=11498\" class=\"wp-image-11498\" srcset=\"https:\/\/www.urlaub-und-stadien.de\/wp-content\/uploads\/2026\/03\/IMG_0069-576x1024.jpeg 576w, https:\/\/www.urlaub-und-stadien.de\/wp-content\/uploads\/2026\/03\/IMG_0069-169x300.jpeg 169w, https:\/\/www.urlaub-und-stadien.de\/wp-content\/uploads\/2026\/03\/IMG_0069-768x1365.jpeg 768w, https:\/\/www.urlaub-und-stadien.de\/wp-content\/uploads\/2026\/03\/IMG_0069-864x1536.jpeg 864w, https:\/\/www.urlaub-und-stadien.de\/wp-content\/uploads\/2026\/03\/IMG_0069-1152x2048.jpeg 1152w, https:\/\/www.urlaub-und-stadien.de\/wp-content\/uploads\/2026\/03\/IMG_0069-scaled.jpeg 1440w\" sizes=\"(max-width: 576px) 100vw, 576px\" \/><\/a><\/figure><\/li><\/ul><\/figure>\n\n\n\n<p>Dezember-Himmel ist oft genug auch bedeckter Himmel, wir schauen, wie es die n\u00e4chsten Tage so aussieht \u00fcber Br\u00fcgge, Gent und Br\u00fcssel. Und entscheiden uns als erstes f\u00fcr Br\u00fcgge. Richtige Entscheidung. Eine pittoreske alte Hansestadt, sehr viele Elemente der Hanse-Gotik, es macht immer wieder Spa\u00df hier. In der Regel zentraler erster Punkt ist der Belfried. Faszinierendes Teil, immer wieder. Vom Grote Markt direkt am Belfried gehts so bissel kreuz und quer, der Himmel rei\u00dft mehr und mehr auf und so stehen wir vor der Heilig-Blut-Basilika um die Mittagszeit. Nach l\u00e4ngerer Zeit des Anstehens gehts rein.<\/p>\n\n\n\n<figure class=\"wp-block-gallery columns-1 is-cropped\"><ul class=\"blocks-gallery-grid\"><li class=\"blocks-gallery-item\"><figure><a href=\"https:\/\/www.urlaub-und-stadien.de\/?attachment_id=11499\"><img loading=\"lazy\" width=\"1024\" height=\"576\" src=\"https:\/\/www.urlaub-und-stadien.de\/wp-content\/uploads\/2026\/03\/IMG_0082-1024x576.jpeg\" alt=\"\" data-id=\"11499\" data-full-url=\"https:\/\/www.urlaub-und-stadien.de\/wp-content\/uploads\/2026\/03\/IMG_0082-scaled.jpeg\" data-link=\"https:\/\/www.urlaub-und-stadien.de\/?attachment_id=11499\" class=\"wp-image-11499\" srcset=\"https:\/\/www.urlaub-und-stadien.de\/wp-content\/uploads\/2026\/03\/IMG_0082-1024x576.jpeg 1024w, https:\/\/www.urlaub-und-stadien.de\/wp-content\/uploads\/2026\/03\/IMG_0082-300x169.jpeg 300w, https:\/\/www.urlaub-und-stadien.de\/wp-content\/uploads\/2026\/03\/IMG_0082-768x432.jpeg 768w, https:\/\/www.urlaub-und-stadien.de\/wp-content\/uploads\/2026\/03\/IMG_0082-1536x864.jpeg 1536w, https:\/\/www.urlaub-und-stadien.de\/wp-content\/uploads\/2026\/03\/IMG_0082-2048x1152.jpeg 2048w\" sizes=\"(max-width: 1024px) 100vw, 1024px\" \/><\/a><\/figure><\/li><li class=\"blocks-gallery-item\"><figure><a href=\"https:\/\/www.urlaub-und-stadien.de\/?attachment_id=11500\"><img loading=\"lazy\" width=\"1024\" height=\"576\" src=\"https:\/\/www.urlaub-und-stadien.de\/wp-content\/uploads\/2026\/03\/IMG_0089-1024x576.jpeg\" alt=\"\" data-id=\"11500\" data-full-url=\"https:\/\/www.urlaub-und-stadien.de\/wp-content\/uploads\/2026\/03\/IMG_0089-scaled.jpeg\" data-link=\"https:\/\/www.urlaub-und-stadien.de\/?attachment_id=11500\" class=\"wp-image-11500\" srcset=\"https:\/\/www.urlaub-und-stadien.de\/wp-content\/uploads\/2026\/03\/IMG_0089-1024x576.jpeg 1024w, https:\/\/www.urlaub-und-stadien.de\/wp-content\/uploads\/2026\/03\/IMG_0089-300x169.jpeg 300w, https:\/\/www.urlaub-und-stadien.de\/wp-content\/uploads\/2026\/03\/IMG_0089-768x432.jpeg 768w, https:\/\/www.urlaub-und-stadien.de\/wp-content\/uploads\/2026\/03\/IMG_0089-1536x864.jpeg 1536w, https:\/\/www.urlaub-und-stadien.de\/wp-content\/uploads\/2026\/03\/IMG_0089-2048x1152.jpeg 2048w\" sizes=\"(max-width: 1024px) 100vw, 1024px\" \/><\/a><\/figure><\/li><\/ul><\/figure>\n\n\n\n<p>Skurrile Situation oder vielleicht auch nicht, ich bin ja nicht so vertraut mit so religi\u00f6sem Ged\u00f6ns. Erst kommen ne Menge Leute raus, dann geht ne Menge rein. Mindestens die Leute, die reingehen haben da so sichtbar wenig religi\u00f6sen Anspruch, die Basilika ist denn auch binnen k\u00fcrzester Zeit auch gerammelt voll, so voll, dass es uns dann auch unangenehm wird und wir uns trollen. Wir sind keineswegs religi\u00f6s, das ist \u00fcberhaupt nicht das Thema, aber ein Gef\u00fchl f\u00fcr die W\u00fcrde eines heiligen Ortes haben wir denn doch.<\/p>\n\n\n\n<p class=\"has-background\" style=\"background-color:#edc863\">Im Jahre 1149 befand sich der Ritter Graf Dietrich von Elsass im Heiligen Land und fand dort nach eigenen Angaben ein kleines Gef\u00e4\u00df, in dem sich der Legende nach einige Tropfen des Bluts von Jesus Christus befanden. Er brachte die Reliquie mit nach Br\u00fcgge und lie\u00df dort zum Andenken an die Kreuzigung Jesu die Heilig Blut Kirche bauen, die sp\u00e4ter zur Basilika erhoben wurde. Die Basilika ist eine sogenannte Doppelkirche. Der \u00e4ltere Teil wurde als romanische Kapelle errichtet, die dem heiligen Blasius geweiht wurde, im Mittelalter kam der obere Teil dazu, der im gotischen Stil gebaut wurde. Heute sind beide Kirchen durch eine steile Wendeltreppe miteinander verbunden.<\/p>\n\n\n\n<figure class=\"wp-block-gallery columns-2 is-cropped\"><ul class=\"blocks-gallery-grid\"><li class=\"blocks-gallery-item\"><figure><a href=\"https:\/\/www.urlaub-und-stadien.de\/?attachment_id=11501\"><img loading=\"lazy\" width=\"576\" height=\"1024\" src=\"https:\/\/www.urlaub-und-stadien.de\/wp-content\/uploads\/2026\/03\/IMG_0094-576x1024.jpeg\" alt=\"\" data-id=\"11501\" data-full-url=\"https:\/\/www.urlaub-und-stadien.de\/wp-content\/uploads\/2026\/03\/IMG_0094-scaled.jpeg\" data-link=\"https:\/\/www.urlaub-und-stadien.de\/?attachment_id=11501\" class=\"wp-image-11501\" srcset=\"https:\/\/www.urlaub-und-stadien.de\/wp-content\/uploads\/2026\/03\/IMG_0094-576x1024.jpeg 576w, https:\/\/www.urlaub-und-stadien.de\/wp-content\/uploads\/2026\/03\/IMG_0094-169x300.jpeg 169w, https:\/\/www.urlaub-und-stadien.de\/wp-content\/uploads\/2026\/03\/IMG_0094-768x1365.jpeg 768w, https:\/\/www.urlaub-und-stadien.de\/wp-content\/uploads\/2026\/03\/IMG_0094-864x1536.jpeg 864w, https:\/\/www.urlaub-und-stadien.de\/wp-content\/uploads\/2026\/03\/IMG_0094-1152x2048.jpeg 1152w, https:\/\/www.urlaub-und-stadien.de\/wp-content\/uploads\/2026\/03\/IMG_0094-scaled.jpeg 1440w\" sizes=\"(max-width: 576px) 100vw, 576px\" \/><\/a><\/figure><\/li><li class=\"blocks-gallery-item\"><figure><a href=\"https:\/\/www.urlaub-und-stadien.de\/?attachment_id=11502\"><img loading=\"lazy\" width=\"576\" height=\"1024\" src=\"https:\/\/www.urlaub-und-stadien.de\/wp-content\/uploads\/2026\/03\/IMG_0095-576x1024.jpeg\" alt=\"\" data-id=\"11502\" data-full-url=\"https:\/\/www.urlaub-und-stadien.de\/wp-content\/uploads\/2026\/03\/IMG_0095-scaled.jpeg\" data-link=\"https:\/\/www.urlaub-und-stadien.de\/?attachment_id=11502\" class=\"wp-image-11502\" srcset=\"https:\/\/www.urlaub-und-stadien.de\/wp-content\/uploads\/2026\/03\/IMG_0095-576x1024.jpeg 576w, https:\/\/www.urlaub-und-stadien.de\/wp-content\/uploads\/2026\/03\/IMG_0095-169x300.jpeg 169w, https:\/\/www.urlaub-und-stadien.de\/wp-content\/uploads\/2026\/03\/IMG_0095-768x1365.jpeg 768w, https:\/\/www.urlaub-und-stadien.de\/wp-content\/uploads\/2026\/03\/IMG_0095-864x1536.jpeg 864w, https:\/\/www.urlaub-und-stadien.de\/wp-content\/uploads\/2026\/03\/IMG_0095-1152x2048.jpeg 1152w, https:\/\/www.urlaub-und-stadien.de\/wp-content\/uploads\/2026\/03\/IMG_0095-scaled.jpeg 1440w\" sizes=\"(max-width: 576px) 100vw, 576px\" \/><\/a><\/figure><\/li><\/ul><\/figure>\n\n\n\n<p class=\"has-background\" style=\"background-color:#edc863\">Bis heute wird das kleine Gef\u00e4\u00df mit den Blutstropfen in der St. Blasius Kapelle aufbewahrt und es wird jeden Freitag im Rahmen einer Messe den Gl\u00e4ubigen gezeigt. Einmal im Jahr verl\u00e4sst die Reliquie aber die Kirche und wird in einer feierlichen Prozession durch die Stadt getragen. <a href=\"https:\/\/www.bruegge-erleben.de\/sehenswuerdigkeiten\/die-heilig-blut-basilika-in-bruegge\/#google_vignette\"><em><strong>Quelle<\/strong><\/em><\/a><\/p>\n\n\n\n<p>Anschlie\u00dfend laufen wir weiter, eine unfassbar leckere Waffel am Rozenhoedkaai und vor allem anschlie\u00dfend das unbeschreibliche Panorama &#8211; nun bei bestem Winter-Foto-Wetter. F\u00fcr eine Kanalrundfahrt ist es deutlich zu kalt, lieber laufen wir noch ein bisschen entlang des Kanals und der Br\u00fccken. An Br\u00fccken ist ja eh im kanaldurchzogenen Br\u00fcgge kein Mangel, herausragend ist u.a. die Bonifaciusbrug. Mit dem Begijnhof haben wir dann das Ziel des intensiven Gangs durch Br\u00fcgge erreicht, entlang der Liebfrauenkirche gehts zur\u00fcck zum Auto und wieder nach Gent.<\/p>\n\n\n\n<figure class=\"wp-block-gallery columns-1 is-cropped\"><ul class=\"blocks-gallery-grid\"><li class=\"blocks-gallery-item\"><figure><a href=\"https:\/\/www.urlaub-und-stadien.de\/?attachment_id=11503\"><img loading=\"lazy\" width=\"1024\" height=\"576\" src=\"https:\/\/www.urlaub-und-stadien.de\/wp-content\/uploads\/2026\/03\/IMG_0103-1024x576.jpeg\" alt=\"\" data-id=\"11503\" data-full-url=\"https:\/\/www.urlaub-und-stadien.de\/wp-content\/uploads\/2026\/03\/IMG_0103-scaled.jpeg\" data-link=\"https:\/\/www.urlaub-und-stadien.de\/?attachment_id=11503\" class=\"wp-image-11503\" srcset=\"https:\/\/www.urlaub-und-stadien.de\/wp-content\/uploads\/2026\/03\/IMG_0103-1024x576.jpeg 1024w, https:\/\/www.urlaub-und-stadien.de\/wp-content\/uploads\/2026\/03\/IMG_0103-300x169.jpeg 300w, https:\/\/www.urlaub-und-stadien.de\/wp-content\/uploads\/2026\/03\/IMG_0103-768x432.jpeg 768w, https:\/\/www.urlaub-und-stadien.de\/wp-content\/uploads\/2026\/03\/IMG_0103-1536x864.jpeg 1536w, https:\/\/www.urlaub-und-stadien.de\/wp-content\/uploads\/2026\/03\/IMG_0103-2048x1152.jpeg 2048w\" sizes=\"(max-width: 1024px) 100vw, 1024px\" \/><\/a><\/figure><\/li><li class=\"blocks-gallery-item\"><figure><a href=\"https:\/\/www.urlaub-und-stadien.de\/?attachment_id=11504\"><img loading=\"lazy\" width=\"1024\" height=\"576\" src=\"https:\/\/www.urlaub-und-stadien.de\/wp-content\/uploads\/2026\/03\/IMG_0109-1024x576.jpeg\" alt=\"\" data-id=\"11504\" data-full-url=\"https:\/\/www.urlaub-und-stadien.de\/wp-content\/uploads\/2026\/03\/IMG_0109-scaled.jpeg\" data-link=\"https:\/\/www.urlaub-und-stadien.de\/?attachment_id=11504\" class=\"wp-image-11504\" srcset=\"https:\/\/www.urlaub-und-stadien.de\/wp-content\/uploads\/2026\/03\/IMG_0109-1024x576.jpeg 1024w, https:\/\/www.urlaub-und-stadien.de\/wp-content\/uploads\/2026\/03\/IMG_0109-300x169.jpeg 300w, https:\/\/www.urlaub-und-stadien.de\/wp-content\/uploads\/2026\/03\/IMG_0109-768x432.jpeg 768w, https:\/\/www.urlaub-und-stadien.de\/wp-content\/uploads\/2026\/03\/IMG_0109-1536x864.jpeg 1536w, https:\/\/www.urlaub-und-stadien.de\/wp-content\/uploads\/2026\/03\/IMG_0109-2048x1152.jpeg 2048w\" sizes=\"(max-width: 1024px) 100vw, 1024px\" \/><\/a><\/figure><\/li><\/ul><\/figure>\n\n\n\n<p>Zwischen dem 11. und 13. Jahrhundert entsteht die Beginenbewegung. Frauen schlie\u00dfen sich zusammen, um ihre spirituellen und materiellen Bed\u00fcrfnisse zu befriedigen. Zum Entsetzen der Kirche, denn die Beginen f\u00fchren ein frommes und z\u00f6libat\u00e4res Leben, aber eben auch ein unabh\u00e4ngigeres und freieres Leben als die Nonnen. Papst Clemens V. erkl\u00e4rt die Beginen 1311 sogar zu H\u00e4retikerinnen, also zu Personen, die bewu\u00dft von Glaubenslehren der Kirche abweichen, dennoch verbreiteten sich die Beginen in Europa, vor allem aber in Flandern. Mehr zu den Beginen bei <a href=\"https:\/\/www.visitbruges.be\/de\/sehen-und-erleben\/ueber-bruegge\/weltkulturerbestadt\/beginenhof\"><em><strong>visitbruges<\/strong><\/em><\/a>.<\/p>\n\n\n\n<figure class=\"wp-block-gallery columns-1 is-cropped\"><ul class=\"blocks-gallery-grid\"><li class=\"blocks-gallery-item\"><figure><a href=\"https:\/\/www.urlaub-und-stadien.de\/?attachment_id=11506\"><img loading=\"lazy\" width=\"1024\" height=\"576\" src=\"https:\/\/www.urlaub-und-stadien.de\/wp-content\/uploads\/2026\/03\/IMG_0117-1-1024x576.jpeg\" alt=\"\" data-id=\"11506\" data-full-url=\"https:\/\/www.urlaub-und-stadien.de\/wp-content\/uploads\/2026\/03\/IMG_0117-1-scaled.jpeg\" data-link=\"https:\/\/www.urlaub-und-stadien.de\/?attachment_id=11506\" class=\"wp-image-11506\" srcset=\"https:\/\/www.urlaub-und-stadien.de\/wp-content\/uploads\/2026\/03\/IMG_0117-1-1024x576.jpeg 1024w, https:\/\/www.urlaub-und-stadien.de\/wp-content\/uploads\/2026\/03\/IMG_0117-1-300x169.jpeg 300w, https:\/\/www.urlaub-und-stadien.de\/wp-content\/uploads\/2026\/03\/IMG_0117-1-768x432.jpeg 768w, https:\/\/www.urlaub-und-stadien.de\/wp-content\/uploads\/2026\/03\/IMG_0117-1-1536x864.jpeg 1536w, https:\/\/www.urlaub-und-stadien.de\/wp-content\/uploads\/2026\/03\/IMG_0117-1-2048x1152.jpeg 2048w\" sizes=\"(max-width: 1024px) 100vw, 1024px\" \/><\/a><\/figure><\/li><\/ul><\/figure>\n\n\n\n<p>Das Essen in Gent stellt sich dann als absoluter Gl\u00fccksfall heraus. Wir finden einen Platz in der <a href=\"http:\/\/www.artevelde.be\"><em><strong>Artevelde-Brauerei<\/strong><\/em><\/a>, bestellen uns ein paar Pr\u00f6bchen der verschiedenen leckeren Biere und vor allem das leckere Essen. Nicht billig, aber es ist ja Urlaub. Scheint sich dann auch das Restaurant zu denken und pr\u00e4sentiert uns eine Rechnung \u00fcber 36 \u20ac, einem Drittel des Preises. Nun denn, wir nehmen es als nachtr\u00e4gliches Weihnachtsgeschenk.<\/p>\n\n\n\n<figure class=\"wp-block-gallery columns-1 is-cropped\"><ul class=\"blocks-gallery-grid\"><li class=\"blocks-gallery-item\"><figure><a href=\"https:\/\/www.urlaub-und-stadien.de\/?attachment_id=11507\"><img loading=\"lazy\" width=\"1024\" height=\"697\" src=\"https:\/\/www.urlaub-und-stadien.de\/wp-content\/uploads\/2026\/03\/IMG_0126-1024x697.jpeg\" alt=\"\" data-id=\"11507\" data-full-url=\"https:\/\/www.urlaub-und-stadien.de\/wp-content\/uploads\/2026\/03\/IMG_0126-scaled.jpeg\" data-link=\"https:\/\/www.urlaub-und-stadien.de\/?attachment_id=11507\" class=\"wp-image-11507\" srcset=\"https:\/\/www.urlaub-und-stadien.de\/wp-content\/uploads\/2026\/03\/IMG_0126-1024x697.jpeg 1024w, https:\/\/www.urlaub-und-stadien.de\/wp-content\/uploads\/2026\/03\/IMG_0126-300x204.jpeg 300w, https:\/\/www.urlaub-und-stadien.de\/wp-content\/uploads\/2026\/03\/IMG_0126-768x523.jpeg 768w, https:\/\/www.urlaub-und-stadien.de\/wp-content\/uploads\/2026\/03\/IMG_0126-1536x1046.jpeg 1536w, https:\/\/www.urlaub-und-stadien.de\/wp-content\/uploads\/2026\/03\/IMG_0126-2048x1394.jpeg 2048w\" sizes=\"(max-width: 1024px) 100vw, 1024px\" \/><\/a><\/figure><\/li><\/ul><\/figure>\n\n\n\n<p>Gestern durchaus Sonne in Br\u00fcgge, heute bedeckter Himmel in Gent. Schade, aber immerhin regnet es nicht. So laufen wir zun\u00e4chst zum Belfried. Ein paar Stufen sind es rauf, aber der Blick lohnt sich definitiv. Zur einen Seite die Sint-Niklaaskerk zur anderen Seite die Sint-Baafskathedraal.<\/p>\n\n\n\n<figure class=\"wp-block-gallery columns-2 is-cropped\"><ul class=\"blocks-gallery-grid\"><li class=\"blocks-gallery-item\"><figure><a href=\"https:\/\/www.urlaub-und-stadien.de\/?attachment_id=11508\"><img loading=\"lazy\" width=\"576\" height=\"1024\" src=\"https:\/\/www.urlaub-und-stadien.de\/wp-content\/uploads\/2026\/03\/IMG_0135-576x1024.jpeg\" alt=\"\" data-id=\"11508\" data-full-url=\"https:\/\/www.urlaub-und-stadien.de\/wp-content\/uploads\/2026\/03\/IMG_0135-scaled.jpeg\" data-link=\"https:\/\/www.urlaub-und-stadien.de\/?attachment_id=11508\" class=\"wp-image-11508\" srcset=\"https:\/\/www.urlaub-und-stadien.de\/wp-content\/uploads\/2026\/03\/IMG_0135-576x1024.jpeg 576w, https:\/\/www.urlaub-und-stadien.de\/wp-content\/uploads\/2026\/03\/IMG_0135-169x300.jpeg 169w, https:\/\/www.urlaub-und-stadien.de\/wp-content\/uploads\/2026\/03\/IMG_0135-768x1365.jpeg 768w, https:\/\/www.urlaub-und-stadien.de\/wp-content\/uploads\/2026\/03\/IMG_0135-864x1536.jpeg 864w, https:\/\/www.urlaub-und-stadien.de\/wp-content\/uploads\/2026\/03\/IMG_0135-1152x2048.jpeg 1152w, https:\/\/www.urlaub-und-stadien.de\/wp-content\/uploads\/2026\/03\/IMG_0135-scaled.jpeg 1440w\" sizes=\"(max-width: 576px) 100vw, 576px\" \/><\/a><\/figure><\/li><li class=\"blocks-gallery-item\"><figure><a href=\"https:\/\/www.urlaub-und-stadien.de\/?attachment_id=11509\"><img loading=\"lazy\" width=\"576\" height=\"1024\" src=\"https:\/\/www.urlaub-und-stadien.de\/wp-content\/uploads\/2026\/03\/IMG_0143-576x1024.jpeg\" alt=\"\" data-id=\"11509\" data-full-url=\"https:\/\/www.urlaub-und-stadien.de\/wp-content\/uploads\/2026\/03\/IMG_0143-scaled.jpeg\" data-link=\"https:\/\/www.urlaub-und-stadien.de\/?attachment_id=11509\" class=\"wp-image-11509\" srcset=\"https:\/\/www.urlaub-und-stadien.de\/wp-content\/uploads\/2026\/03\/IMG_0143-576x1024.jpeg 576w, https:\/\/www.urlaub-und-stadien.de\/wp-content\/uploads\/2026\/03\/IMG_0143-169x300.jpeg 169w, https:\/\/www.urlaub-und-stadien.de\/wp-content\/uploads\/2026\/03\/IMG_0143-768x1365.jpeg 768w, https:\/\/www.urlaub-und-stadien.de\/wp-content\/uploads\/2026\/03\/IMG_0143-864x1536.jpeg 864w, https:\/\/www.urlaub-und-stadien.de\/wp-content\/uploads\/2026\/03\/IMG_0143-1152x2048.jpeg 1152w, https:\/\/www.urlaub-und-stadien.de\/wp-content\/uploads\/2026\/03\/IMG_0143-scaled.jpeg 1440w\" sizes=\"(max-width: 576px) 100vw, 576px\" \/><\/a><\/figure><\/li><\/ul><\/figure>\n\n\n\n<p>\u00dcber Korenlei und Graslei und Grasbrug kommen wir zur Grafenburg, leider heut nicht mehr hinein, die Tickets f\u00fcr den Tag sind ausverkauft. Aber das w\u00e4re letztlich eh nice to have gewesen, das absolute Highlight der Stadt wartet noch auf uns: der Genter Altar. Ein wenig Anstehen in der Sint-Baafskathedraal, dann gibt\u2019s eine richtig gute AR-Einf\u00fchrung und nat\u00fcrlich den 2021 restaurierten Genter Altar als emotionalen H\u00f6hepunkt. Die Geschichte des Genter Altars hat unfassbar viele Facetten:<\/p>\n\n\n\n<p class=\"has-background\" style=\"background-color:#edc863\">Seit dem 25. M\u00e4rz 2021 hat eines der spannendsten und geheimnisvollsten Kunstwerke der Welt ein neues Zuhause. Bis in die Sakramentskapelle der Genter St.-Baafs-Kathedrale hat der Genter Altar der Br\u00fcder van Eyck eine lange Reise zur\u00fcckgelegt. (\u2026)<\/p>\n\n\n\n<p class=\"has-background\" style=\"background-color:#edc863\">1432 vollendete Jan van Eyck sein Meisterwerk und der Altar fand seinen Platz in der Kathedrale von Gent. Urspr\u00fcnglich ging der Auftrag f\u00fcr die Altargem\u00e4lde an Hubert van Eyck, der aber verstarb vor dessen Vollendung und der j\u00fcngere Bruder Jan \u00fcbernahm die monumentale Aufgabe.<\/p>\n\n\n\n<figure class=\"wp-block-gallery aligncenter columns-1 is-cropped\"><ul class=\"blocks-gallery-grid\"><li class=\"blocks-gallery-item\"><figure><a href=\"https:\/\/www.urlaub-und-stadien.de\/?attachment_id=11514\"><img loading=\"lazy\" width=\"757\" height=\"1024\" src=\"https:\/\/www.urlaub-und-stadien.de\/wp-content\/uploads\/2026\/03\/IMG_0208-757x1024.jpeg\" alt=\"\" data-id=\"11514\" data-full-url=\"https:\/\/www.urlaub-und-stadien.de\/wp-content\/uploads\/2026\/03\/IMG_0208-scaled.jpeg\" data-link=\"https:\/\/www.urlaub-und-stadien.de\/?attachment_id=11514\" class=\"wp-image-11514\" srcset=\"https:\/\/www.urlaub-und-stadien.de\/wp-content\/uploads\/2026\/03\/IMG_0208-757x1024.jpeg 757w, https:\/\/www.urlaub-und-stadien.de\/wp-content\/uploads\/2026\/03\/IMG_0208-222x300.jpeg 222w, https:\/\/www.urlaub-und-stadien.de\/wp-content\/uploads\/2026\/03\/IMG_0208-768x1039.jpeg 768w, https:\/\/www.urlaub-und-stadien.de\/wp-content\/uploads\/2026\/03\/IMG_0208-1135x1536.jpeg 1135w, https:\/\/www.urlaub-und-stadien.de\/wp-content\/uploads\/2026\/03\/IMG_0208-1513x2048.jpeg 1513w, https:\/\/www.urlaub-und-stadien.de\/wp-content\/uploads\/2026\/03\/IMG_0208-scaled.jpeg 1891w\" sizes=\"(max-width: 757px) 100vw, 757px\" \/><\/a><\/figure><\/li><\/ul><\/figure>\n\n\n\n<p class=\"has-background\" style=\"background-color:#edc863\">Damit k\u00f6nnte die Geschichte eigentlich schon enden. Bevor der Altar aber endg\u00fcltig an dem Platz zur Ruhe kommen konnte, f\u00fcr den er einmal erschaffen wurde, stand ihm noch einiges bevor. Er wurde gestohlen, verkauft, versteckt, verschleppt, zur\u00fcckgeholt und mehrere Male beinahe zerst\u00f6rt: W\u00e4hrend der Franz\u00f6sischen Revolution verschleppten Soldaten den Mittelteil des Altars nach Paris, 1821 kaufte der preu\u00dfische K\u00f6nig die Seitentafeln von einem englischen Sammler f\u00fcr die k\u00fcnftige Gem\u00e4ldegalerie in Berlin, und im Zweiten Weltkrieg konfiszierten die Nationalsozialisten das Meisterwerk neben vielen anderen f\u00fcr das geplante F\u00fchrermuseum. Immer kehrte das Lamm Gottes zur\u00fcck nach Gent, war aber auch hier von Bilderst\u00fcrmern, Dieben und Br\u00e4nden bedroht. Und von \u00fcbereifrigen Restauratoren, die den Altar Schicht um Schicht mit \u00dcbermalungen und Firnis beinahe unkenntlich machten. (..)<\/p>\n\n\n\n<figure class=\"wp-block-gallery columns-1 is-cropped\"><ul class=\"blocks-gallery-grid\"><li class=\"blocks-gallery-item\"><figure><a href=\"https:\/\/www.urlaub-und-stadien.de\/?attachment_id=11510\"><img loading=\"lazy\" width=\"1024\" height=\"576\" src=\"https:\/\/www.urlaub-und-stadien.de\/wp-content\/uploads\/2026\/03\/IMG_0155-1024x576.jpeg\" alt=\"\" data-id=\"11510\" data-full-url=\"https:\/\/www.urlaub-und-stadien.de\/wp-content\/uploads\/2026\/03\/IMG_0155-scaled.jpeg\" data-link=\"https:\/\/www.urlaub-und-stadien.de\/?attachment_id=11510\" class=\"wp-image-11510\" srcset=\"https:\/\/www.urlaub-und-stadien.de\/wp-content\/uploads\/2026\/03\/IMG_0155-1024x576.jpeg 1024w, https:\/\/www.urlaub-und-stadien.de\/wp-content\/uploads\/2026\/03\/IMG_0155-300x169.jpeg 300w, https:\/\/www.urlaub-und-stadien.de\/wp-content\/uploads\/2026\/03\/IMG_0155-768x432.jpeg 768w, https:\/\/www.urlaub-und-stadien.de\/wp-content\/uploads\/2026\/03\/IMG_0155-1536x864.jpeg 1536w, https:\/\/www.urlaub-und-stadien.de\/wp-content\/uploads\/2026\/03\/IMG_0155-2048x1152.jpeg 2048w\" sizes=\"(max-width: 1024px) 100vw, 1024px\" \/><\/a><\/figure><\/li><\/ul><\/figure>\n\n\n\n<p class=\"has-background\" style=\"background-color:#edc863\">Am 25. M\u00e4rz 2021 soll die Reise des Lamm-Gottes-Altars nun ein Ende haben. Die hoffentlich letzte Station seiner bewegten Geschichte waren die Restaurationswerkst\u00e4tten des K\u00f6niglichen Instituts f\u00fcr das Kunstpatrimonium, wo zwischen 2012 und 2019 im Zuge umfangreicher Restaurationen \u00dcbermalungen und Firnisschichten abgetragen wurden, um das Kunstwerk in seinen urspr\u00fcnglichen Zustand zur\u00fcckzuversetzen.<\/p>\n\n\n\n<figure class=\"wp-block-gallery columns-1 is-cropped\"><ul class=\"blocks-gallery-grid\"><li class=\"blocks-gallery-item\"><figure><a href=\"https:\/\/www.urlaub-und-stadien.de\/?attachment_id=11511\"><img loading=\"lazy\" width=\"1024\" height=\"664\" src=\"https:\/\/www.urlaub-und-stadien.de\/wp-content\/uploads\/2026\/03\/IMG_0158-1-1024x664.jpeg\" alt=\"\" data-id=\"11511\" data-full-url=\"https:\/\/www.urlaub-und-stadien.de\/wp-content\/uploads\/2026\/03\/IMG_0158-1-scaled.jpeg\" data-link=\"https:\/\/www.urlaub-und-stadien.de\/?attachment_id=11511\" class=\"wp-image-11511\" srcset=\"https:\/\/www.urlaub-und-stadien.de\/wp-content\/uploads\/2026\/03\/IMG_0158-1-1024x664.jpeg 1024w, https:\/\/www.urlaub-und-stadien.de\/wp-content\/uploads\/2026\/03\/IMG_0158-1-300x195.jpeg 300w, https:\/\/www.urlaub-und-stadien.de\/wp-content\/uploads\/2026\/03\/IMG_0158-1-768x498.jpeg 768w, https:\/\/www.urlaub-und-stadien.de\/wp-content\/uploads\/2026\/03\/IMG_0158-1-1536x996.jpeg 1536w, https:\/\/www.urlaub-und-stadien.de\/wp-content\/uploads\/2026\/03\/IMG_0158-1-2048x1328.jpeg 2048w\" sizes=\"(max-width: 1024px) 100vw, 1024px\" \/><\/a><\/figure><\/li><\/ul><\/figure>\n\n\n\n<p class=\"has-background\" style=\"background-color:#edc863\">Die spektakul\u00e4ren Resultate der Restaurierung, aber auch das neu erbaute Besucherzentrum in der St.-Baafs-Kathedrale erm\u00f6glichen Besuchern einen v\u00f6llig neuen Zugang zum Werk der Br\u00fcder van Eyck. Mit einer Augmented Reality-Brille wandelt man durch die neu gestaltete Krypta, durch die verschiedenen Kapellen und vorbei an den sakralen Sch\u00e4tzen der Kathedrale um schlussendlich vor der beeindruckenden, eigens f\u00fcr diesen Zweck konzipierten Vitrine zu stehen. Gent hat einem der gr\u00f6\u00dften Meistwerke der Renaissance endlich ein w\u00fcrdiges Zuhause gegeben! <a href=\"https:\/\/www.weltkunst.de\/kunstwissen\/2021\/03\/visit-flanders-lamm-gottes-van-eyck-genter-altar-besucherzentrum\"><em><strong>Quelle<\/strong><\/em><\/a><\/p>\n\n\n\n<figure class=\"wp-block-gallery columns-1 is-cropped\"><ul class=\"blocks-gallery-grid\"><li class=\"blocks-gallery-item\"><figure><a href=\"https:\/\/www.urlaub-und-stadien.de\/?attachment_id=11512\"><img loading=\"lazy\" width=\"1024\" height=\"576\" src=\"https:\/\/www.urlaub-und-stadien.de\/wp-content\/uploads\/2026\/03\/IMG_0174-1024x576.jpeg\" alt=\"\" data-id=\"11512\" data-full-url=\"https:\/\/www.urlaub-und-stadien.de\/wp-content\/uploads\/2026\/03\/IMG_0174-scaled.jpeg\" data-link=\"https:\/\/www.urlaub-und-stadien.de\/?attachment_id=11512\" class=\"wp-image-11512\" srcset=\"https:\/\/www.urlaub-und-stadien.de\/wp-content\/uploads\/2026\/03\/IMG_0174-1024x576.jpeg 1024w, https:\/\/www.urlaub-und-stadien.de\/wp-content\/uploads\/2026\/03\/IMG_0174-300x169.jpeg 300w, https:\/\/www.urlaub-und-stadien.de\/wp-content\/uploads\/2026\/03\/IMG_0174-768x432.jpeg 768w, https:\/\/www.urlaub-und-stadien.de\/wp-content\/uploads\/2026\/03\/IMG_0174-1536x864.jpeg 1536w, https:\/\/www.urlaub-und-stadien.de\/wp-content\/uploads\/2026\/03\/IMG_0174-2048x1152.jpeg 2048w\" sizes=\"(max-width: 1024px) 100vw, 1024px\" \/><\/a><\/figure><\/li><li class=\"blocks-gallery-item\"><figure><a href=\"https:\/\/www.urlaub-und-stadien.de\/?attachment_id=11513\"><img loading=\"lazy\" width=\"1024\" height=\"576\" src=\"https:\/\/www.urlaub-und-stadien.de\/wp-content\/uploads\/2026\/03\/IMG_0216-1024x576.jpeg\" alt=\"\" data-id=\"11513\" data-full-url=\"https:\/\/www.urlaub-und-stadien.de\/wp-content\/uploads\/2026\/03\/IMG_0216-scaled.jpeg\" data-link=\"https:\/\/www.urlaub-und-stadien.de\/?attachment_id=11513\" class=\"wp-image-11513\" srcset=\"https:\/\/www.urlaub-und-stadien.de\/wp-content\/uploads\/2026\/03\/IMG_0216-1024x576.jpeg 1024w, https:\/\/www.urlaub-und-stadien.de\/wp-content\/uploads\/2026\/03\/IMG_0216-300x169.jpeg 300w, https:\/\/www.urlaub-und-stadien.de\/wp-content\/uploads\/2026\/03\/IMG_0216-768x432.jpeg 768w, https:\/\/www.urlaub-und-stadien.de\/wp-content\/uploads\/2026\/03\/IMG_0216-1536x864.jpeg 1536w, https:\/\/www.urlaub-und-stadien.de\/wp-content\/uploads\/2026\/03\/IMG_0216-2048x1152.jpeg 2048w\" sizes=\"(max-width: 1024px) 100vw, 1024px\" \/><\/a><\/figure><\/li><\/ul><\/figure>\n\n\n\n<p>Sp\u00e4ter, als wir auf der Suche nach einem Wein f\u00fcr den Abend sind, finden wir einen Supermarkt auf dem Wege, den wir kurzentschlossen f\u00fcr geeignet halten. Und der hat nicht nur diverse Weine, sondern auch den guten \u00cdsey Skyr, es ist ein Traum und selbstverst\u00e4ndlich ist klar, dass ich mich vor Abfahrt entsprechend versorge.<\/p>\n\n\n\n<p>Das Essen heut ist anders spektakul\u00e4r, es ist nicht ganz so einfach, einen Platz zu bekommen in einem Restaurant hier ohne Vorab-Reservierung. So landen wir im Irish Pub. Mit Live-\u00dcbertragung der Darts-WM. Gian van Veen spielt im Sechzehntelfinale und es sind einige Holl\u00e4nder im Pub, es wird also emotional und laut, insbesondere als es auf die finalen Legs zugeht. Coole Atmosph\u00e4re.<\/p>\n\n\n\n<p>F\u00fcr Br\u00fcssel haben wir das Programm etwas umgestellt, eigentlich w\u00e4re es noch einmal zur\u00fcck nach Gent f\u00fcr eine Nacht, wir beschlie\u00dfen vor dem Hintergrund der nahenden Silvesternacht, nach dem Br\u00fcssel-Besuch direkt durchzufahren, die Nacht fahrend auf der Autobahn werden wir schon \u00fcberstehen.<\/p>\n\n\n\n<p>Es geht also nach Check-Out auf nach Br\u00fcssel, erstes Ziel das Atomium. Das Wetter ist grandios, Sonne satt, das Atomium gl\u00e4nzt mit unserer Stimmung und der Sonne um die Wette.<\/p>\n\n\n\n<p class=\"has-background\" style=\"background-color:#edc863\">Eines der ungew\u00f6hnlichsten und faszinierendsten Geb\u00e4ude der Welt: Ein unglaublich kleines Teilchen (n\u00e4mlich ein Atom) wurde in Br\u00fcssel als gro\u00dfes Haus zum Betreten und entdecken gebaut: Das Atomium. Das Wahrzeichen Br\u00fcssels entstand 1958 zur Weltausstellung.<\/p>\n\n\n\n<p class=\"has-background\" style=\"background-color:#edc863\">Eine Elementarzelle einer Eisen-Kristallstruktur wurde 165-milliardenfach vergr\u00f6\u00dfert: Das Ergebnis ist das Atomium. Es war ein Symbol f\u00fcr die friedliche Nutzung der Kernenergie und f\u00fcr den optimistischen Geist der einer Zeit in welcher der Glauben an den wissenschaftlichen und technischen Fortschritt gro\u00df war.<\/p>\n\n\n\n<figure class=\"wp-block-gallery aligncenter columns-1 is-cropped\"><ul class=\"blocks-gallery-grid\"><li class=\"blocks-gallery-item\"><figure><a href=\"https:\/\/www.urlaub-und-stadien.de\/?attachment_id=11518\"><img loading=\"lazy\" width=\"622\" height=\"1024\" src=\"https:\/\/www.urlaub-und-stadien.de\/wp-content\/uploads\/2026\/03\/IMG_0228-622x1024.jpeg\" alt=\"\" data-id=\"11518\" data-full-url=\"https:\/\/www.urlaub-und-stadien.de\/wp-content\/uploads\/2026\/03\/IMG_0228-scaled.jpeg\" data-link=\"https:\/\/www.urlaub-und-stadien.de\/?attachment_id=11518\" class=\"wp-image-11518\" srcset=\"https:\/\/www.urlaub-und-stadien.de\/wp-content\/uploads\/2026\/03\/IMG_0228-622x1024.jpeg 622w, https:\/\/www.urlaub-und-stadien.de\/wp-content\/uploads\/2026\/03\/IMG_0228-182x300.jpeg 182w, https:\/\/www.urlaub-und-stadien.de\/wp-content\/uploads\/2026\/03\/IMG_0228-768x1265.jpeg 768w, https:\/\/www.urlaub-und-stadien.de\/wp-content\/uploads\/2026\/03\/IMG_0228-932x1536.jpeg 932w, https:\/\/www.urlaub-und-stadien.de\/wp-content\/uploads\/2026\/03\/IMG_0228-1243x2048.jpeg 1243w, https:\/\/www.urlaub-und-stadien.de\/wp-content\/uploads\/2026\/03\/IMG_0228-scaled.jpeg 1554w\" sizes=\"(max-width: 622px) 100vw, 622px\" \/><\/a><\/figure><\/li><\/ul><\/figure>\n\n\n\n<p class=\"has-background\" style=\"background-color:#edc863\">Das Atomium ist 102 Meter hoch, die 12 Kanten enden an 9 Kugeln von je 18 Meter Durchmesser. Urspr\u00fcnglich war geplant, etwas h\u00f6her zu bauen, doch aus Gr\u00fcnden der Flugsicherheit verkleinerte man das Geb\u00e4ude um 24%.<\/p>\n\n\n\n<figure class=\"wp-block-gallery columns-2 is-cropped\"><ul class=\"blocks-gallery-grid\"><li class=\"blocks-gallery-item\"><figure><a href=\"https:\/\/www.urlaub-und-stadien.de\/?attachment_id=11517\"><img loading=\"lazy\" width=\"576\" height=\"1024\" src=\"https:\/\/www.urlaub-und-stadien.de\/wp-content\/uploads\/2026\/03\/IMG_0237-576x1024.jpeg\" alt=\"\" data-id=\"11517\" data-full-url=\"https:\/\/www.urlaub-und-stadien.de\/wp-content\/uploads\/2026\/03\/IMG_0237-scaled.jpeg\" data-link=\"https:\/\/www.urlaub-und-stadien.de\/?attachment_id=11517\" class=\"wp-image-11517\" srcset=\"https:\/\/www.urlaub-und-stadien.de\/wp-content\/uploads\/2026\/03\/IMG_0237-576x1024.jpeg 576w, https:\/\/www.urlaub-und-stadien.de\/wp-content\/uploads\/2026\/03\/IMG_0237-169x300.jpeg 169w, https:\/\/www.urlaub-und-stadien.de\/wp-content\/uploads\/2026\/03\/IMG_0237-768x1365.jpeg 768w, https:\/\/www.urlaub-und-stadien.de\/wp-content\/uploads\/2026\/03\/IMG_0237-864x1536.jpeg 864w, https:\/\/www.urlaub-und-stadien.de\/wp-content\/uploads\/2026\/03\/IMG_0237-1152x2048.jpeg 1152w, https:\/\/www.urlaub-und-stadien.de\/wp-content\/uploads\/2026\/03\/IMG_0237-scaled.jpeg 1440w\" sizes=\"(max-width: 576px) 100vw, 576px\" \/><\/a><\/figure><\/li><li class=\"blocks-gallery-item\"><figure><a href=\"https:\/\/www.urlaub-und-stadien.de\/?attachment_id=11516\"><img loading=\"lazy\" width=\"576\" height=\"1024\" src=\"https:\/\/www.urlaub-und-stadien.de\/wp-content\/uploads\/2026\/03\/IMG_0225-576x1024.jpeg\" alt=\"\" data-id=\"11516\" data-full-url=\"https:\/\/www.urlaub-und-stadien.de\/wp-content\/uploads\/2026\/03\/IMG_0225-scaled.jpeg\" data-link=\"https:\/\/www.urlaub-und-stadien.de\/?attachment_id=11516\" class=\"wp-image-11516\" srcset=\"https:\/\/www.urlaub-und-stadien.de\/wp-content\/uploads\/2026\/03\/IMG_0225-576x1024.jpeg 576w, https:\/\/www.urlaub-und-stadien.de\/wp-content\/uploads\/2026\/03\/IMG_0225-169x300.jpeg 169w, https:\/\/www.urlaub-und-stadien.de\/wp-content\/uploads\/2026\/03\/IMG_0225-768x1365.jpeg 768w, https:\/\/www.urlaub-und-stadien.de\/wp-content\/uploads\/2026\/03\/IMG_0225-864x1536.jpeg 864w, https:\/\/www.urlaub-und-stadien.de\/wp-content\/uploads\/2026\/03\/IMG_0225-1152x2048.jpeg 1152w, https:\/\/www.urlaub-und-stadien.de\/wp-content\/uploads\/2026\/03\/IMG_0225-scaled.jpeg 1440w\" sizes=\"(max-width: 576px) 100vw, 576px\" \/><\/a><\/figure><\/li><\/ul><\/figure>\n\n\n\n<p class=\"has-background\" style=\"background-color:#edc863\">Verbunden sind die Kugeln durch 23 Meter lange R\u00f6hren. Alles ist hier gro\u00df genug, in den R\u00f6hren befinden sich Rolltreppen, im mittleren Rohr ein Aufzug, der die Besucher direkt in die obere Kugel bringt. Zur Er\u00f6ffnung war er mit einer Geschwindigkeit von 5 m\/s der schnellste Aufzug der Welt. (\u2026)<\/p>\n\n\n\n<figure class=\"wp-block-gallery aligncenter columns-1 is-cropped\"><ul class=\"blocks-gallery-grid\"><li class=\"blocks-gallery-item\"><figure><a href=\"https:\/\/www.urlaub-und-stadien.de\/?attachment_id=11515\"><img loading=\"lazy\" width=\"576\" height=\"1024\" src=\"https:\/\/www.urlaub-und-stadien.de\/wp-content\/uploads\/2026\/03\/IMG_0223-576x1024.jpeg\" alt=\"\" data-id=\"11515\" data-full-url=\"https:\/\/www.urlaub-und-stadien.de\/wp-content\/uploads\/2026\/03\/IMG_0223-scaled.jpeg\" data-link=\"https:\/\/www.urlaub-und-stadien.de\/?attachment_id=11515\" class=\"wp-image-11515\" srcset=\"https:\/\/www.urlaub-und-stadien.de\/wp-content\/uploads\/2026\/03\/IMG_0223-576x1024.jpeg 576w, https:\/\/www.urlaub-und-stadien.de\/wp-content\/uploads\/2026\/03\/IMG_0223-169x300.jpeg 169w, https:\/\/www.urlaub-und-stadien.de\/wp-content\/uploads\/2026\/03\/IMG_0223-768x1365.jpeg 768w, https:\/\/www.urlaub-und-stadien.de\/wp-content\/uploads\/2026\/03\/IMG_0223-864x1536.jpeg 864w, https:\/\/www.urlaub-und-stadien.de\/wp-content\/uploads\/2026\/03\/IMG_0223-1152x2048.jpeg 1152w, https:\/\/www.urlaub-und-stadien.de\/wp-content\/uploads\/2026\/03\/IMG_0223-scaled.jpeg 1440w\" sizes=\"(max-width: 576px) 100vw, 576px\" \/><\/a><\/figure><\/li><\/ul><\/figure>\n\n\n\n<p class=\"has-background\" style=\"background-color:#edc863\">Nachdem es in den 1990ern schon sichtlich in die Jahre gekommen war, wurde das Atomium von 2004 bis 2007 renoviert. Es bekam anstelle der alten Aluminiumh\u00fclle eine neue rostfreie Edelstahl-Haut, au\u00dferdem wurden LED-Leuchten angebracht, die es nachts beleuchten. 2006 brachte Belgien zur Wiederer\u00f6ffnung seines nationalen Symbols eine 2-EUR-M\u00fcnze heraus. <a href=\"https:\/\/bruessel.sehenswuerdigkeiten-online.de\/sehenswuerdigkeiten\/atomium.html\"><em><strong>Quelle<\/strong><\/em><\/a><\/p>\n\n\n\n<p>Anschlie\u00dfend weiter in die City, das zentrale Ziel ist der Grote Markt. Gro\u00df, edel und g\u00fclden kommt er daher. Anschlie\u00dfend auf dem Weg zu Manneken Pis die verzweifelte Suche nach Schokolade. Richtig ist, dass belgische Schokolade einen hervorragenden Ruf hat, nicht richtig hingegen ist, dass jede belgische Schokolade damit automatisch richtig gut schmeckt. Und so suchen wir ein Weilchen bis wir was gefunden haben.<\/p>\n\n\n\n<figure class=\"wp-block-gallery columns-2 is-cropped\"><ul class=\"blocks-gallery-grid\"><li class=\"blocks-gallery-item\"><figure><a href=\"https:\/\/www.urlaub-und-stadien.de\/?attachment_id=11519\"><img loading=\"lazy\" width=\"576\" height=\"1024\" src=\"https:\/\/www.urlaub-und-stadien.de\/wp-content\/uploads\/2026\/03\/IMG_0246-576x1024.jpeg\" alt=\"\" data-id=\"11519\" data-full-url=\"https:\/\/www.urlaub-und-stadien.de\/wp-content\/uploads\/2026\/03\/IMG_0246-scaled.jpeg\" data-link=\"https:\/\/www.urlaub-und-stadien.de\/?attachment_id=11519\" class=\"wp-image-11519\" srcset=\"https:\/\/www.urlaub-und-stadien.de\/wp-content\/uploads\/2026\/03\/IMG_0246-576x1024.jpeg 576w, https:\/\/www.urlaub-und-stadien.de\/wp-content\/uploads\/2026\/03\/IMG_0246-169x300.jpeg 169w, https:\/\/www.urlaub-und-stadien.de\/wp-content\/uploads\/2026\/03\/IMG_0246-768x1365.jpeg 768w, https:\/\/www.urlaub-und-stadien.de\/wp-content\/uploads\/2026\/03\/IMG_0246-864x1536.jpeg 864w, https:\/\/www.urlaub-und-stadien.de\/wp-content\/uploads\/2026\/03\/IMG_0246-1152x2048.jpeg 1152w, https:\/\/www.urlaub-und-stadien.de\/wp-content\/uploads\/2026\/03\/IMG_0246-scaled.jpeg 1440w\" sizes=\"(max-width: 576px) 100vw, 576px\" \/><\/a><\/figure><\/li><li class=\"blocks-gallery-item\"><figure><a href=\"https:\/\/www.urlaub-und-stadien.de\/?attachment_id=11520\"><img loading=\"lazy\" width=\"576\" height=\"1024\" src=\"https:\/\/www.urlaub-und-stadien.de\/wp-content\/uploads\/2026\/03\/IMG_0250-576x1024.jpeg\" alt=\"\" data-id=\"11520\" data-full-url=\"https:\/\/www.urlaub-und-stadien.de\/wp-content\/uploads\/2026\/03\/IMG_0250-scaled.jpeg\" data-link=\"https:\/\/www.urlaub-und-stadien.de\/?attachment_id=11520\" class=\"wp-image-11520\" srcset=\"https:\/\/www.urlaub-und-stadien.de\/wp-content\/uploads\/2026\/03\/IMG_0250-576x1024.jpeg 576w, https:\/\/www.urlaub-und-stadien.de\/wp-content\/uploads\/2026\/03\/IMG_0250-169x300.jpeg 169w, https:\/\/www.urlaub-und-stadien.de\/wp-content\/uploads\/2026\/03\/IMG_0250-768x1365.jpeg 768w, https:\/\/www.urlaub-und-stadien.de\/wp-content\/uploads\/2026\/03\/IMG_0250-864x1536.jpeg 864w, https:\/\/www.urlaub-und-stadien.de\/wp-content\/uploads\/2026\/03\/IMG_0250-1152x2048.jpeg 1152w, https:\/\/www.urlaub-und-stadien.de\/wp-content\/uploads\/2026\/03\/IMG_0250-scaled.jpeg 1440w\" sizes=\"(max-width: 576px) 100vw, 576px\" \/><\/a><\/figure><\/li><\/ul><\/figure>\n\n\n\n<p>Wir widmen uns der Moderne, allen voran das Palais des Beaux-Arts de Bruxelles (BOZAR) unweit des K\u00f6nigspalastes. Victor Horta hat es geplant, zwischen 1922 und 1929 wird es im Jugendstil erbaut, das Geb\u00e4ude hat mehrere Konzert- und Kinos\u00e4le sowie Ausstellungsr\u00e4ume. Hier findet sich alles, was zu einem guten Kulturleben ben\u00f6tigt wird: Ausstellungen, Musik, Film, Tanz, Theater, Literatur. Nach der hektischen City verweilen wir hier auf eine hei\u00dfe Schokolade.<\/p>\n\n\n\n<figure class=\"wp-block-gallery columns-1 is-cropped\"><ul class=\"blocks-gallery-grid\"><li class=\"blocks-gallery-item\"><figure><a href=\"https:\/\/www.urlaub-und-stadien.de\/?attachment_id=11521\"><img loading=\"lazy\" width=\"1024\" height=\"576\" src=\"https:\/\/www.urlaub-und-stadien.de\/wp-content\/uploads\/2026\/03\/IMG_0260-1024x576.jpeg\" alt=\"\" data-id=\"11521\" data-full-url=\"https:\/\/www.urlaub-und-stadien.de\/wp-content\/uploads\/2026\/03\/IMG_0260-scaled.jpeg\" data-link=\"https:\/\/www.urlaub-und-stadien.de\/?attachment_id=11521\" class=\"wp-image-11521\" srcset=\"https:\/\/www.urlaub-und-stadien.de\/wp-content\/uploads\/2026\/03\/IMG_0260-1024x576.jpeg 1024w, https:\/\/www.urlaub-und-stadien.de\/wp-content\/uploads\/2026\/03\/IMG_0260-300x169.jpeg 300w, https:\/\/www.urlaub-und-stadien.de\/wp-content\/uploads\/2026\/03\/IMG_0260-768x432.jpeg 768w, https:\/\/www.urlaub-und-stadien.de\/wp-content\/uploads\/2026\/03\/IMG_0260-1536x864.jpeg 1536w, https:\/\/www.urlaub-und-stadien.de\/wp-content\/uploads\/2026\/03\/IMG_0260-2048x1152.jpeg 2048w\" sizes=\"(max-width: 1024px) 100vw, 1024px\" \/><\/a><\/figure><\/li><\/ul><\/figure>\n\n\n\n<figure class=\"wp-block-gallery columns-2 is-cropped\"><ul class=\"blocks-gallery-grid\"><li class=\"blocks-gallery-item\"><figure><a href=\"https:\/\/www.urlaub-und-stadien.de\/?attachment_id=11522\"><img loading=\"lazy\" width=\"576\" height=\"1024\" src=\"https:\/\/www.urlaub-und-stadien.de\/wp-content\/uploads\/2026\/03\/IMG_0263-576x1024.jpeg\" alt=\"\" data-id=\"11522\" data-full-url=\"https:\/\/www.urlaub-und-stadien.de\/wp-content\/uploads\/2026\/03\/IMG_0263-scaled.jpeg\" data-link=\"https:\/\/www.urlaub-und-stadien.de\/?attachment_id=11522\" class=\"wp-image-11522\" srcset=\"https:\/\/www.urlaub-und-stadien.de\/wp-content\/uploads\/2026\/03\/IMG_0263-576x1024.jpeg 576w, https:\/\/www.urlaub-und-stadien.de\/wp-content\/uploads\/2026\/03\/IMG_0263-169x300.jpeg 169w, https:\/\/www.urlaub-und-stadien.de\/wp-content\/uploads\/2026\/03\/IMG_0263-768x1365.jpeg 768w, https:\/\/www.urlaub-und-stadien.de\/wp-content\/uploads\/2026\/03\/IMG_0263-864x1536.jpeg 864w, https:\/\/www.urlaub-und-stadien.de\/wp-content\/uploads\/2026\/03\/IMG_0263-1152x2048.jpeg 1152w, https:\/\/www.urlaub-und-stadien.de\/wp-content\/uploads\/2026\/03\/IMG_0263-scaled.jpeg 1440w\" sizes=\"(max-width: 576px) 100vw, 576px\" \/><\/a><\/figure><\/li><li class=\"blocks-gallery-item\"><figure><a href=\"https:\/\/www.urlaub-und-stadien.de\/?attachment_id=11523\"><img loading=\"lazy\" width=\"576\" height=\"1024\" src=\"https:\/\/www.urlaub-und-stadien.de\/wp-content\/uploads\/2026\/03\/IMG_0293-576x1024.jpeg\" alt=\"\" data-id=\"11523\" data-full-url=\"https:\/\/www.urlaub-und-stadien.de\/wp-content\/uploads\/2026\/03\/IMG_0293-scaled.jpeg\" data-link=\"https:\/\/www.urlaub-und-stadien.de\/?attachment_id=11523\" class=\"wp-image-11523\" srcset=\"https:\/\/www.urlaub-und-stadien.de\/wp-content\/uploads\/2026\/03\/IMG_0293-576x1024.jpeg 576w, https:\/\/www.urlaub-und-stadien.de\/wp-content\/uploads\/2026\/03\/IMG_0293-169x300.jpeg 169w, https:\/\/www.urlaub-und-stadien.de\/wp-content\/uploads\/2026\/03\/IMG_0293-768x1365.jpeg 768w, https:\/\/www.urlaub-und-stadien.de\/wp-content\/uploads\/2026\/03\/IMG_0293-864x1536.jpeg 864w, https:\/\/www.urlaub-und-stadien.de\/wp-content\/uploads\/2026\/03\/IMG_0293-1152x2048.jpeg 1152w, https:\/\/www.urlaub-und-stadien.de\/wp-content\/uploads\/2026\/03\/IMG_0293-scaled.jpeg 1440w\" sizes=\"(max-width: 576px) 100vw, 576px\" \/><\/a><\/figure><\/li><\/ul><\/figure>\n\n\n\n<figure class=\"wp-block-gallery columns-1 is-cropped\"><ul class=\"blocks-gallery-grid\"><li class=\"blocks-gallery-item\"><figure><a href=\"https:\/\/www.urlaub-und-stadien.de\/?attachment_id=11524\"><img loading=\"lazy\" width=\"1024\" height=\"576\" src=\"https:\/\/www.urlaub-und-stadien.de\/wp-content\/uploads\/2026\/03\/IMG_0271-1024x576.jpeg\" alt=\"\" data-id=\"11524\" data-full-url=\"https:\/\/www.urlaub-und-stadien.de\/wp-content\/uploads\/2026\/03\/IMG_0271-scaled.jpeg\" data-link=\"https:\/\/www.urlaub-und-stadien.de\/?attachment_id=11524\" class=\"wp-image-11524\" srcset=\"https:\/\/www.urlaub-und-stadien.de\/wp-content\/uploads\/2026\/03\/IMG_0271-1024x576.jpeg 1024w, https:\/\/www.urlaub-und-stadien.de\/wp-content\/uploads\/2026\/03\/IMG_0271-300x169.jpeg 300w, https:\/\/www.urlaub-und-stadien.de\/wp-content\/uploads\/2026\/03\/IMG_0271-768x432.jpeg 768w, https:\/\/www.urlaub-und-stadien.de\/wp-content\/uploads\/2026\/03\/IMG_0271-1536x864.jpeg 1536w, https:\/\/www.urlaub-und-stadien.de\/wp-content\/uploads\/2026\/03\/IMG_0271-2048x1152.jpeg 2048w\" sizes=\"(max-width: 1024px) 100vw, 1024px\" \/><\/a><\/figure><\/li><\/ul><\/figure>\n\n\n\n<p>Das Musikinstrumentenmuseum ist als Geb\u00e4ude total schick, f\u00fcr das Museum fehlt i-wie bissel die Zeit, es geht weiter zum H\u00f4tel van Eetvelde und vor allem zur Maison Saint-Cyr. Leider in der Winterzeit mit eingeschr\u00e4nkten \u00d6ffnungszeiten, Br\u00fcssel will offenbar noch einmal besucht werden.<\/p>\n\n\n\n<figure class=\"wp-block-gallery columns-2 is-cropped\"><ul class=\"blocks-gallery-grid\"><li class=\"blocks-gallery-item\"><figure><a href=\"https:\/\/www.urlaub-und-stadien.de\/?attachment_id=11525\"><img loading=\"lazy\" width=\"576\" height=\"1024\" src=\"https:\/\/www.urlaub-und-stadien.de\/wp-content\/uploads\/2026\/03\/IMG_0331-576x1024.jpeg\" alt=\"\" data-id=\"11525\" data-full-url=\"https:\/\/www.urlaub-und-stadien.de\/wp-content\/uploads\/2026\/03\/IMG_0331-scaled.jpeg\" data-link=\"https:\/\/www.urlaub-und-stadien.de\/?attachment_id=11525\" class=\"wp-image-11525\" srcset=\"https:\/\/www.urlaub-und-stadien.de\/wp-content\/uploads\/2026\/03\/IMG_0331-576x1024.jpeg 576w, https:\/\/www.urlaub-und-stadien.de\/wp-content\/uploads\/2026\/03\/IMG_0331-169x300.jpeg 169w, https:\/\/www.urlaub-und-stadien.de\/wp-content\/uploads\/2026\/03\/IMG_0331-768x1365.jpeg 768w, https:\/\/www.urlaub-und-stadien.de\/wp-content\/uploads\/2026\/03\/IMG_0331-864x1536.jpeg 864w, https:\/\/www.urlaub-und-stadien.de\/wp-content\/uploads\/2026\/03\/IMG_0331-1152x2048.jpeg 1152w, https:\/\/www.urlaub-und-stadien.de\/wp-content\/uploads\/2026\/03\/IMG_0331-scaled.jpeg 1440w\" sizes=\"(max-width: 576px) 100vw, 576px\" \/><\/a><\/figure><\/li><li class=\"blocks-gallery-item\"><figure><a href=\"https:\/\/www.urlaub-und-stadien.de\/?attachment_id=11526\"><img loading=\"lazy\" width=\"576\" height=\"1024\" src=\"https:\/\/www.urlaub-und-stadien.de\/wp-content\/uploads\/2026\/03\/IMG_0334-576x1024.jpeg\" alt=\"\" data-id=\"11526\" data-full-url=\"https:\/\/www.urlaub-und-stadien.de\/wp-content\/uploads\/2026\/03\/IMG_0334-scaled.jpeg\" data-link=\"https:\/\/www.urlaub-und-stadien.de\/?attachment_id=11526\" class=\"wp-image-11526\" srcset=\"https:\/\/www.urlaub-und-stadien.de\/wp-content\/uploads\/2026\/03\/IMG_0334-576x1024.jpeg 576w, https:\/\/www.urlaub-und-stadien.de\/wp-content\/uploads\/2026\/03\/IMG_0334-169x300.jpeg 169w, https:\/\/www.urlaub-und-stadien.de\/wp-content\/uploads\/2026\/03\/IMG_0334-768x1365.jpeg 768w, https:\/\/www.urlaub-und-stadien.de\/wp-content\/uploads\/2026\/03\/IMG_0334-864x1536.jpeg 864w, https:\/\/www.urlaub-und-stadien.de\/wp-content\/uploads\/2026\/03\/IMG_0334-1152x2048.jpeg 1152w, https:\/\/www.urlaub-und-stadien.de\/wp-content\/uploads\/2026\/03\/IMG_0334-scaled.jpeg 1440w\" sizes=\"(max-width: 576px) 100vw, 576px\" \/><\/a><\/figure><\/li><\/ul><\/figure>\n\n\n\n<figure class=\"wp-block-gallery columns-1 is-cropped\"><ul class=\"blocks-gallery-grid\"><li class=\"blocks-gallery-item\"><figure><a href=\"https:\/\/www.urlaub-und-stadien.de\/?attachment_id=11527\"><img loading=\"lazy\" width=\"1024\" height=\"576\" src=\"https:\/\/www.urlaub-und-stadien.de\/wp-content\/uploads\/2026\/03\/IMG_0348-1024x576.jpeg\" alt=\"\" data-id=\"11527\" data-full-url=\"https:\/\/www.urlaub-und-stadien.de\/wp-content\/uploads\/2026\/03\/IMG_0348-scaled.jpeg\" data-link=\"https:\/\/www.urlaub-und-stadien.de\/?attachment_id=11527\" class=\"wp-image-11527\" srcset=\"https:\/\/www.urlaub-und-stadien.de\/wp-content\/uploads\/2026\/03\/IMG_0348-1024x576.jpeg 1024w, https:\/\/www.urlaub-und-stadien.de\/wp-content\/uploads\/2026\/03\/IMG_0348-300x169.jpeg 300w, https:\/\/www.urlaub-und-stadien.de\/wp-content\/uploads\/2026\/03\/IMG_0348-768x432.jpeg 768w, https:\/\/www.urlaub-und-stadien.de\/wp-content\/uploads\/2026\/03\/IMG_0348-1536x864.jpeg 1536w, https:\/\/www.urlaub-und-stadien.de\/wp-content\/uploads\/2026\/03\/IMG_0348-2048x1152.jpeg 2048w\" sizes=\"(max-width: 1024px) 100vw, 1024px\" \/><\/a><\/figure><\/li><\/ul><\/figure>\n\n\n\n<p>Die Sonne verliert langsam an H\u00f6he, ein abschlie\u00dfendes Highlight soll es aber noch sein: die Villa Empain.<\/p>\n\n\n\n<p>Die Architektur ist bemerkenswert, die verarbeiteten Materialien au\u00dfergew\u00f6hnlich. Art d\u00e9co: poliertes Baveno-Granit als Fassadenverkleidung, Messing-Schutzleisten mit Blattgold belegt, Marmor und Tropenh\u00f6lzer, Walnuss, Walnuss-Wurzelh\u00f6lzer, Eichenh\u00f6lzer in B\u00f6den und Vert\u00e4felungen. Und dann trifft Art d\u00e8co das Bauhaus: handwerklich vollendet verarbeitete Details kombinieren sich mit klaren, einfachen Linien, symmetrischen Rastern, kaum \u00fcberfl\u00fcssigen Details. <a href=\"https:\/\/de.wikipedia.org\/wiki\/Villa_Empain\"><em><strong>Unfassbar spannend<\/strong><\/em><\/a>.<\/p>\n\n\n\n<figure class=\"wp-block-gallery columns-1 is-cropped\"><ul class=\"blocks-gallery-grid\"><li class=\"blocks-gallery-item\"><figure><a href=\"https:\/\/www.urlaub-und-stadien.de\/?attachment_id=11528\"><img loading=\"lazy\" width=\"1024\" height=\"576\" src=\"https:\/\/www.urlaub-und-stadien.de\/wp-content\/uploads\/2026\/03\/IMG_0354-1024x576.jpeg\" alt=\"\" data-id=\"11528\" data-full-url=\"https:\/\/www.urlaub-und-stadien.de\/wp-content\/uploads\/2026\/03\/IMG_0354-scaled.jpeg\" data-link=\"https:\/\/www.urlaub-und-stadien.de\/?attachment_id=11528\" class=\"wp-image-11528\" srcset=\"https:\/\/www.urlaub-und-stadien.de\/wp-content\/uploads\/2026\/03\/IMG_0354-1024x576.jpeg 1024w, https:\/\/www.urlaub-und-stadien.de\/wp-content\/uploads\/2026\/03\/IMG_0354-300x169.jpeg 300w, https:\/\/www.urlaub-und-stadien.de\/wp-content\/uploads\/2026\/03\/IMG_0354-768x432.jpeg 768w, https:\/\/www.urlaub-und-stadien.de\/wp-content\/uploads\/2026\/03\/IMG_0354-1536x864.jpeg 1536w, https:\/\/www.urlaub-und-stadien.de\/wp-content\/uploads\/2026\/03\/IMG_0354-2048x1152.jpeg 2048w\" sizes=\"(max-width: 1024px) 100vw, 1024px\" \/><\/a><\/figure><\/li><\/ul><\/figure>\n\n\n\n<p>Die Geschichte ist alles andere als geradlinig: Von 1930 bis 1935 von Michel Polak im Auftrag von Baron Louis Empain, Sohn von \u00c9douard Louis Joseph Empain, errichtet.<\/p>\n\n\n\n<figure class=\"wp-block-gallery columns-1 is-cropped\"><ul class=\"blocks-gallery-grid\"><li class=\"blocks-gallery-item\"><figure><a href=\"https:\/\/www.urlaub-und-stadien.de\/?attachment_id=11529\"><img loading=\"lazy\" width=\"1024\" height=\"576\" src=\"https:\/\/www.urlaub-und-stadien.de\/wp-content\/uploads\/2026\/03\/IMG_0355-1024x576.jpeg\" alt=\"\" data-id=\"11529\" data-full-url=\"https:\/\/www.urlaub-und-stadien.de\/wp-content\/uploads\/2026\/03\/IMG_0355-scaled.jpeg\" data-link=\"https:\/\/www.urlaub-und-stadien.de\/?attachment_id=11529\" class=\"wp-image-11529\" srcset=\"https:\/\/www.urlaub-und-stadien.de\/wp-content\/uploads\/2026\/03\/IMG_0355-1024x576.jpeg 1024w, https:\/\/www.urlaub-und-stadien.de\/wp-content\/uploads\/2026\/03\/IMG_0355-300x169.jpeg 300w, https:\/\/www.urlaub-und-stadien.de\/wp-content\/uploads\/2026\/03\/IMG_0355-768x432.jpeg 768w, https:\/\/www.urlaub-und-stadien.de\/wp-content\/uploads\/2026\/03\/IMG_0355-1536x864.jpeg 1536w, https:\/\/www.urlaub-und-stadien.de\/wp-content\/uploads\/2026\/03\/IMG_0355-2048x1152.jpeg 2048w\" sizes=\"(max-width: 1024px) 100vw, 1024px\" \/><\/a><\/figure><\/li><\/ul><\/figure>\n\n\n\n<p class=\"has-background\" style=\"background-color:#edc863\">Das Geb\u00e4ude war zun\u00e4chst als Wohnhaus geplant, der Bauherr stellte aber schnell fest, dass er ein Kunstwerk erschaffen hatte, das sich nicht zum Wohnen eignete. Es ist umstritten, ob er je wirklich im Geb\u00e4ude gelebt hatte, vermutet wird eine Nutzung f\u00fcr etwa ein Jahr, anschlie\u00dfend zog Empain nach Kanada. Deshalb schenkte Louis Empain die Villa 1937 dem belgischen Staat mit der Auflage, dass es nur als Museum genutzt werden d\u00fcrfe.<\/p>\n\n\n\n<figure class=\"wp-block-gallery columns-1 is-cropped\"><ul class=\"blocks-gallery-grid\"><li class=\"blocks-gallery-item\"><figure><a href=\"https:\/\/www.urlaub-und-stadien.de\/?attachment_id=11530\"><img loading=\"lazy\" width=\"1024\" height=\"576\" src=\"https:\/\/www.urlaub-und-stadien.de\/wp-content\/uploads\/2026\/03\/IMG_0365-1024x576.jpeg\" alt=\"\" data-id=\"11530\" data-full-url=\"https:\/\/www.urlaub-und-stadien.de\/wp-content\/uploads\/2026\/03\/IMG_0365-scaled.jpeg\" data-link=\"https:\/\/www.urlaub-und-stadien.de\/?attachment_id=11530\" class=\"wp-image-11530\" srcset=\"https:\/\/www.urlaub-und-stadien.de\/wp-content\/uploads\/2026\/03\/IMG_0365-1024x576.jpeg 1024w, https:\/\/www.urlaub-und-stadien.de\/wp-content\/uploads\/2026\/03\/IMG_0365-300x169.jpeg 300w, https:\/\/www.urlaub-und-stadien.de\/wp-content\/uploads\/2026\/03\/IMG_0365-768x432.jpeg 768w, https:\/\/www.urlaub-und-stadien.de\/wp-content\/uploads\/2026\/03\/IMG_0365-1536x864.jpeg 1536w, https:\/\/www.urlaub-und-stadien.de\/wp-content\/uploads\/2026\/03\/IMG_0365-2048x1152.jpeg 2048w\" sizes=\"(max-width: 1024px) 100vw, 1024px\" \/><\/a><\/figure><\/li><li class=\"blocks-gallery-item\"><figure><a href=\"https:\/\/www.urlaub-und-stadien.de\/?attachment_id=11531\"><img loading=\"lazy\" width=\"1024\" height=\"576\" src=\"https:\/\/www.urlaub-und-stadien.de\/wp-content\/uploads\/2026\/03\/IMG_0380-1024x576.jpeg\" alt=\"\" data-id=\"11531\" data-full-url=\"https:\/\/www.urlaub-und-stadien.de\/wp-content\/uploads\/2026\/03\/IMG_0380-scaled.jpeg\" data-link=\"https:\/\/www.urlaub-und-stadien.de\/?attachment_id=11531\" class=\"wp-image-11531\" srcset=\"https:\/\/www.urlaub-und-stadien.de\/wp-content\/uploads\/2026\/03\/IMG_0380-1024x576.jpeg 1024w, https:\/\/www.urlaub-und-stadien.de\/wp-content\/uploads\/2026\/03\/IMG_0380-300x169.jpeg 300w, https:\/\/www.urlaub-und-stadien.de\/wp-content\/uploads\/2026\/03\/IMG_0380-768x432.jpeg 768w, https:\/\/www.urlaub-und-stadien.de\/wp-content\/uploads\/2026\/03\/IMG_0380-1536x864.jpeg 1536w, https:\/\/www.urlaub-und-stadien.de\/wp-content\/uploads\/2026\/03\/IMG_0380-2048x1152.jpeg 2048w\" sizes=\"(max-width: 1024px) 100vw, 1024px\" \/><\/a><\/figure><\/li><\/ul><\/figure>\n\n\n\n<p class=\"has-background\" style=\"background-color:#edc863\">Im November 1943 wurde es von der Wehrmacht als Sitz des Ortskommandanten f\u00fcr die deutsche Besatzung Belgiens beschlagnahmt. Nach dem Krieg \u00fcbergab Paul-Henri Spaak 1947 aus nicht mehr aufzukl\u00e4renden Gr\u00fcnden ohne R\u00fccksicht auf die Schenkungsbedingungen die Villa an die Sowjetunion, damit sie darin ihre Botschaft einrichtete.<\/p>\n\n\n\n<figure class=\"wp-block-gallery aligncenter columns-1 is-cropped\"><ul class=\"blocks-gallery-grid\"><li class=\"blocks-gallery-item\"><figure><a href=\"https:\/\/www.urlaub-und-stadien.de\/?attachment_id=11532\"><img loading=\"lazy\" width=\"800\" height=\"1024\" src=\"https:\/\/www.urlaub-und-stadien.de\/wp-content\/uploads\/2026\/03\/IMG_0391-800x1024.jpeg\" alt=\"\" data-id=\"11532\" data-full-url=\"https:\/\/www.urlaub-und-stadien.de\/wp-content\/uploads\/2026\/03\/IMG_0391-scaled.jpeg\" data-link=\"https:\/\/www.urlaub-und-stadien.de\/?attachment_id=11532\" class=\"wp-image-11532\" srcset=\"https:\/\/www.urlaub-und-stadien.de\/wp-content\/uploads\/2026\/03\/IMG_0391-800x1024.jpeg 800w, https:\/\/www.urlaub-und-stadien.de\/wp-content\/uploads\/2026\/03\/IMG_0391-234x300.jpeg 234w, https:\/\/www.urlaub-und-stadien.de\/wp-content\/uploads\/2026\/03\/IMG_0391-768x983.jpeg 768w, https:\/\/www.urlaub-und-stadien.de\/wp-content\/uploads\/2026\/03\/IMG_0391-1200x1536.jpeg 1200w, https:\/\/www.urlaub-und-stadien.de\/wp-content\/uploads\/2026\/03\/IMG_0391-1600x2048.jpeg 1600w, https:\/\/www.urlaub-und-stadien.de\/wp-content\/uploads\/2026\/03\/IMG_0391-scaled.jpeg 1999w\" sizes=\"(max-width: 800px) 100vw, 800px\" \/><\/a><\/figure><\/li><\/ul><\/figure>\n\n\n\n<p class=\"has-background\" style=\"background-color:#edc863\">Diese Entscheidung wurde von der Familie Empain unter Berufung auf die Zweckbestimmung als Museum von 1937 \u00fcber Jahre angefochten, so dass die Sowjetunion 1964 ausziehen musste und die Villa an Louis Empain zur\u00fcckgegeben wurde. Der nutzte sie wieder als Ausstellungsort, bevor er sie 1973 an Harry Tcherkezian verkaufte, einen armenischen Gesch\u00e4ftsmann mit Sitz in den USA. Dieser vermietete das Haus. Von 1980 bis 1993 war der Sender RTL Mieter.<\/p>\n\n\n\n<figure class=\"wp-block-gallery columns-2 is-cropped\"><ul class=\"blocks-gallery-grid\"><li class=\"blocks-gallery-item\"><figure><a href=\"https:\/\/www.urlaub-und-stadien.de\/?attachment_id=11533\"><img loading=\"lazy\" width=\"576\" height=\"1024\" src=\"https:\/\/www.urlaub-und-stadien.de\/wp-content\/uploads\/2026\/03\/IMG_0395-576x1024.jpeg\" alt=\"\" data-id=\"11533\" data-full-url=\"https:\/\/www.urlaub-und-stadien.de\/wp-content\/uploads\/2026\/03\/IMG_0395-scaled.jpeg\" data-link=\"https:\/\/www.urlaub-und-stadien.de\/?attachment_id=11533\" class=\"wp-image-11533\" srcset=\"https:\/\/www.urlaub-und-stadien.de\/wp-content\/uploads\/2026\/03\/IMG_0395-576x1024.jpeg 576w, https:\/\/www.urlaub-und-stadien.de\/wp-content\/uploads\/2026\/03\/IMG_0395-169x300.jpeg 169w, https:\/\/www.urlaub-und-stadien.de\/wp-content\/uploads\/2026\/03\/IMG_0395-768x1365.jpeg 768w, https:\/\/www.urlaub-und-stadien.de\/wp-content\/uploads\/2026\/03\/IMG_0395-864x1536.jpeg 864w, https:\/\/www.urlaub-und-stadien.de\/wp-content\/uploads\/2026\/03\/IMG_0395-1152x2048.jpeg 1152w, https:\/\/www.urlaub-und-stadien.de\/wp-content\/uploads\/2026\/03\/IMG_0395-scaled.jpeg 1440w\" sizes=\"(max-width: 576px) 100vw, 576px\" \/><\/a><\/figure><\/li><li class=\"blocks-gallery-item\"><figure><a href=\"https:\/\/www.urlaub-und-stadien.de\/?attachment_id=11534\"><img loading=\"lazy\" width=\"576\" height=\"1024\" src=\"https:\/\/www.urlaub-und-stadien.de\/wp-content\/uploads\/2026\/03\/IMG_0415-576x1024.jpeg\" alt=\"\" data-id=\"11534\" data-full-url=\"https:\/\/www.urlaub-und-stadien.de\/wp-content\/uploads\/2026\/03\/IMG_0415-scaled.jpeg\" data-link=\"https:\/\/www.urlaub-und-stadien.de\/?attachment_id=11534\" class=\"wp-image-11534\" srcset=\"https:\/\/www.urlaub-und-stadien.de\/wp-content\/uploads\/2026\/03\/IMG_0415-576x1024.jpeg 576w, https:\/\/www.urlaub-und-stadien.de\/wp-content\/uploads\/2026\/03\/IMG_0415-169x300.jpeg 169w, https:\/\/www.urlaub-und-stadien.de\/wp-content\/uploads\/2026\/03\/IMG_0415-768x1365.jpeg 768w, https:\/\/www.urlaub-und-stadien.de\/wp-content\/uploads\/2026\/03\/IMG_0415-864x1536.jpeg 864w, https:\/\/www.urlaub-und-stadien.de\/wp-content\/uploads\/2026\/03\/IMG_0415-1152x2048.jpeg 1152w, https:\/\/www.urlaub-und-stadien.de\/wp-content\/uploads\/2026\/03\/IMG_0415-scaled.jpeg 1440w\" sizes=\"(max-width: 576px) 100vw, 576px\" \/><\/a><\/figure><\/li><\/ul><\/figure>\n\n\n\n<p class=\"has-background\" style=\"background-color:#edc863\">Anschlie\u00dfend verfiel die Villa und wurde Opfer von Vandalismus. 2001 wurde sie auf die Liste des sch\u00fctzenswerten Br\u00fcsseler baulichen Erbes gesetzt und 2006 durch die Fondation Boghossian gekauft. Von 2007 bis 2011 wurde die Villa mit einem Aufwand von \u00fcber 5 Mio. Euro restauriert, wof\u00fcr die Fondation 2011 einen Europa-Nostra-Preis erhielt. Seit 2007 steht die Villa unter Denkmalschutz. Sie ist Sitz der international t\u00e4tigen Fondation Boghossian und wird zudem f\u00fcr Ausstellungen genutzt. <a href=\"https:\/\/de.wikipedia.org\/wiki\/Villa_Empain\"><em><strong>Quelle<\/strong><\/em><\/a><\/p>\n\n\n\n<figure class=\"wp-block-gallery columns-1 is-cropped\"><ul class=\"blocks-gallery-grid\"><li class=\"blocks-gallery-item\"><figure><a href=\"https:\/\/www.urlaub-und-stadien.de\/?attachment_id=11535\"><img loading=\"lazy\" width=\"1024\" height=\"576\" src=\"https:\/\/www.urlaub-und-stadien.de\/wp-content\/uploads\/2026\/03\/IMG_0426-1024x576.jpeg\" alt=\"\" data-id=\"11535\" data-full-url=\"https:\/\/www.urlaub-und-stadien.de\/wp-content\/uploads\/2026\/03\/IMG_0426-scaled.jpeg\" data-link=\"https:\/\/www.urlaub-und-stadien.de\/?attachment_id=11535\" class=\"wp-image-11535\" srcset=\"https:\/\/www.urlaub-und-stadien.de\/wp-content\/uploads\/2026\/03\/IMG_0426-1024x576.jpeg 1024w, https:\/\/www.urlaub-und-stadien.de\/wp-content\/uploads\/2026\/03\/IMG_0426-300x169.jpeg 300w, https:\/\/www.urlaub-und-stadien.de\/wp-content\/uploads\/2026\/03\/IMG_0426-768x432.jpeg 768w, https:\/\/www.urlaub-und-stadien.de\/wp-content\/uploads\/2026\/03\/IMG_0426-1536x864.jpeg 1536w, https:\/\/www.urlaub-und-stadien.de\/wp-content\/uploads\/2026\/03\/IMG_0426-2048x1152.jpeg 2048w\" sizes=\"(max-width: 1024px) 100vw, 1024px\" \/><\/a><\/figure><\/li><li class=\"blocks-gallery-item\"><figure><a href=\"https:\/\/www.urlaub-und-stadien.de\/?attachment_id=11536\"><img loading=\"lazy\" width=\"1024\" height=\"576\" src=\"https:\/\/www.urlaub-und-stadien.de\/wp-content\/uploads\/2026\/03\/IMG_0429-1024x576.jpeg\" alt=\"\" data-id=\"11536\" data-full-url=\"https:\/\/www.urlaub-und-stadien.de\/wp-content\/uploads\/2026\/03\/IMG_0429-scaled.jpeg\" data-link=\"https:\/\/www.urlaub-und-stadien.de\/?attachment_id=11536\" class=\"wp-image-11536\" srcset=\"https:\/\/www.urlaub-und-stadien.de\/wp-content\/uploads\/2026\/03\/IMG_0429-1024x576.jpeg 1024w, https:\/\/www.urlaub-und-stadien.de\/wp-content\/uploads\/2026\/03\/IMG_0429-300x169.jpeg 300w, https:\/\/www.urlaub-und-stadien.de\/wp-content\/uploads\/2026\/03\/IMG_0429-768x432.jpeg 768w, https:\/\/www.urlaub-und-stadien.de\/wp-content\/uploads\/2026\/03\/IMG_0429-1536x864.jpeg 1536w, https:\/\/www.urlaub-und-stadien.de\/wp-content\/uploads\/2026\/03\/IMG_0429-2048x1152.jpeg 2048w\" sizes=\"(max-width: 1024px) 100vw, 1024px\" \/><\/a><\/figure><\/li><\/ul><\/figure>\n\n\n\n<p>Ein grandioser Abschluss, so l\u00e4sst sich entspannt nach Magdeburg zur\u00fcckfahren:-)<\/p>\n\n\n\n<figure class=\"wp-block-gallery aligncenter columns-1 is-cropped\"><ul class=\"blocks-gallery-grid\"><li class=\"blocks-gallery-item\"><figure><a href=\"https:\/\/www.urlaub-und-stadien.de\/?attachment_id=11537\"><img loading=\"lazy\" width=\"576\" height=\"1024\" src=\"https:\/\/www.urlaub-und-stadien.de\/wp-content\/uploads\/2026\/03\/IMG_0423-576x1024.jpeg\" alt=\"\" data-id=\"11537\" data-full-url=\"https:\/\/www.urlaub-und-stadien.de\/wp-content\/uploads\/2026\/03\/IMG_0423-scaled.jpeg\" data-link=\"https:\/\/www.urlaub-und-stadien.de\/?attachment_id=11537\" class=\"wp-image-11537\" srcset=\"https:\/\/www.urlaub-und-stadien.de\/wp-content\/uploads\/2026\/03\/IMG_0423-576x1024.jpeg 576w, https:\/\/www.urlaub-und-stadien.de\/wp-content\/uploads\/2026\/03\/IMG_0423-169x300.jpeg 169w, https:\/\/www.urlaub-und-stadien.de\/wp-content\/uploads\/2026\/03\/IMG_0423-768x1365.jpeg 768w, https:\/\/www.urlaub-und-stadien.de\/wp-content\/uploads\/2026\/03\/IMG_0423-864x1536.jpeg 864w, https:\/\/www.urlaub-und-stadien.de\/wp-content\/uploads\/2026\/03\/IMG_0423-1152x2048.jpeg 1152w, https:\/\/www.urlaub-und-stadien.de\/wp-content\/uploads\/2026\/03\/IMG_0423-scaled.jpeg 1440w\" sizes=\"(max-width: 576px) 100vw, 576px\" \/><\/a><\/figure><\/li><\/ul><\/figure>\n\n\n\n<p>Links zum Art Nouveau in Br\u00fcssel: <a href=\"https:\/\/www.visit.brussels\/de\/besucher\/unternehmungen\/art-nouveau-pass\">Link I<\/a> &#8211; <a href=\"https:\/\/www.visit.brussels\/de\/besucher\/veranstaltungskalender\/brussel-hauptstadt-des-jugendstils%20%20\">Link II<\/a> &#8211; <a href=\"https:\/\/www.visit.brussels\/en\/visitors\/plan-your-trip\/Tramway-from-schaerbeek-to-uccle-brussels-art-nouveau\">Link III<\/a> &#8211; <a href=\"https:\/\/www.visit.brussels\/de\/besucher\/unternehmungen\/art-deco-architektur-bruessel\">Link IV<\/a><\/p>\n","protected":false},"excerpt":{"rendered":"<p>Belgien, insbesondere mit Br\u00fcgge, ist ja immer wieder reizvoll und so geht&#8217;s mit der Ma zwischen den Tagen nach Br\u00fcgge, Gent und Br\u00fcssel.<\/p>\n","protected":false},"author":1,"featured_media":0,"comment_status":"open","ping_status":"open","sticky":true,"template":"","format":"standard","meta":[],"categories":[7,3,6,4],"tags":[],"_links":{"self":[{"href":"https:\/\/www.urlaub-und-stadien.de\/index.php?rest_route=\/wp\/v2\/posts\/11494"}],"collection":[{"href":"https:\/\/www.urlaub-und-stadien.de\/index.php?rest_route=\/wp\/v2\/posts"}],"about":[{"href":"https:\/\/www.urlaub-und-stadien.de\/index.php?rest_route=\/wp\/v2\/types\/post"}],"author":[{"embeddable":true,"href":"https:\/\/www.urlaub-und-stadien.de\/index.php?rest_route=\/wp\/v2\/users\/1"}],"replies":[{"embeddable":true,"href":"https:\/\/www.urlaub-und-stadien.de\/index.php?rest_route=%2Fwp%2Fv2%2Fcomments&post=11494"}],"version-history":[{"count":5,"href":"https:\/\/www.urlaub-und-stadien.de\/index.php?rest_route=\/wp\/v2\/posts\/11494\/revisions"}],"predecessor-version":[{"id":11623,"href":"https:\/\/www.urlaub-und-stadien.de\/index.php?rest_route=\/wp\/v2\/posts\/11494\/revisions\/11623"}],"wp:attachment":[{"href":"https:\/\/www.urlaub-und-stadien.de\/index.php?rest_route=%2Fwp%2Fv2%2Fmedia&parent=11494"}],"wp:term":[{"taxonomy":"category","embeddable":true,"href":"https:\/\/www.urlaub-und-stadien.de\/index.php?rest_route=%2Fwp%2Fv2%2Fcategories&post=11494"},{"taxonomy":"post_tag","embeddable":true,"href":"https:\/\/www.urlaub-und-stadien.de\/index.php?rest_route=%2Fwp%2Fv2%2Ftags&post=11494"}],"curies":[{"name":"wp","href":"https:\/\/api.w.org\/{rel}","templated":true}]}}