{"id":9255,"date":"2023-04-10T18:24:00","date_gmt":"2023-04-10T18:24:00","guid":{"rendered":"https:\/\/www.urlaub-und-stadien.de\/?p=9255"},"modified":"2024-11-16T17:32:30","modified_gmt":"2024-11-16T17:32:30","slug":"bruegge-holland-april-2023","status":"publish","type":"post","link":"http:\/\/www.urlaub-und-stadien.de\/?p=9255","title":{"rendered":"BR\u00dcGGE \/ HOLLAND &#8211; April : 2023"},"content":{"rendered":"\n<figure class=\"wp-block-gallery columns-1 is-cropped\"><ul class=\"blocks-gallery-grid\"><li class=\"blocks-gallery-item\"><figure><a href=\"https:\/\/www.urlaub-und-stadien.de\/?attachment_id=9256\"><img loading=\"lazy\" width=\"1024\" height=\"575\" src=\"https:\/\/www.urlaub-und-stadien.de\/wp-content\/uploads\/2023\/05\/DSC_2317-1024x575.jpg\" alt=\"\" data-id=\"9256\" data-full-url=\"https:\/\/www.urlaub-und-stadien.de\/wp-content\/uploads\/2023\/05\/DSC_2317-scaled.jpg\" data-link=\"https:\/\/www.urlaub-und-stadien.de\/?attachment_id=9256\" class=\"wp-image-9256\" srcset=\"http:\/\/www.urlaub-und-stadien.de\/wp-content\/uploads\/2023\/05\/DSC_2317-1024x575.jpg 1024w, http:\/\/www.urlaub-und-stadien.de\/wp-content\/uploads\/2023\/05\/DSC_2317-300x169.jpg 300w, http:\/\/www.urlaub-und-stadien.de\/wp-content\/uploads\/2023\/05\/DSC_2317-768x432.jpg 768w, http:\/\/www.urlaub-und-stadien.de\/wp-content\/uploads\/2023\/05\/DSC_2317-1536x863.jpg 1536w, http:\/\/www.urlaub-und-stadien.de\/wp-content\/uploads\/2023\/05\/DSC_2317-2048x1151.jpg 2048w\" sizes=\"(max-width: 1024px) 100vw, 1024px\" \/><\/a><\/figure><\/li><\/ul><\/figure>\n\n\n\n<p class=\"has-text-align-center\"><strong>Den Punkt in Karlsruhe nehmen wir trotz mehr als zweifelhafter Schiedsrichterleistung noch mit, zwei Tage sp\u00e4ter starten Henning, SchAppi und ich gen Belgien und Holland. Ein Kurztrip kurz vor Ostern.<\/strong><\/p>\n\n\n\n<!--more-->\n\n\n\n<p>Locker kommen wir durch, am Nachmittag sind wir in Br\u00fcgge. Das erste Ziel ist erreicht. Einchecken, auf in die Stadt. Lang her, dass ich hier war, hatte fast vergessen, wie pittoresk die Stadt ist. Davon \u00fcberzeugen wir uns am n\u00e4chsten Tag gleich nochmal, inklusive Belfried aus dem 13. Jahrhundert. Also zumindest in der urspr\u00fcnglichen Form. Zwei Mal ist er abgebrannt, ein drittes Mal die Spitze, woraufhin er die heutige neogotische steinerne Krone bekam. \u00dcberragender Blick von da oben, die alte Hansestadt liegt uns zu F\u00fc\u00dfen.<\/p>\n\n\n\n<figure class=\"wp-block-gallery columns-1 is-cropped\"><ul class=\"blocks-gallery-grid\"><li class=\"blocks-gallery-item\"><figure><a href=\"https:\/\/www.urlaub-und-stadien.de\/?attachment_id=9257\"><img loading=\"lazy\" width=\"1024\" height=\"575\" src=\"https:\/\/www.urlaub-und-stadien.de\/wp-content\/uploads\/2023\/05\/DSC_2158-1024x575.jpg\" alt=\"\" data-id=\"9257\" data-full-url=\"https:\/\/www.urlaub-und-stadien.de\/wp-content\/uploads\/2023\/05\/DSC_2158-scaled.jpg\" data-link=\"https:\/\/www.urlaub-und-stadien.de\/?attachment_id=9257\" class=\"wp-image-9257\" srcset=\"http:\/\/www.urlaub-und-stadien.de\/wp-content\/uploads\/2023\/05\/DSC_2158-1024x575.jpg 1024w, http:\/\/www.urlaub-und-stadien.de\/wp-content\/uploads\/2023\/05\/DSC_2158-300x169.jpg 300w, http:\/\/www.urlaub-und-stadien.de\/wp-content\/uploads\/2023\/05\/DSC_2158-768x431.jpg 768w, http:\/\/www.urlaub-und-stadien.de\/wp-content\/uploads\/2023\/05\/DSC_2158-1536x863.jpg 1536w, http:\/\/www.urlaub-und-stadien.de\/wp-content\/uploads\/2023\/05\/DSC_2158-2048x1150.jpg 2048w\" sizes=\"(max-width: 1024px) 100vw, 1024px\" \/><\/a><\/figure><\/li><li class=\"blocks-gallery-item\"><figure><a href=\"https:\/\/www.urlaub-und-stadien.de\/?attachment_id=9258\"><img loading=\"lazy\" width=\"1024\" height=\"575\" src=\"https:\/\/www.urlaub-und-stadien.de\/wp-content\/uploads\/2023\/05\/DSC_2161-1024x575.jpg\" alt=\"\" data-id=\"9258\" data-full-url=\"https:\/\/www.urlaub-und-stadien.de\/wp-content\/uploads\/2023\/05\/DSC_2161-scaled.jpg\" data-link=\"https:\/\/www.urlaub-und-stadien.de\/?attachment_id=9258\" class=\"wp-image-9258\" srcset=\"http:\/\/www.urlaub-und-stadien.de\/wp-content\/uploads\/2023\/05\/DSC_2161-1024x575.jpg 1024w, http:\/\/www.urlaub-und-stadien.de\/wp-content\/uploads\/2023\/05\/DSC_2161-300x169.jpg 300w, http:\/\/www.urlaub-und-stadien.de\/wp-content\/uploads\/2023\/05\/DSC_2161-768x431.jpg 768w, http:\/\/www.urlaub-und-stadien.de\/wp-content\/uploads\/2023\/05\/DSC_2161-1536x863.jpg 1536w, http:\/\/www.urlaub-und-stadien.de\/wp-content\/uploads\/2023\/05\/DSC_2161-2048x1151.jpg 2048w\" sizes=\"(max-width: 1024px) 100vw, 1024px\" \/><\/a><\/figure><\/li><\/ul><\/figure>\n\n\n\n<p class=\"has-vivid-cyan-blue-color has-luminous-vivid-amber-background-color has-text-color has-background\">&#8222;Durch seine g\u00fcnstige Lage und die Verbindung zum Meer entwickelte sich Br\u00fcgge bereits im fr\u00fchen Mittelalter zu einer betriebsamen internationalen Handelsstadt mit Hafen. Gleichzeitig wuchs die befestigte Siedlung dank der Pr\u00e4senz der fl\u00e4mischen Grafen, die von Br\u00fcgge aus die Grafschaft Flandern verwalteten, zu einem m\u00e4chtigen politischen Bollwerk heran. Im 13. Jahrhundert durfte sich Br\u00fcgge damit br\u00fcsten, das wichtigste Handelszentrum in Nordwesteuropa zu sein und Handelsleute aus ganz Europa lie\u00dfen sich in der Stadt nieder.<\/p>\n\n\n\n<p class=\"has-vivid-cyan-blue-color has-luminous-vivid-amber-background-color has-text-color has-background\">Der Name des Oosterlingen-Platzes in der Innenstadt bezieht sich auf die deutschen Kaufleute (\u201eOosterlingen\u201c oder \u201eOstler\u201c), die Gesch\u00e4fte machten und hier ihren Sitz hatten. In Br\u00fcgge befand sich den wichtigsten hanseatische Handelsposten der Deutschen Hanse (Handelsnetz von rund 200 St\u00e4dten).&nbsp;<\/p>\n\n\n\n<figure class=\"wp-block-gallery aligncenter columns-1 is-cropped\"><ul class=\"blocks-gallery-grid\"><li class=\"blocks-gallery-item\"><figure><a href=\"https:\/\/www.urlaub-und-stadien.de\/?attachment_id=9291\"><img loading=\"lazy\" width=\"575\" height=\"1024\" src=\"https:\/\/www.urlaub-und-stadien.de\/wp-content\/uploads\/2023\/05\/DSC_2099-575x1024.jpg\" alt=\"\" data-id=\"9291\" data-full-url=\"https:\/\/www.urlaub-und-stadien.de\/wp-content\/uploads\/2023\/05\/DSC_2099-scaled.jpg\" data-link=\"https:\/\/www.urlaub-und-stadien.de\/?attachment_id=9291\" class=\"wp-image-9291\" srcset=\"http:\/\/www.urlaub-und-stadien.de\/wp-content\/uploads\/2023\/05\/DSC_2099-575x1024.jpg 575w, http:\/\/www.urlaub-und-stadien.de\/wp-content\/uploads\/2023\/05\/DSC_2099-169x300.jpg 169w, http:\/\/www.urlaub-und-stadien.de\/wp-content\/uploads\/2023\/05\/DSC_2099-768x1367.jpg 768w, http:\/\/www.urlaub-und-stadien.de\/wp-content\/uploads\/2023\/05\/DSC_2099-863x1536.jpg 863w, http:\/\/www.urlaub-und-stadien.de\/wp-content\/uploads\/2023\/05\/DSC_2099-1151x2048.jpg 1151w, http:\/\/www.urlaub-und-stadien.de\/wp-content\/uploads\/2023\/05\/DSC_2099-scaled.jpg 1438w\" sizes=\"(max-width: 575px) 100vw, 575px\" \/><\/a><\/figure><\/li><\/ul><\/figure>\n\n\n\n<p class=\"has-vivid-cyan-blue-color has-luminous-vivid-amber-background-color has-text-color has-background\">Der Erfolg hielt an, und im 15. Jahrhundert, Br\u00fcgges Goldenem Zeitalter, liefen die Dinge selbst noch besser. Flandern geh\u00f6rte n\u00e4mlich seit Ende des 14. Jahrhunderts zum Reich der burgundischen Herz\u00f6ge. Sie bauten ihre Residenz in Br\u00fcgge weiter aus, und die Stadt wurde schnell zu einem kulturellen Brennpunkt. Neben dem traditionellen Tuch wurden neue Luxusprodukte in H\u00fclle und F\u00fclle hergestellt und verkauft. Der pl\u00f6tzliche Tod der geliebten F\u00fcrstin Maria von Burgund im Jahr 1482 l\u00e4utete den Wandel ein. Die Beziehungen zwischen Br\u00fcgge und dem verwitweten Maximilian von \u00d6sterreich verschlechterten sich und der burgundische Hof verlie\u00df die Stadt. Die internationalen Kaufleute folgten in seinem Kielwasser. Zudem versandete zusehends Br\u00fcgges Verbindung zum Meer. Das goldene Zeitalter war Vergangenheit.&#8220; (Quelle: https:\/\/www.hanse.org\/de\/hanse\/bruges)<\/p>\n\n\n\n<figure class=\"wp-block-gallery columns-1 is-cropped\"><ul class=\"blocks-gallery-grid\"><li class=\"blocks-gallery-item\"><figure><a href=\"https:\/\/www.urlaub-und-stadien.de\/?attachment_id=9290\"><img loading=\"lazy\" width=\"1024\" height=\"575\" src=\"https:\/\/www.urlaub-und-stadien.de\/wp-content\/uploads\/2023\/05\/DSC_2085-1024x575.jpg\" alt=\"\" data-id=\"9290\" data-full-url=\"https:\/\/www.urlaub-und-stadien.de\/wp-content\/uploads\/2023\/05\/DSC_2085-scaled.jpg\" data-link=\"https:\/\/www.urlaub-und-stadien.de\/?attachment_id=9290\" class=\"wp-image-9290\" srcset=\"http:\/\/www.urlaub-und-stadien.de\/wp-content\/uploads\/2023\/05\/DSC_2085-1024x575.jpg 1024w, http:\/\/www.urlaub-und-stadien.de\/wp-content\/uploads\/2023\/05\/DSC_2085-300x169.jpg 300w, http:\/\/www.urlaub-und-stadien.de\/wp-content\/uploads\/2023\/05\/DSC_2085-768x431.jpg 768w, http:\/\/www.urlaub-und-stadien.de\/wp-content\/uploads\/2023\/05\/DSC_2085-1536x863.jpg 1536w, http:\/\/www.urlaub-und-stadien.de\/wp-content\/uploads\/2023\/05\/DSC_2085-2048x1150.jpg 2048w\" sizes=\"(max-width: 1024px) 100vw, 1024px\" \/><\/a><\/figure><\/li><li class=\"blocks-gallery-item\"><figure><a href=\"https:\/\/www.urlaub-und-stadien.de\/?attachment_id=9294\"><img loading=\"lazy\" width=\"1024\" height=\"575\" src=\"https:\/\/www.urlaub-und-stadien.de\/wp-content\/uploads\/2023\/05\/DSC_2233-1024x575.jpg\" alt=\"\" data-id=\"9294\" data-full-url=\"https:\/\/www.urlaub-und-stadien.de\/wp-content\/uploads\/2023\/05\/DSC_2233-scaled.jpg\" data-link=\"https:\/\/www.urlaub-und-stadien.de\/?attachment_id=9294\" class=\"wp-image-9294\" srcset=\"http:\/\/www.urlaub-und-stadien.de\/wp-content\/uploads\/2023\/05\/DSC_2233-1024x575.jpg 1024w, http:\/\/www.urlaub-und-stadien.de\/wp-content\/uploads\/2023\/05\/DSC_2233-300x169.jpg 300w, http:\/\/www.urlaub-und-stadien.de\/wp-content\/uploads\/2023\/05\/DSC_2233-768x431.jpg 768w, http:\/\/www.urlaub-und-stadien.de\/wp-content\/uploads\/2023\/05\/DSC_2233-1536x863.jpg 1536w, http:\/\/www.urlaub-und-stadien.de\/wp-content\/uploads\/2023\/05\/DSC_2233-2048x1151.jpg 2048w\" sizes=\"(max-width: 1024px) 100vw, 1024px\" \/><\/a><\/figure><\/li><li class=\"blocks-gallery-item\"><figure><a href=\"https:\/\/www.urlaub-und-stadien.de\/?attachment_id=9295\"><img loading=\"lazy\" width=\"1024\" height=\"575\" src=\"https:\/\/www.urlaub-und-stadien.de\/wp-content\/uploads\/2023\/05\/DSC_2243-1024x575.jpg\" alt=\"\" data-id=\"9295\" data-full-url=\"https:\/\/www.urlaub-und-stadien.de\/wp-content\/uploads\/2023\/05\/DSC_2243-scaled.jpg\" data-link=\"https:\/\/www.urlaub-und-stadien.de\/?attachment_id=9295\" class=\"wp-image-9295\" srcset=\"http:\/\/www.urlaub-und-stadien.de\/wp-content\/uploads\/2023\/05\/DSC_2243-1024x575.jpg 1024w, http:\/\/www.urlaub-und-stadien.de\/wp-content\/uploads\/2023\/05\/DSC_2243-300x168.jpg 300w, http:\/\/www.urlaub-und-stadien.de\/wp-content\/uploads\/2023\/05\/DSC_2243-768x431.jpg 768w, http:\/\/www.urlaub-und-stadien.de\/wp-content\/uploads\/2023\/05\/DSC_2243-1536x863.jpg 1536w, http:\/\/www.urlaub-und-stadien.de\/wp-content\/uploads\/2023\/05\/DSC_2243-2048x1150.jpg 2048w\" sizes=\"(max-width: 1024px) 100vw, 1024px\" \/><\/a><\/figure><\/li><\/ul><\/figure>\n\n\n\n<p>Sp\u00e4ter noch eine Bootstour durch die Kan\u00e4le der Stadt bis hin zum Beginenhof, den wir am Morgen bereits gesehen haben. Un\u00fcbersehbar dort: Ostern steht vor der T\u00fcr. Was nat\u00fcrlich auch nicht fehlen darf, ist die Heilig-Blut-Kapelle mit der Jesu-Blut-Phiole.<\/p>\n\n\n\n<figure class=\"wp-block-gallery columns-1 is-cropped\"><ul class=\"blocks-gallery-grid\"><li class=\"blocks-gallery-item\"><figure><img loading=\"lazy\" width=\"1024\" height=\"575\" src=\"https:\/\/www.urlaub-und-stadien.de\/wp-content\/uploads\/2023\/05\/DSC_2127-1-1024x575.jpg\" alt=\"\" data-id=\"9298\" data-full-url=\"https:\/\/www.urlaub-und-stadien.de\/wp-content\/uploads\/2023\/05\/DSC_2127-1-scaled.jpg\" data-link=\"https:\/\/www.urlaub-und-stadien.de\/?attachment_id=9298\" class=\"wp-image-9298\" srcset=\"http:\/\/www.urlaub-und-stadien.de\/wp-content\/uploads\/2023\/05\/DSC_2127-1-1024x575.jpg 1024w, http:\/\/www.urlaub-und-stadien.de\/wp-content\/uploads\/2023\/05\/DSC_2127-1-300x169.jpg 300w, http:\/\/www.urlaub-und-stadien.de\/wp-content\/uploads\/2023\/05\/DSC_2127-1-768x431.jpg 768w, http:\/\/www.urlaub-und-stadien.de\/wp-content\/uploads\/2023\/05\/DSC_2127-1-1536x863.jpg 1536w, http:\/\/www.urlaub-und-stadien.de\/wp-content\/uploads\/2023\/05\/DSC_2127-1-2048x1151.jpg 2048w\" sizes=\"(max-width: 1024px) 100vw, 1024px\" \/><\/figure><\/li><\/ul><\/figure>\n\n\n\n<p>Anschlie\u00dfend haben wir noch die <a href=\"https:\/\/www.deutschlandfunk.de\/die-belgische-kusttram-die-laengste-strassenbahnlinie-der-100.html\"><em><strong>Kusttram<\/strong><\/em><\/a> auf dem Zettel. Zieht sich entlang der gesamten belgischen K\u00fcste und verbindet die ganzen K\u00fcstenst\u00e4dte auf 67 Kilometern mit 67 Haltestellen. Spektakul\u00e4rster Blick ist bei Domein Raversijde und den steuern wir nat\u00fcrlich an.<\/p>\n\n\n\n<figure class=\"wp-block-gallery columns-1 is-cropped\"><ul class=\"blocks-gallery-grid\"><li class=\"blocks-gallery-item\"><figure><a href=\"https:\/\/www.urlaub-und-stadien.de\/?attachment_id=9259\"><img loading=\"lazy\" width=\"1024\" height=\"575\" src=\"https:\/\/www.urlaub-und-stadien.de\/wp-content\/uploads\/2023\/05\/DSC_2255-1024x575.jpg\" alt=\"\" data-id=\"9259\" data-full-url=\"https:\/\/www.urlaub-und-stadien.de\/wp-content\/uploads\/2023\/05\/DSC_2255-scaled.jpg\" data-link=\"https:\/\/www.urlaub-und-stadien.de\/?attachment_id=9259\" class=\"wp-image-9259\" srcset=\"http:\/\/www.urlaub-und-stadien.de\/wp-content\/uploads\/2023\/05\/DSC_2255-1024x575.jpg 1024w, http:\/\/www.urlaub-und-stadien.de\/wp-content\/uploads\/2023\/05\/DSC_2255-300x169.jpg 300w, http:\/\/www.urlaub-und-stadien.de\/wp-content\/uploads\/2023\/05\/DSC_2255-768x432.jpg 768w, http:\/\/www.urlaub-und-stadien.de\/wp-content\/uploads\/2023\/05\/DSC_2255-1536x863.jpg 1536w, http:\/\/www.urlaub-und-stadien.de\/wp-content\/uploads\/2023\/05\/DSC_2255-2048x1151.jpg 2048w\" sizes=\"(max-width: 1024px) 100vw, 1024px\" \/><\/a><\/figure><\/li><\/ul><\/figure>\n\n\n\n<p>Zwei \u00dcbernachtungen waren in Br\u00fcgge vorgesehen, die sind vorbei, es zieht uns weiter nach Delft, wo wir die n\u00e4chsten Tage sein werden. Der Weg f\u00fchrt \u00fcber das Oosterscheldekering (Osterschelde-Sperrwerk), Teil der Deltawerke, am 04.10.1986 der Bestimmung \u00fcbergeben. Zu den Deltawerken sp\u00e4ter mehr.<\/p>\n\n\n\n<p>Neun Kilometer lang ist die Sperranlage und eine Kombination aus Abschlussdeich und Sturmflutsperre. 65 Pfeiler sind bis zu 65 Meter hoch und bis 18.000&nbsp;Tonnen schwer. Zwischen ihnen sind 62 bewegliche Tafelsch\u00fctzen aufgeh\u00e4ngt, die innerhalb einer Stunde geschlossen werden k\u00f6nnen, was tats\u00e4chlich j\u00e4hrlich etwa einmal vorgenommen werden muss wegen entsprechender Wetterbedingungen.<\/p>\n\n\n\n<figure class=\"wp-block-gallery columns-1 is-cropped\"><ul class=\"blocks-gallery-grid\"><li class=\"blocks-gallery-item\"><figure><a href=\"https:\/\/www.urlaub-und-stadien.de\/?attachment_id=9281\"><img loading=\"lazy\" width=\"1024\" height=\"575\" src=\"https:\/\/www.urlaub-und-stadien.de\/wp-content\/uploads\/2023\/05\/DSC_2260-1024x575.jpg\" alt=\"\" data-id=\"9281\" data-full-url=\"https:\/\/www.urlaub-und-stadien.de\/wp-content\/uploads\/2023\/05\/DSC_2260-scaled.jpg\" data-link=\"https:\/\/www.urlaub-und-stadien.de\/?attachment_id=9281\" class=\"wp-image-9281\" srcset=\"http:\/\/www.urlaub-und-stadien.de\/wp-content\/uploads\/2023\/05\/DSC_2260-1024x575.jpg 1024w, http:\/\/www.urlaub-und-stadien.de\/wp-content\/uploads\/2023\/05\/DSC_2260-300x169.jpg 300w, http:\/\/www.urlaub-und-stadien.de\/wp-content\/uploads\/2023\/05\/DSC_2260-768x431.jpg 768w, http:\/\/www.urlaub-und-stadien.de\/wp-content\/uploads\/2023\/05\/DSC_2260-1536x863.jpg 1536w, http:\/\/www.urlaub-und-stadien.de\/wp-content\/uploads\/2023\/05\/DSC_2260-2048x1151.jpg 2048w\" sizes=\"(max-width: 1024px) 100vw, 1024px\" \/><\/a><\/figure><\/li><\/ul><\/figure>\n\n\n\n<p>Anschlie\u00dfend ist noch Zeit f\u00fcr Kinderdijk. Windm\u00fchlen satt, UNESCO Welterbe, bestes Wetter. 1738\/40 werden die 19 Windm\u00fchlen, eigentlich Windpumpen, gebaut, um das anfallende Wasser aus den Poldern abzupumpen, um so den Boden landwirtschaftlich nutzbar zu machen. Das alte Kanalsystem ist nicht mehr effektiv genug. Holland ist von unz\u00e4hligen Kan\u00e4len durchzogen, ein komplexes und faszinierendes Be- und Entw\u00e4sserungssystem. Kinderdijk ist ein Teil davon, der sch\u00f6nste. Heute haben Diesel- und Elektropumpen die Arbeit \u00fcbernommen, die M\u00fchlen kommen nur noch zu besonderen Anl\u00e4ssen zum Einsatz und sind zum Teil zu besichtigen, andere hingegen sind in Privatbesitz.<\/p>\n\n\n\n<p>Zur Namensherkunft Kinderdijk gibt es verschiedene Erkl\u00e4rungen, mir gef\u00e4llt diese hier am besten: 1421 bei der Elisabethenflut, fr\u00fcher wurden Fluten nach Heiligen benannt, wurden 72 D\u00f6rfer \u00fcberflutet und 2.000 Menschen starben, andere Quellen sprechen von bis zu 10.000. Inmitten dieser verheerenden Flut sei eine Wiege mit einem weinenden Kind und einer kleinen Miezekatze unversehrt auf den Deich gesp\u00fclt worden, welcher nun fortan Kinderdijk genannt und gleich noch der Gegend den Namen gibt.<\/p>\n\n\n\n<p>Top hier, neben den Windm\u00fchlen tummeln sich diverse Wasserv\u00f6gel hier, \u00e4u\u00dferst lebendig ist es.<\/p>\n\n\n\n<figure class=\"wp-block-gallery columns-1 is-cropped\"><ul class=\"blocks-gallery-grid\"><li class=\"blocks-gallery-item\"><figure><a href=\"https:\/\/www.urlaub-und-stadien.de\/?attachment_id=9288\"><img loading=\"lazy\" width=\"1024\" height=\"575\" src=\"https:\/\/www.urlaub-und-stadien.de\/wp-content\/uploads\/2023\/05\/DSC_2354-1-1024x575.jpg\" alt=\"\" data-id=\"9288\" data-full-url=\"https:\/\/www.urlaub-und-stadien.de\/wp-content\/uploads\/2023\/05\/DSC_2354-1-scaled.jpg\" data-link=\"https:\/\/www.urlaub-und-stadien.de\/?attachment_id=9288\" class=\"wp-image-9288\" srcset=\"http:\/\/www.urlaub-und-stadien.de\/wp-content\/uploads\/2023\/05\/DSC_2354-1-1024x575.jpg 1024w, http:\/\/www.urlaub-und-stadien.de\/wp-content\/uploads\/2023\/05\/DSC_2354-1-300x169.jpg 300w, http:\/\/www.urlaub-und-stadien.de\/wp-content\/uploads\/2023\/05\/DSC_2354-1-768x432.jpg 768w, http:\/\/www.urlaub-und-stadien.de\/wp-content\/uploads\/2023\/05\/DSC_2354-1-1536x863.jpg 1536w, http:\/\/www.urlaub-und-stadien.de\/wp-content\/uploads\/2023\/05\/DSC_2354-1-2048x1151.jpg 2048w\" sizes=\"(max-width: 1024px) 100vw, 1024px\" \/><\/a><\/figure><\/li><\/ul><\/figure>\n\n\n\n<figure class=\"wp-block-gallery columns-1 is-cropped\"><ul class=\"blocks-gallery-grid\"><li class=\"blocks-gallery-item\"><figure><a href=\"https:\/\/www.urlaub-und-stadien.de\/?attachment_id=9283\"><img loading=\"lazy\" width=\"1024\" height=\"575\" src=\"https:\/\/www.urlaub-und-stadien.de\/wp-content\/uploads\/2023\/05\/DSC_2301-1024x575.jpg\" alt=\"\" data-id=\"9283\" data-full-url=\"https:\/\/www.urlaub-und-stadien.de\/wp-content\/uploads\/2023\/05\/DSC_2301-scaled.jpg\" data-link=\"https:\/\/www.urlaub-und-stadien.de\/?attachment_id=9283\" class=\"wp-image-9283\" srcset=\"http:\/\/www.urlaub-und-stadien.de\/wp-content\/uploads\/2023\/05\/DSC_2301-1024x575.jpg 1024w, http:\/\/www.urlaub-und-stadien.de\/wp-content\/uploads\/2023\/05\/DSC_2301-300x169.jpg 300w, http:\/\/www.urlaub-und-stadien.de\/wp-content\/uploads\/2023\/05\/DSC_2301-768x431.jpg 768w, http:\/\/www.urlaub-und-stadien.de\/wp-content\/uploads\/2023\/05\/DSC_2301-1536x863.jpg 1536w, http:\/\/www.urlaub-und-stadien.de\/wp-content\/uploads\/2023\/05\/DSC_2301-2048x1150.jpg 2048w\" sizes=\"(max-width: 1024px) 100vw, 1024px\" \/><\/a><\/figure><\/li><li class=\"blocks-gallery-item\"><figure><a href=\"https:\/\/www.urlaub-und-stadien.de\/?attachment_id=9287\"><img loading=\"lazy\" width=\"1024\" height=\"575\" src=\"https:\/\/www.urlaub-und-stadien.de\/wp-content\/uploads\/2023\/05\/DSC_2360-1024x575.jpg\" alt=\"\" data-id=\"9287\" data-full-url=\"https:\/\/www.urlaub-und-stadien.de\/wp-content\/uploads\/2023\/05\/DSC_2360-scaled.jpg\" data-link=\"https:\/\/www.urlaub-und-stadien.de\/?attachment_id=9287\" class=\"wp-image-9287\" srcset=\"http:\/\/www.urlaub-und-stadien.de\/wp-content\/uploads\/2023\/05\/DSC_2360-1024x575.jpg 1024w, http:\/\/www.urlaub-und-stadien.de\/wp-content\/uploads\/2023\/05\/DSC_2360-300x169.jpg 300w, http:\/\/www.urlaub-und-stadien.de\/wp-content\/uploads\/2023\/05\/DSC_2360-768x431.jpg 768w, http:\/\/www.urlaub-und-stadien.de\/wp-content\/uploads\/2023\/05\/DSC_2360-1536x863.jpg 1536w, http:\/\/www.urlaub-und-stadien.de\/wp-content\/uploads\/2023\/05\/DSC_2360-2048x1151.jpg 2048w\" sizes=\"(max-width: 1024px) 100vw, 1024px\" \/><\/a><\/figure><\/li><\/ul><\/figure>\n\n\n\n<p>An das Einchecken im Hotel, das sich \u00fcber drei Geb\u00e4ude in der Altstadt verteilt, schlie\u00dft sich noch ein kleiner Spaziergang durch Delft an, was uns in der Wahl noch einmal best\u00e4tigt. H\u00fcbsch und ruhig ist es und Grachten gibt es hier auch, der Verzicht auf Amsterdam ist richtig. Nur der Kirchturm gegen\u00fcber dem Hotel macht uns bissel Sorge so schief wie der ist. Aber so steht er schon l\u00e4nger, er ist im weichen Untergrund ca. zwei Meter aus dem Lot geraten, was schon sehr kurios aussieht. Aber er bleibt stabil. Also solange wir da sind.<\/p>\n\n\n\n<figure class=\"wp-block-gallery columns-1 is-cropped\"><ul class=\"blocks-gallery-grid\"><li class=\"blocks-gallery-item\"><figure><a href=\"https:\/\/www.urlaub-und-stadien.de\/?attachment_id=9286\"><img loading=\"lazy\" width=\"1024\" height=\"575\" src=\"https:\/\/www.urlaub-und-stadien.de\/wp-content\/uploads\/2023\/05\/DSC_2419-1024x575.jpg\" alt=\"\" data-id=\"9286\" data-full-url=\"https:\/\/www.urlaub-und-stadien.de\/wp-content\/uploads\/2023\/05\/DSC_2419-scaled.jpg\" data-link=\"https:\/\/www.urlaub-und-stadien.de\/?attachment_id=9286\" class=\"wp-image-9286\" srcset=\"http:\/\/www.urlaub-und-stadien.de\/wp-content\/uploads\/2023\/05\/DSC_2419-1024x575.jpg 1024w, http:\/\/www.urlaub-und-stadien.de\/wp-content\/uploads\/2023\/05\/DSC_2419-300x169.jpg 300w, http:\/\/www.urlaub-und-stadien.de\/wp-content\/uploads\/2023\/05\/DSC_2419-768x431.jpg 768w, http:\/\/www.urlaub-und-stadien.de\/wp-content\/uploads\/2023\/05\/DSC_2419-1536x863.jpg 1536w, http:\/\/www.urlaub-und-stadien.de\/wp-content\/uploads\/2023\/05\/DSC_2419-2048x1151.jpg 2048w\" sizes=\"(max-width: 1024px) 100vw, 1024px\" \/><\/a><\/figure><\/li><\/ul><\/figure>\n\n\n\n<p>Der n\u00e4chste Tag ist in mehrfacher Hinsicht die Herausforderung des Urlaubs. Regen ist angesagt und leider best\u00e4tigen sich alle Vorhersagen. Wir entscheiden uns f\u00fcr Rotterdam, bei Sonne und ein bissel gr\u00fcner mag das alles gehen, bei Regen suchen wir den Charme vergeblich. Ab ins Maritiem Museum, aber das vermag uns auch nicht so recht zu \u00fcberzeugen, zu unklar bleibt das Konzept. Und nur Schiffsmodelle anschauen is denn doch bissel wenig.<\/p>\n\n\n\n<p>Die Markthalle ist ganz h\u00fcbsch anzuschauen, der Kaffee schmeckt, an den Kubus-H\u00e4usern scheiden sich die Geister. Au\u00dfergew\u00f6hnlich sind die um 45\u00b0 gekippten H\u00e4user definitiv und nicht nur aufgrund der markanten Farbe ein Hingucker. Der praktische Wohnwert hingegen ist deutlich eingeschr\u00e4nkt, weil die Wohnung praktisch nur aus schr\u00e4gen W\u00e4nden besteht. Neben Wohnungen und einem kleinen Museum gibt es ein kleines <a href=\"https:\/\/www.stayokay.com\/de\/hostel\/rotterdam\"><em><strong>Hostel<\/strong><\/em><\/a>. <\/p>\n\n\n\n<p>Die Kubush\u00e4user von Piet Blom wurden von 1982-1984 gebaut, die Markthal kam 2014 dazu.<\/p>\n\n\n\n<figure class=\"wp-block-gallery columns-1 is-cropped\"><ul class=\"blocks-gallery-grid\"><li class=\"blocks-gallery-item\"><figure><a href=\"https:\/\/www.urlaub-und-stadien.de\/?attachment_id=9276\"><img loading=\"lazy\" width=\"1024\" height=\"575\" src=\"https:\/\/www.urlaub-und-stadien.de\/wp-content\/uploads\/2023\/05\/DSC_2370-1024x575.jpg\" alt=\"\" data-id=\"9276\" data-full-url=\"https:\/\/www.urlaub-und-stadien.de\/wp-content\/uploads\/2023\/05\/DSC_2370-scaled.jpg\" data-link=\"https:\/\/www.urlaub-und-stadien.de\/?attachment_id=9276\" class=\"wp-image-9276\" srcset=\"http:\/\/www.urlaub-und-stadien.de\/wp-content\/uploads\/2023\/05\/DSC_2370-1024x575.jpg 1024w, http:\/\/www.urlaub-und-stadien.de\/wp-content\/uploads\/2023\/05\/DSC_2370-300x169.jpg 300w, http:\/\/www.urlaub-und-stadien.de\/wp-content\/uploads\/2023\/05\/DSC_2370-768x432.jpg 768w, http:\/\/www.urlaub-und-stadien.de\/wp-content\/uploads\/2023\/05\/DSC_2370-1536x863.jpg 1536w, http:\/\/www.urlaub-und-stadien.de\/wp-content\/uploads\/2023\/05\/DSC_2370-2048x1151.jpg 2048w\" sizes=\"(max-width: 1024px) 100vw, 1024px\" \/><\/a><\/figure><\/li><li class=\"blocks-gallery-item\"><figure><a href=\"https:\/\/www.urlaub-und-stadien.de\/?attachment_id=9277\"><img loading=\"lazy\" width=\"1024\" height=\"576\" src=\"https:\/\/www.urlaub-und-stadien.de\/wp-content\/uploads\/2023\/05\/IMG_9826-1024x576.jpg\" alt=\"\" data-id=\"9277\" data-full-url=\"https:\/\/www.urlaub-und-stadien.de\/wp-content\/uploads\/2023\/05\/IMG_9826-scaled.jpg\" data-link=\"https:\/\/www.urlaub-und-stadien.de\/?attachment_id=9277\" class=\"wp-image-9277\" srcset=\"http:\/\/www.urlaub-und-stadien.de\/wp-content\/uploads\/2023\/05\/IMG_9826-1024x576.jpg 1024w, http:\/\/www.urlaub-und-stadien.de\/wp-content\/uploads\/2023\/05\/IMG_9826-300x169.jpg 300w, http:\/\/www.urlaub-und-stadien.de\/wp-content\/uploads\/2023\/05\/IMG_9826-768x432.jpg 768w, http:\/\/www.urlaub-und-stadien.de\/wp-content\/uploads\/2023\/05\/IMG_9826-1536x864.jpg 1536w, http:\/\/www.urlaub-und-stadien.de\/wp-content\/uploads\/2023\/05\/IMG_9826-2048x1152.jpg 2048w\" sizes=\"(max-width: 1024px) 100vw, 1024px\" \/><\/a><\/figure><\/li><li class=\"blocks-gallery-item\"><figure><a href=\"https:\/\/www.urlaub-und-stadien.de\/?attachment_id=9279\"><img loading=\"lazy\" width=\"1024\" height=\"576\" src=\"https:\/\/www.urlaub-und-stadien.de\/wp-content\/uploads\/2023\/05\/IMG_9829-1024x576.jpg\" alt=\"\" data-id=\"9279\" data-full-url=\"https:\/\/www.urlaub-und-stadien.de\/wp-content\/uploads\/2023\/05\/IMG_9829-scaled.jpg\" data-link=\"https:\/\/www.urlaub-und-stadien.de\/?attachment_id=9279\" class=\"wp-image-9279\" srcset=\"http:\/\/www.urlaub-und-stadien.de\/wp-content\/uploads\/2023\/05\/IMG_9829-1024x576.jpg 1024w, http:\/\/www.urlaub-und-stadien.de\/wp-content\/uploads\/2023\/05\/IMG_9829-300x169.jpg 300w, http:\/\/www.urlaub-und-stadien.de\/wp-content\/uploads\/2023\/05\/IMG_9829-768x432.jpg 768w, http:\/\/www.urlaub-und-stadien.de\/wp-content\/uploads\/2023\/05\/IMG_9829-1536x864.jpg 1536w, http:\/\/www.urlaub-und-stadien.de\/wp-content\/uploads\/2023\/05\/IMG_9829-2048x1152.jpg 2048w\" sizes=\"(max-width: 1024px) 100vw, 1024px\" \/><\/a><\/figure><\/li><li class=\"blocks-gallery-item\"><figure><a href=\"https:\/\/www.urlaub-und-stadien.de\/?attachment_id=9280\"><img loading=\"lazy\" width=\"1024\" height=\"576\" src=\"https:\/\/www.urlaub-und-stadien.de\/wp-content\/uploads\/2023\/05\/IMG_9839-1024x576.jpg\" alt=\"\" data-id=\"9280\" data-full-url=\"https:\/\/www.urlaub-und-stadien.de\/wp-content\/uploads\/2023\/05\/IMG_9839-scaled.jpg\" data-link=\"https:\/\/www.urlaub-und-stadien.de\/?attachment_id=9280\" class=\"wp-image-9280\" srcset=\"http:\/\/www.urlaub-und-stadien.de\/wp-content\/uploads\/2023\/05\/IMG_9839-1024x576.jpg 1024w, http:\/\/www.urlaub-und-stadien.de\/wp-content\/uploads\/2023\/05\/IMG_9839-300x169.jpg 300w, http:\/\/www.urlaub-und-stadien.de\/wp-content\/uploads\/2023\/05\/IMG_9839-768x432.jpg 768w, http:\/\/www.urlaub-und-stadien.de\/wp-content\/uploads\/2023\/05\/IMG_9839-1536x864.jpg 1536w, http:\/\/www.urlaub-und-stadien.de\/wp-content\/uploads\/2023\/05\/IMG_9839-2048x1152.jpg 2048w\" sizes=\"(max-width: 1024px) 100vw, 1024px\" \/><\/a><\/figure><\/li><\/ul><\/figure>\n\n\n\n<figure class=\"wp-block-gallery aligncenter columns-1 is-cropped\"><ul class=\"blocks-gallery-grid\"><li class=\"blocks-gallery-item\"><figure><a href=\"https:\/\/www.urlaub-und-stadien.de\/?attachment_id=9278\"><img loading=\"lazy\" width=\"576\" height=\"1024\" src=\"https:\/\/www.urlaub-und-stadien.de\/wp-content\/uploads\/2023\/05\/IMG_9835-576x1024.jpg\" alt=\"\" data-id=\"9278\" data-full-url=\"https:\/\/www.urlaub-und-stadien.de\/wp-content\/uploads\/2023\/05\/IMG_9835-scaled.jpg\" data-link=\"https:\/\/www.urlaub-und-stadien.de\/?attachment_id=9278\" class=\"wp-image-9278\" srcset=\"http:\/\/www.urlaub-und-stadien.de\/wp-content\/uploads\/2023\/05\/IMG_9835-576x1024.jpg 576w, http:\/\/www.urlaub-und-stadien.de\/wp-content\/uploads\/2023\/05\/IMG_9835-169x300.jpg 169w, http:\/\/www.urlaub-und-stadien.de\/wp-content\/uploads\/2023\/05\/IMG_9835-768x1365.jpg 768w, http:\/\/www.urlaub-und-stadien.de\/wp-content\/uploads\/2023\/05\/IMG_9835-864x1536.jpg 864w, http:\/\/www.urlaub-und-stadien.de\/wp-content\/uploads\/2023\/05\/IMG_9835-1152x2048.jpg 1152w, http:\/\/www.urlaub-und-stadien.de\/wp-content\/uploads\/2023\/05\/IMG_9835-scaled.jpg 1440w\" sizes=\"(max-width: 576px) 100vw, 576px\" \/><\/a><\/figure><\/li><\/ul><\/figure>\n\n\n\n<p>Die anschlie\u00dfende Tour durch den Hafen ist trotz des Wetters okay, wir bekommen einen Eindruck von der Dimension des Hafens und an Deck regnet es nicht.<\/p>\n\n\n\n<p>Ein letzter Abend gemeinsam mit SchAppi &#8211; Henning und ich bleiben noch ein Weilchen. Wir entscheiden uns f\u00fcrs Delfts Brouwhuis, gute Wahl, allerdings auch f\u00fcrstlicher Preis, naja egal, im Urlaub ist das okay.<\/p>\n\n\n\n<p>Der Regen hat aufgeh\u00f6rt, bedeckt ist es immer noch, wir fahren ein wenig in den Norden, De Zaanse Schans ist das Ziel. De Zaanse Schans ist Windm\u00fchlenromantik in unromantisch.<\/p>\n\n\n\n<p>Irgendwie erinnert alles an ein gro\u00dfes Freiluftmuseum mit viel bombastischer Kulisse. Aber ganz viel Leute sind hier unterwegs und posieren f\u00fcr Insta + co. Nix gegen Insta, ich bin da ja selbst unterwegs, aber auf die Leute, die zum Posieren herfahren und einfach nur im Weg rumstehen, kann ich gut verzichten. Wissen die hinterher \u00fcberhaupt noch wo die waren?<\/p>\n\n\n\n<p>Das Freilichtmuseum De Zaanse Schans soll an das \u00e4lteste Industriegebiet der Niederlande erinnern, sicherlich ist hier nicht alles original, aber spannend irgendwie schon. Irgendwo hab ich gelesen, dass gerade die S\u00e4gem\u00fchlen f\u00fcr die Entwicklung zur Seefahrernation wesentlich waren. Zwischen 1961 und 1974 wurden viele alte Geb\u00e4ude aus der Region hierher transportiert, wieder aufgebaut und in ihren urspr\u00fcnglichen Zustand versetzt, vor allem aber wurden die vorhandenen Windm\u00fchlen restauriert und erweitert.<\/p>\n\n\n\n<figure class=\"wp-block-gallery columns-1 is-cropped\"><ul class=\"blocks-gallery-grid\"><li class=\"blocks-gallery-item\"><figure><a href=\"https:\/\/www.urlaub-und-stadien.de\/?attachment_id=9264\"><img loading=\"lazy\" width=\"1024\" height=\"575\" src=\"https:\/\/www.urlaub-und-stadien.de\/wp-content\/uploads\/2023\/05\/DSC_2379-1024x575.jpg\" alt=\"\" data-id=\"9264\" data-full-url=\"https:\/\/www.urlaub-und-stadien.de\/wp-content\/uploads\/2023\/05\/DSC_2379-scaled.jpg\" data-link=\"https:\/\/www.urlaub-und-stadien.de\/?attachment_id=9264\" class=\"wp-image-9264\" srcset=\"http:\/\/www.urlaub-und-stadien.de\/wp-content\/uploads\/2023\/05\/DSC_2379-1024x575.jpg 1024w, http:\/\/www.urlaub-und-stadien.de\/wp-content\/uploads\/2023\/05\/DSC_2379-300x168.jpg 300w, http:\/\/www.urlaub-und-stadien.de\/wp-content\/uploads\/2023\/05\/DSC_2379-768x431.jpg 768w, http:\/\/www.urlaub-und-stadien.de\/wp-content\/uploads\/2023\/05\/DSC_2379-1536x863.jpg 1536w, http:\/\/www.urlaub-und-stadien.de\/wp-content\/uploads\/2023\/05\/DSC_2379-2048x1150.jpg 2048w\" sizes=\"(max-width: 1024px) 100vw, 1024px\" \/><\/a><\/figure><\/li><li class=\"blocks-gallery-item\"><figure><a href=\"https:\/\/www.urlaub-und-stadien.de\/?attachment_id=9265\"><img loading=\"lazy\" width=\"1024\" height=\"575\" src=\"https:\/\/www.urlaub-und-stadien.de\/wp-content\/uploads\/2023\/05\/DSC_2384-1024x575.jpg\" alt=\"\" data-id=\"9265\" data-full-url=\"https:\/\/www.urlaub-und-stadien.de\/wp-content\/uploads\/2023\/05\/DSC_2384-scaled.jpg\" data-link=\"https:\/\/www.urlaub-und-stadien.de\/?attachment_id=9265\" class=\"wp-image-9265\" srcset=\"http:\/\/www.urlaub-und-stadien.de\/wp-content\/uploads\/2023\/05\/DSC_2384-1024x575.jpg 1024w, http:\/\/www.urlaub-und-stadien.de\/wp-content\/uploads\/2023\/05\/DSC_2384-300x169.jpg 300w, http:\/\/www.urlaub-und-stadien.de\/wp-content\/uploads\/2023\/05\/DSC_2384-768x431.jpg 768w, http:\/\/www.urlaub-und-stadien.de\/wp-content\/uploads\/2023\/05\/DSC_2384-1536x863.jpg 1536w, http:\/\/www.urlaub-und-stadien.de\/wp-content\/uploads\/2023\/05\/DSC_2384-2048x1151.jpg 2048w\" sizes=\"(max-width: 1024px) 100vw, 1024px\" \/><\/a><\/figure><\/li><\/ul><\/figure>\n\n\n\n<p>Wir fahren weiter zum Nationaal Park Zuid-Kennemerland. Stars der Szene sollen hier angesiedelte Wisente sein. Leider verzichten sie darauf, sich zu zeigen, schade. Sch\u00f6ne Landschaft ist es trotzdem, paar fette Schnecken treiben sich hier rum und Bl\u00e4ssh\u00fchner beim Nestbau lassen sich beobachten. Sehr sch\u00f6n.<\/p>\n\n\n\n<p>Und endlich, endlich stellt sich auch das Erholungsgef\u00fchl ein, ein bissel sp\u00e4t f\u00fcr mein Geschmack, aber dann wohl ein Indiz daf\u00fcr, dass es der Jahresstart in sich hatte. Dass der Urlaub mit einer Woche eher zu kurz ist, ist ja eh klar. Sei\u2019s drum, besser das Erholungsgef\u00fchl sp\u00e4t als gar nicht.<\/p>\n\n\n\n<figure class=\"wp-block-gallery columns-1 is-cropped\"><ul class=\"blocks-gallery-grid\"><li class=\"blocks-gallery-item\"><figure><a href=\"https:\/\/www.urlaub-und-stadien.de\/?attachment_id=9266\"><img loading=\"lazy\" width=\"1024\" height=\"575\" src=\"https:\/\/www.urlaub-und-stadien.de\/wp-content\/uploads\/2023\/05\/DSC_2406-1024x575.jpg\" alt=\"\" data-id=\"9266\" data-full-url=\"https:\/\/www.urlaub-und-stadien.de\/wp-content\/uploads\/2023\/05\/DSC_2406-scaled.jpg\" data-link=\"https:\/\/www.urlaub-und-stadien.de\/?attachment_id=9266\" class=\"wp-image-9266\" srcset=\"http:\/\/www.urlaub-und-stadien.de\/wp-content\/uploads\/2023\/05\/DSC_2406-1024x575.jpg 1024w, http:\/\/www.urlaub-und-stadien.de\/wp-content\/uploads\/2023\/05\/DSC_2406-300x169.jpg 300w, http:\/\/www.urlaub-und-stadien.de\/wp-content\/uploads\/2023\/05\/DSC_2406-768x431.jpg 768w, http:\/\/www.urlaub-und-stadien.de\/wp-content\/uploads\/2023\/05\/DSC_2406-1536x863.jpg 1536w, http:\/\/www.urlaub-und-stadien.de\/wp-content\/uploads\/2023\/05\/DSC_2406-2048x1151.jpg 2048w\" sizes=\"(max-width: 1024px) 100vw, 1024px\" \/><\/a><\/figure><\/li><li class=\"blocks-gallery-item\"><figure><a href=\"https:\/\/www.urlaub-und-stadien.de\/?attachment_id=9267\"><img loading=\"lazy\" width=\"1024\" height=\"575\" src=\"https:\/\/www.urlaub-und-stadien.de\/wp-content\/uploads\/2023\/05\/DSC_2408-1024x575.jpg\" alt=\"\" data-id=\"9267\" data-full-url=\"https:\/\/www.urlaub-und-stadien.de\/wp-content\/uploads\/2023\/05\/DSC_2408-scaled.jpg\" data-link=\"https:\/\/www.urlaub-und-stadien.de\/?attachment_id=9267\" class=\"wp-image-9267\" srcset=\"http:\/\/www.urlaub-und-stadien.de\/wp-content\/uploads\/2023\/05\/DSC_2408-1024x575.jpg 1024w, http:\/\/www.urlaub-und-stadien.de\/wp-content\/uploads\/2023\/05\/DSC_2408-300x169.jpg 300w, http:\/\/www.urlaub-und-stadien.de\/wp-content\/uploads\/2023\/05\/DSC_2408-768x431.jpg 768w, http:\/\/www.urlaub-und-stadien.de\/wp-content\/uploads\/2023\/05\/DSC_2408-1536x863.jpg 1536w, http:\/\/www.urlaub-und-stadien.de\/wp-content\/uploads\/2023\/05\/DSC_2408-2048x1150.jpg 2048w\" sizes=\"(max-width: 1024px) 100vw, 1024px\" \/><\/a><\/figure><\/li><\/ul><\/figure>\n\n\n\n<p>Letzte explizite Ziele sind das Maeslant-Sperrwerk und Hoek von Holland. Gerade das Sperrwerk, ein weiterer Teil der Delta-Sperrwerke, ist schon schwer beeindruckend. Feinste Ingenieurkunst, die den Nieuwe Waterweg sch\u00fctzen soll. Innerhalb von zwei Stunden l\u00e4sst sich mit dem Sperrwerk der Wasserweg abriegeln und letztlich Rotterdam sch\u00fctzen. Ich hole mal bissel aus.<\/p>\n\n\n\n<p>Ohne den Schutz von Deichen, D\u00fcnen und Sperrwerken st\u00e4nden 40 % der Niederlande mehr oder weniger st\u00e4ndig unter Wasser. 17.500 km sind die Deiche lang.<\/p>\n\n\n\n<p>1953 erleben die Niederlande eine verheerende <a href=\"https:\/\/de.wikipedia.org\/wiki\/Flutkatastrophe_von_1953\"><em><strong>Flutkatastrophe<\/strong><\/em><\/a>. Die Deiche im s\u00fcdwestlichen Delta brechen, 1.836 Menschen kommen ums Leben, 74.000 werden evakuiert. Die Deltawerke sind die 2,7 Milliarden Euro teure niederl\u00e4ndische Antwort.<\/p>\n\n\n\n<p>\u2043 1958 ist der Beginn mit einer Sturmflutsperre in der Hollanse IJssel<\/p>\n\n\n\n<p>\u2043 1961 werden Veerse Gat und Zandkreek abgeriegelt<\/p>\n\n\n\n<p>\u2043 1971 folgen der Haringvlietdam und der Brouwersdam<\/p>\n\n\n\n<p>\u2043 1986 ist das Oosterscheldesperrwerk fertig<\/p>\n\n\n\n<p>\u2043 1987 folgen Oesterdam, Philipsdam und Bathse Spuisluis<\/p>\n\n\n\n<p>\u2043 1997 werden die Deltawerke vollendet mit dem Maeslant-Sperrwerk und Hartelsperrwerk<\/p>\n\n\n\n<figure class=\"wp-block-gallery columns-1 is-cropped\"><ul class=\"blocks-gallery-grid\"><li class=\"blocks-gallery-item\"><figure><a href=\"https:\/\/www.urlaub-und-stadien.de\/?attachment_id=9263\"><img loading=\"lazy\" width=\"1024\" height=\"978\" src=\"https:\/\/www.urlaub-und-stadien.de\/wp-content\/uploads\/2023\/05\/IMG_9875-1024x978.jpg\" alt=\"\" data-id=\"9263\" data-full-url=\"https:\/\/www.urlaub-und-stadien.de\/wp-content\/uploads\/2023\/05\/IMG_9875.jpg\" data-link=\"https:\/\/www.urlaub-und-stadien.de\/?attachment_id=9263\" class=\"wp-image-9263\" srcset=\"http:\/\/www.urlaub-und-stadien.de\/wp-content\/uploads\/2023\/05\/IMG_9875-1024x978.jpg 1024w, http:\/\/www.urlaub-und-stadien.de\/wp-content\/uploads\/2023\/05\/IMG_9875-300x287.jpg 300w, http:\/\/www.urlaub-und-stadien.de\/wp-content\/uploads\/2023\/05\/IMG_9875-768x734.jpg 768w, http:\/\/www.urlaub-und-stadien.de\/wp-content\/uploads\/2023\/05\/IMG_9875-1536x1467.jpg 1536w, http:\/\/www.urlaub-und-stadien.de\/wp-content\/uploads\/2023\/05\/IMG_9875-2048x1956.jpg 2048w\" sizes=\"(max-width: 1024px) 100vw, 1024px\" \/><\/a><figcaption class=\"blocks-gallery-item__caption\">Schautafel im Keringhuis<\/figcaption><\/figure><\/li><\/ul><\/figure>\n\n\n\n<p>Das Maeslant-Sperrwerk soll vor allem den Kanal Nieuwe Waterweg im Falle des Falles abriegeln und sch\u00fctzen und so auch Rotterdam. Immerhin eine Million Menschen wohnen im Gro\u00dfraum.<\/p>\n\n\n\n<p>1866 wird mit dem Bau des Nieuwe Waterweg begonnen, um der zunehmenden Versandung des Rotterdamer Hafens zu begegnen. Freigabe f\u00fcr die Schifffahrt 1872. 2018\/19 Vertiefung der Fahrrinne f\u00fcr deutlich gr\u00f6\u00dfere Schiffe mit bis zu 15&nbsp;m Tiefgang.<\/p>\n\n\n\n<p>Das Sperrwerk als Kr\u00f6nung der Deltawerke? Kann man so sehen, nicht nur weil es der letzte Baustein dieser gigantischen Bem\u00fchungen ist. Es ist feinste und beeindruckendste Ingenieurskunst. Sechs Jahre sind 600 Arbeiter an einem 660 Mio-\u20ac-Projekt besch\u00e4ftigt (1991 &#8211; 1997).<\/p>\n\n\n\n<p>Das Sperrwerk hat zwei kreisbogenf\u00f6rmige Tore, die in den Wasserweg eingeschwenkt werden k\u00f6nnen. Die Kugelgelenke daf\u00fcr haben einen Durchmesser von 10 Metern. Ein Tor mit seinen ganzen Fachwerktr\u00e4gern nimmt es von Gr\u00f6\u00dfe und Gewicht locker mit dem Eiffelturm auf. Ich sehe die Dimensionen jeweils, ich kann den Vergleich aber schlicht nicht ziehen, weil zwei verschiedene Perspektiven, daher belasse ich es bei dem Bild.<\/p>\n\n\n\n<figure class=\"wp-block-gallery columns-1 is-cropped\"><ul class=\"blocks-gallery-grid\"><li class=\"blocks-gallery-item\"><figure><a href=\"https:\/\/www.urlaub-und-stadien.de\/?attachment_id=9301\"><img loading=\"lazy\" width=\"1024\" height=\"292\" src=\"https:\/\/www.urlaub-und-stadien.de\/wp-content\/uploads\/2023\/05\/Panorama-3-1024x292.jpg\" alt=\"\" data-id=\"9301\" data-full-url=\"https:\/\/www.urlaub-und-stadien.de\/wp-content\/uploads\/2023\/05\/Panorama-3-scaled.jpg\" data-link=\"https:\/\/www.urlaub-und-stadien.de\/?attachment_id=9301\" class=\"wp-image-9301\" srcset=\"http:\/\/www.urlaub-und-stadien.de\/wp-content\/uploads\/2023\/05\/Panorama-3-1024x292.jpg 1024w, http:\/\/www.urlaub-und-stadien.de\/wp-content\/uploads\/2023\/05\/Panorama-3-300x86.jpg 300w, http:\/\/www.urlaub-und-stadien.de\/wp-content\/uploads\/2023\/05\/Panorama-3-768x219.jpg 768w, http:\/\/www.urlaub-und-stadien.de\/wp-content\/uploads\/2023\/05\/Panorama-3-1536x438.jpg 1536w, http:\/\/www.urlaub-und-stadien.de\/wp-content\/uploads\/2023\/05\/Panorama-3-2048x584.jpg 2048w\" sizes=\"(max-width: 1024px) 100vw, 1024px\" \/><\/a><\/figure><\/li><\/ul><\/figure>\n\n\n\n<p>Hier zwei Schautafeln aus dem Besucherzentrum het Keringhuis:<\/p>\n\n\n\n<figure class=\"wp-block-gallery columns-1 is-cropped\"><ul class=\"blocks-gallery-grid\"><li class=\"blocks-gallery-item\"><figure><a href=\"https:\/\/www.urlaub-und-stadien.de\/?attachment_id=9272\"><img loading=\"lazy\" width=\"1024\" height=\"327\" src=\"https:\/\/www.urlaub-und-stadien.de\/wp-content\/uploads\/2023\/05\/IMG_9872-1024x327.jpg\" alt=\"\" data-id=\"9272\" data-full-url=\"https:\/\/www.urlaub-und-stadien.de\/wp-content\/uploads\/2023\/05\/IMG_9872-scaled.jpg\" data-link=\"https:\/\/www.urlaub-und-stadien.de\/?attachment_id=9272\" class=\"wp-image-9272\" srcset=\"http:\/\/www.urlaub-und-stadien.de\/wp-content\/uploads\/2023\/05\/IMG_9872-1024x327.jpg 1024w, http:\/\/www.urlaub-und-stadien.de\/wp-content\/uploads\/2023\/05\/IMG_9872-300x96.jpg 300w, http:\/\/www.urlaub-und-stadien.de\/wp-content\/uploads\/2023\/05\/IMG_9872-768x245.jpg 768w, http:\/\/www.urlaub-und-stadien.de\/wp-content\/uploads\/2023\/05\/IMG_9872-1536x490.jpg 1536w, http:\/\/www.urlaub-und-stadien.de\/wp-content\/uploads\/2023\/05\/IMG_9872-2048x653.jpg 2048w\" sizes=\"(max-width: 1024px) 100vw, 1024px\" \/><\/a><\/figure><\/li><li class=\"blocks-gallery-item\"><figure><a href=\"https:\/\/www.urlaub-und-stadien.de\/?attachment_id=9273\"><img loading=\"lazy\" width=\"1024\" height=\"526\" src=\"https:\/\/www.urlaub-und-stadien.de\/wp-content\/uploads\/2023\/05\/IMG_9874-1024x526.jpg\" alt=\"\" data-id=\"9273\" data-full-url=\"https:\/\/www.urlaub-und-stadien.de\/wp-content\/uploads\/2023\/05\/IMG_9874-scaled.jpg\" data-link=\"https:\/\/www.urlaub-und-stadien.de\/?attachment_id=9273\" class=\"wp-image-9273\" srcset=\"http:\/\/www.urlaub-und-stadien.de\/wp-content\/uploads\/2023\/05\/IMG_9874-1024x526.jpg 1024w, http:\/\/www.urlaub-und-stadien.de\/wp-content\/uploads\/2023\/05\/IMG_9874-300x154.jpg 300w, http:\/\/www.urlaub-und-stadien.de\/wp-content\/uploads\/2023\/05\/IMG_9874-768x395.jpg 768w, http:\/\/www.urlaub-und-stadien.de\/wp-content\/uploads\/2023\/05\/IMG_9874-1536x789.jpg 1536w, http:\/\/www.urlaub-und-stadien.de\/wp-content\/uploads\/2023\/05\/IMG_9874-2048x1053.jpg 2048w\" sizes=\"(max-width: 1024px) 100vw, 1024px\" \/><\/a><\/figure><\/li><\/ul><\/figure>\n\n\n\n<p>Die Sperrtore sind 22&nbsp;m hoch und je 210&nbsp;m lang, so liegen sie bei normalem Wasserstand in ihren Docks. Bei einer drohenden Sturmflut werden die Docks geflutet, die Tore schwimmen auf. Anschlie\u00dfend werden sie in die Mitte des Nieuwe Waterweg geschwenkt, geflutet und so auf den Grund der Schifffahrtsstra\u00dfe abgesenkt. Abgefahren dabei, dass kurz vor der Bodenber\u00fchrung zwischen den Toren und dem Grund eine so starke Str\u00f6mung entsteht, dass Ablagerungen und Schlick hinfortgesp\u00fclt werden. Die Schlie\u00dfung der Wasserstra\u00dfe dauert 2\u00bd Stunden.<\/p>\n\n\n\n<figure class=\"wp-block-gallery columns-1 is-cropped\"><ul class=\"blocks-gallery-grid\"><li class=\"blocks-gallery-item\"><figure><a href=\"https:\/\/www.urlaub-und-stadien.de\/?attachment_id=9269\"><img loading=\"lazy\" width=\"1024\" height=\"575\" src=\"https:\/\/www.urlaub-und-stadien.de\/wp-content\/uploads\/2023\/05\/DSC_2436-1024x575.jpg\" alt=\"\" data-id=\"9269\" data-full-url=\"https:\/\/www.urlaub-und-stadien.de\/wp-content\/uploads\/2023\/05\/DSC_2436-scaled.jpg\" data-link=\"https:\/\/www.urlaub-und-stadien.de\/?attachment_id=9269\" class=\"wp-image-9269\" srcset=\"http:\/\/www.urlaub-und-stadien.de\/wp-content\/uploads\/2023\/05\/DSC_2436-1024x575.jpg 1024w, http:\/\/www.urlaub-und-stadien.de\/wp-content\/uploads\/2023\/05\/DSC_2436-300x169.jpg 300w, http:\/\/www.urlaub-und-stadien.de\/wp-content\/uploads\/2023\/05\/DSC_2436-768x431.jpg 768w, http:\/\/www.urlaub-und-stadien.de\/wp-content\/uploads\/2023\/05\/DSC_2436-1536x863.jpg 1536w, http:\/\/www.urlaub-und-stadien.de\/wp-content\/uploads\/2023\/05\/DSC_2436-2048x1151.jpg 2048w\" sizes=\"(max-width: 1024px) 100vw, 1024px\" \/><\/a><\/figure><\/li><\/ul><\/figure>\n\n\n\n<figure class=\"wp-block-gallery columns-1 is-cropped\"><ul class=\"blocks-gallery-grid\"><li class=\"blocks-gallery-item\"><figure><a href=\"https:\/\/www.urlaub-und-stadien.de\/?attachment_id=9275\"><img loading=\"lazy\" width=\"1024\" height=\"175\" src=\"https:\/\/www.urlaub-und-stadien.de\/wp-content\/uploads\/2023\/05\/IMG_0395-1024x175.jpg\" alt=\"\" data-id=\"9275\" data-full-url=\"https:\/\/www.urlaub-und-stadien.de\/wp-content\/uploads\/2023\/05\/IMG_0395-scaled.jpg\" data-link=\"https:\/\/www.urlaub-und-stadien.de\/?attachment_id=9275\" class=\"wp-image-9275\" srcset=\"http:\/\/www.urlaub-und-stadien.de\/wp-content\/uploads\/2023\/05\/IMG_0395-1024x175.jpg 1024w, http:\/\/www.urlaub-und-stadien.de\/wp-content\/uploads\/2023\/05\/IMG_0395-300x51.jpg 300w, http:\/\/www.urlaub-und-stadien.de\/wp-content\/uploads\/2023\/05\/IMG_0395-768x131.jpg 768w, http:\/\/www.urlaub-und-stadien.de\/wp-content\/uploads\/2023\/05\/IMG_0395-1536x262.jpg 1536w, http:\/\/www.urlaub-und-stadien.de\/wp-content\/uploads\/2023\/05\/IMG_0395-2048x349.jpg 2048w\" sizes=\"(max-width: 1024px) 100vw, 1024px\" \/><\/a><\/figure><\/li><\/ul><\/figure>\n\n\n\n<p class=\"has-text-align-center has-small-font-size\"> <em>aus: Das Sturmflutwehr im Nieuwe Waterweg (het Keringhuis) <\/em><\/p>\n\n\n\n<p>Das Besucherzentrum Het Keringhuis ist klein aber fein, ich bin angetan, vor allem aber vom Maeslant-Sperrwerk begeistert.<\/p>\n\n\n\n<p>Nach einem ausgedehnten Spaziergang an der K\u00fcste von Hoek van Holland zieht es uns noch weiter nach Leiden. Hier hat uns die Sonne dann endg\u00fcltig wieder, was den Reiz der lebendigen Studentenstadt zus\u00e4tzlich unterstreicht. Dazu der lange, lebendige, sich an die Grachten schmiegende Markt, wirklich sch\u00f6n hier. Das 1:0 gegen die Pf\u00e4lzer Bauern hebt die Stimmung zus\u00e4tzlich.<\/p>\n\n\n\n<figure class=\"wp-block-gallery columns-1 is-cropped\"><ul class=\"blocks-gallery-grid\"><li class=\"blocks-gallery-item\"><figure><a href=\"https:\/\/www.urlaub-und-stadien.de\/?attachment_id=9260\"><img loading=\"lazy\" width=\"1024\" height=\"575\" src=\"https:\/\/www.urlaub-und-stadien.de\/wp-content\/uploads\/2023\/05\/DSC_2444-1024x575.jpg\" alt=\"\" data-id=\"9260\" data-link=\"https:\/\/www.urlaub-und-stadien.de\/?attachment_id=9260\" class=\"wp-image-9260\" srcset=\"http:\/\/www.urlaub-und-stadien.de\/wp-content\/uploads\/2023\/05\/DSC_2444-1024x575.jpg 1024w, http:\/\/www.urlaub-und-stadien.de\/wp-content\/uploads\/2023\/05\/DSC_2444-300x169.jpg 300w, http:\/\/www.urlaub-und-stadien.de\/wp-content\/uploads\/2023\/05\/DSC_2444-768x432.jpg 768w, http:\/\/www.urlaub-und-stadien.de\/wp-content\/uploads\/2023\/05\/DSC_2444-1536x863.jpg 1536w, http:\/\/www.urlaub-und-stadien.de\/wp-content\/uploads\/2023\/05\/DSC_2444-2048x1151.jpg 2048w\" sizes=\"(max-width: 1024px) 100vw, 1024px\" \/><\/a><\/figure><\/li><li class=\"blocks-gallery-item\"><figure><a href=\"https:\/\/www.urlaub-und-stadien.de\/?attachment_id=9261\"><img loading=\"lazy\" width=\"1024\" height=\"575\" src=\"https:\/\/www.urlaub-und-stadien.de\/wp-content\/uploads\/2023\/05\/DSC_2471-1024x575.jpg\" alt=\"\" data-id=\"9261\" data-full-url=\"https:\/\/www.urlaub-und-stadien.de\/wp-content\/uploads\/2023\/05\/DSC_2471-scaled.jpg\" data-link=\"https:\/\/www.urlaub-und-stadien.de\/?attachment_id=9261\" class=\"wp-image-9261\" srcset=\"http:\/\/www.urlaub-und-stadien.de\/wp-content\/uploads\/2023\/05\/DSC_2471-1024x575.jpg 1024w, http:\/\/www.urlaub-und-stadien.de\/wp-content\/uploads\/2023\/05\/DSC_2471-300x169.jpg 300w, http:\/\/www.urlaub-und-stadien.de\/wp-content\/uploads\/2023\/05\/DSC_2471-768x431.jpg 768w, http:\/\/www.urlaub-und-stadien.de\/wp-content\/uploads\/2023\/05\/DSC_2471-1536x863.jpg 1536w, http:\/\/www.urlaub-und-stadien.de\/wp-content\/uploads\/2023\/05\/DSC_2471-2048x1150.jpg 2048w\" sizes=\"(max-width: 1024px) 100vw, 1024px\" \/><\/a><\/figure><\/li><li class=\"blocks-gallery-item\"><figure><a href=\"https:\/\/www.urlaub-und-stadien.de\/?attachment_id=9262\"><img loading=\"lazy\" width=\"1024\" height=\"575\" src=\"https:\/\/www.urlaub-und-stadien.de\/wp-content\/uploads\/2023\/05\/DSC_2474-1024x575.jpg\" alt=\"\" data-id=\"9262\" data-full-url=\"https:\/\/www.urlaub-und-stadien.de\/wp-content\/uploads\/2023\/05\/DSC_2474-scaled.jpg\" data-link=\"https:\/\/www.urlaub-und-stadien.de\/?attachment_id=9262\" class=\"wp-image-9262\" srcset=\"http:\/\/www.urlaub-und-stadien.de\/wp-content\/uploads\/2023\/05\/DSC_2474-1024x575.jpg 1024w, http:\/\/www.urlaub-und-stadien.de\/wp-content\/uploads\/2023\/05\/DSC_2474-300x168.jpg 300w, http:\/\/www.urlaub-und-stadien.de\/wp-content\/uploads\/2023\/05\/DSC_2474-768x431.jpg 768w, http:\/\/www.urlaub-und-stadien.de\/wp-content\/uploads\/2023\/05\/DSC_2474-1536x863.jpg 1536w, http:\/\/www.urlaub-und-stadien.de\/wp-content\/uploads\/2023\/05\/DSC_2474-2048x1150.jpg 2048w\" sizes=\"(max-width: 1024px) 100vw, 1024px\" \/><\/a><\/figure><\/li><\/ul><\/figure>\n\n\n\n<p>Ein letztes Mal die leckeren Bitterballen im Brauhaus, das wars dann schon.<\/p>\n\n\n\n<p>Fast jedenfalls. Zur\u00fcck geht\u2019s mit einem kleinen Umweg \u00fcber den Afsluitdijk, der die Nordsee und das IJsselmeer schon seit 1932 voneinander trennt. Fr\u00fcher ist hier die Nordseebucht Zuiderzee, der wird im Laufe der Jahre zu einem gro\u00dfen S\u00fc\u00dfwassersee, dem IJsselmeer. Der Bau des Abschlussdeichs verk\u00fcrzt die niederl\u00e4ndische Deichlinie um mehr als 200 km, was umfangreiche Bau- und Unterhaltungsma\u00dfnahmen an den Deichen spart und zus\u00e4tzlich Amsterdam und das Umland sch\u00fctzt.<\/p>\n\n\n\n<p>Die Flutkatastrophe von 1953 ist die Bew\u00e4hrungsprobe f\u00fcr den Deich. Obwohl stark beansprucht h\u00e4lt er stand und kann \u00dcberschwemmungen rund ums IJsselmeer verhindern. \u201eIn dieser Nacht hat der Abschlussdeich sein Geld zur\u00fcckbezahlt\u201c, ist die Aussage eines Politikers.<\/p>\n\n\n\n<p>Hier gibt es noch was zu lesen: <a href=\"https:\/\/theafsluitdijk.com\/de\/\">https:\/\/theafsluitdijk.com\/de\/<\/a><\/p>\n\n\n\n<p>Insgesamt aber ist der Abschlussdeich doch eher entt\u00e4uschend, halt eine lange Autobahn mit Wasser links und rechts. Spannend wird\u2019s dann noch mal zum Abschluss bei der <a href=\"https:\/\/de.wikipedia.org\/wiki\/Lorentzsluizen\"><em><strong>Lorentzschleuse<\/strong><\/em><\/a>, einer Schleuse mit zwei Drehbr\u00fccken, bei der wir uns dann auch einreihen m\u00fcssen, weil paar Schiffen die Durchfahrt gew\u00e4hrt wird. F\u00fcr dieses kurze Schauspiel nehmen wir den Stop doch gern in Kauf. Der Rest verl\u00e4uft unspektakul\u00e4r.<\/p>\n\n\n\n<figure class=\"wp-block-gallery columns-1 is-cropped\"><ul class=\"blocks-gallery-grid\"><li class=\"blocks-gallery-item\"><figure><a href=\"https:\/\/www.urlaub-und-stadien.de\/?attachment_id=9274\"><img loading=\"lazy\" width=\"1024\" height=\"575\" src=\"https:\/\/www.urlaub-und-stadien.de\/wp-content\/uploads\/2023\/05\/DSC_2498-1024x575.jpg\" alt=\"\" data-id=\"9274\" data-full-url=\"https:\/\/www.urlaub-und-stadien.de\/wp-content\/uploads\/2023\/05\/DSC_2498-scaled.jpg\" data-link=\"https:\/\/www.urlaub-und-stadien.de\/?attachment_id=9274\" class=\"wp-image-9274\" srcset=\"http:\/\/www.urlaub-und-stadien.de\/wp-content\/uploads\/2023\/05\/DSC_2498-1024x575.jpg 1024w, http:\/\/www.urlaub-und-stadien.de\/wp-content\/uploads\/2023\/05\/DSC_2498-300x169.jpg 300w, http:\/\/www.urlaub-und-stadien.de\/wp-content\/uploads\/2023\/05\/DSC_2498-768x431.jpg 768w, http:\/\/www.urlaub-und-stadien.de\/wp-content\/uploads\/2023\/05\/DSC_2498-1536x863.jpg 1536w, http:\/\/www.urlaub-und-stadien.de\/wp-content\/uploads\/2023\/05\/DSC_2498-2048x1151.jpg 2048w\" sizes=\"(max-width: 1024px) 100vw, 1024px\" \/><\/a><\/figure><\/li><\/ul><\/figure>\n\n\n\n<figure class=\"wp-block-gallery columns-1 is-cropped\"><ul class=\"blocks-gallery-grid\"><li class=\"blocks-gallery-item\"><figure><a href=\"https:\/\/www.urlaub-und-stadien.de\/?attachment_id=9293\"><img loading=\"lazy\" width=\"1024\" height=\"575\" src=\"https:\/\/www.urlaub-und-stadien.de\/wp-content\/uploads\/2023\/05\/DSC_2082-1024x575.jpg\" alt=\"\" data-id=\"9293\" data-full-url=\"https:\/\/www.urlaub-und-stadien.de\/wp-content\/uploads\/2023\/05\/DSC_2082-scaled.jpg\" data-link=\"https:\/\/www.urlaub-und-stadien.de\/?attachment_id=9293\" class=\"wp-image-9293\" srcset=\"http:\/\/www.urlaub-und-stadien.de\/wp-content\/uploads\/2023\/05\/DSC_2082-1024x575.jpg 1024w, http:\/\/www.urlaub-und-stadien.de\/wp-content\/uploads\/2023\/05\/DSC_2082-300x168.jpg 300w, http:\/\/www.urlaub-und-stadien.de\/wp-content\/uploads\/2023\/05\/DSC_2082-768x431.jpg 768w, http:\/\/www.urlaub-und-stadien.de\/wp-content\/uploads\/2023\/05\/DSC_2082-1536x863.jpg 1536w, http:\/\/www.urlaub-und-stadien.de\/wp-content\/uploads\/2023\/05\/DSC_2082-2048x1150.jpg 2048w\" sizes=\"(max-width: 1024px) 100vw, 1024px\" \/><\/a><\/figure><\/li><\/ul><\/figure>\n","protected":false},"excerpt":{"rendered":"<p>Den Punkt in Karlsruhe nehmen wir trotz mehr als zweifelhafter Schiedsrichterleistung noch mit, zwei Tage sp\u00e4ter starten Henning, SchAppi und ich gen Belgien und Holland. Ein Kurztrip kurz vor Ostern.<\/p>\n","protected":false},"author":1,"featured_media":0,"comment_status":"open","ping_status":"open","sticky":false,"template":"","format":"standard","meta":[],"categories":[12,4],"tags":[],"_links":{"self":[{"href":"http:\/\/www.urlaub-und-stadien.de\/index.php?rest_route=\/wp\/v2\/posts\/9255"}],"collection":[{"href":"http:\/\/www.urlaub-und-stadien.de\/index.php?rest_route=\/wp\/v2\/posts"}],"about":[{"href":"http:\/\/www.urlaub-und-stadien.de\/index.php?rest_route=\/wp\/v2\/types\/post"}],"author":[{"embeddable":true,"href":"http:\/\/www.urlaub-und-stadien.de\/index.php?rest_route=\/wp\/v2\/users\/1"}],"replies":[{"embeddable":true,"href":"http:\/\/www.urlaub-und-stadien.de\/index.php?rest_route=%2Fwp%2Fv2%2Fcomments&post=9255"}],"version-history":[{"count":3,"href":"http:\/\/www.urlaub-und-stadien.de\/index.php?rest_route=\/wp\/v2\/posts\/9255\/revisions"}],"predecessor-version":[{"id":9302,"href":"http:\/\/www.urlaub-und-stadien.de\/index.php?rest_route=\/wp\/v2\/posts\/9255\/revisions\/9302"}],"wp:attachment":[{"href":"http:\/\/www.urlaub-und-stadien.de\/index.php?rest_route=%2Fwp%2Fv2%2Fmedia&parent=9255"}],"wp:term":[{"taxonomy":"category","embeddable":true,"href":"http:\/\/www.urlaub-und-stadien.de\/index.php?rest_route=%2Fwp%2Fv2%2Fcategories&post=9255"},{"taxonomy":"post_tag","embeddable":true,"href":"http:\/\/www.urlaub-und-stadien.de\/index.php?rest_route=%2Fwp%2Fv2%2Ftags&post=9255"}],"curies":[{"name":"wp","href":"https:\/\/api.w.org\/{rel}","templated":true}]}}