{"id":9115,"date":"2023-01-08T14:22:00","date_gmt":"2023-01-08T14:22:00","guid":{"rendered":"https:\/\/www.urlaub-und-stadien.de\/?p=9115"},"modified":"2024-11-16T17:34:03","modified_gmt":"2024-11-16T17:34:03","slug":"jordanien-israel-dez-jan-2022-23","status":"publish","type":"post","link":"http:\/\/www.urlaub-und-stadien.de\/?p=9115","title":{"rendered":"JORDANIEN \/ ISRAEL &#8211; Dez\/Jan : 2022\/23"},"content":{"rendered":"\n<figure class=\"wp-block-gallery columns-1 is-cropped\"><ul class=\"blocks-gallery-grid\"><li class=\"blocks-gallery-item\"><figure><a href=\"https:\/\/www.urlaub-und-stadien.de\/?attachment_id=9116\"><img loading=\"lazy\" width=\"1024\" height=\"575\" src=\"https:\/\/www.urlaub-und-stadien.de\/wp-content\/uploads\/2023\/02\/DSC_0880-1024x575.jpg\" alt=\"\" data-id=\"9116\" data-full-url=\"https:\/\/www.urlaub-und-stadien.de\/wp-content\/uploads\/2023\/02\/DSC_0880-scaled.jpg\" data-link=\"https:\/\/www.urlaub-und-stadien.de\/?attachment_id=9116\" class=\"wp-image-9116\" srcset=\"http:\/\/www.urlaub-und-stadien.de\/wp-content\/uploads\/2023\/02\/DSC_0880-1024x575.jpg 1024w, http:\/\/www.urlaub-und-stadien.de\/wp-content\/uploads\/2023\/02\/DSC_0880-300x169.jpg 300w, http:\/\/www.urlaub-und-stadien.de\/wp-content\/uploads\/2023\/02\/DSC_0880-768x431.jpg 768w, http:\/\/www.urlaub-und-stadien.de\/wp-content\/uploads\/2023\/02\/DSC_0880-1536x863.jpg 1536w, http:\/\/www.urlaub-und-stadien.de\/wp-content\/uploads\/2023\/02\/DSC_0880-2048x1151.jpg 2048w\" sizes=\"(max-width: 1024px) 100vw, 1024px\" \/><\/a><\/figure><\/li><\/ul><\/figure>\n\n\n\n<p class=\"has-text-align-center\"><strong>Israel habe ich schon lange mal wieder vor, Tel Aviv war ich noch nicht, zudem harrt Jordanien seit l\u00e4ngerem der Umsetzung, immer wieder auch von Armin nachdr\u00fccklich empfohlen.<\/strong><\/p>\n\n\n\n<!--more-->\n\n\n\n<p>Am 28.12., nach dem Weihnachtsfest, geht&#8217;s los, erstes Ziel ist Flughafen Akaba, wobei ich den sofort links liegen lasse, um mich gleich gen Wadi Rum zu orientieren. Die W\u00fcste ist ne Stunde entfernt, Awad vom Wadi Rum holt mich ab und bringt mich zur ersten Unterkunft.<\/p>\n\n\n\n<p>Die ist in Wadi Rum Village, Heimat der Beduinen. Da es bei Ankunft dunkel ist, ist hier nicht so viel mit orientieren, abgesehen davon f\u00e4hrt mich Awad auch direkt auf seinen Hof, wo es erst mal am offenen Feuer was zu essen gibt und Bedouine-Tea, eigentlich nur schwarzer, ges\u00fc\u00dfter Tee und doch so viel mehr. Willkommen bei den Beduinen, willkommen Gastfreundschaft.<\/p>\n\n\n\n<p>Und schon geht\u2019s los ins Wadi Rum. Awad hat f\u00fcr sein Camp drau\u00dfen in der W\u00fcste ein paar \u00dcbernachtungsg\u00e4ste, die werden auf die Jeeps verteilt, sch\u00f6n hinten drauf zu viert. Nisha aus Nepal, Lukas und sein Kumpel aus Litauen und ich. Awad mit seinem Sohn gibt den Fahrer.<\/p>\n\n\n\n<p>Das Village liegt mitten in der W\u00fcste, keine Anfahrt oder so, direkt rein ins Abenteuer. Durch die weite und markant-farbige W\u00fcste geht\u2019s zu verschiedenen Punkten. Wer den Marsianer mal gesehen hat, wei\u00df in etwa, was wir da so vor uns haben, die Weite besticht, die Farben bestechen, der ultraklare Himmel besticht. Und es ist ja eben nicht nur diese Sindbad-Sandw\u00fcste mit den Namibia-D\u00fcnen, die es gibt, die hier hat viel viel viel Sand von hellgelb \u00fcber ockerfarben bis ins r\u00f6tlich-braune und nebendran noch einige Steine und Felsformationen von beachtlicher Gr\u00f6\u00dfe. Schick hineindrapiert sind sie in die Landschaft, es geht von einem Panorama zum n\u00e4chsten.<\/p>\n\n\n\n<p>Es ist nicht so, dass wir einfach von Punkt zu Punkt fahren, unsere Fotos machen und weiter geht\u2019s. Wir bekommen hier an den jeweiligen Punkten schon ordentlich Bewegung, ordentlich Strecke, ordentlich H\u00f6henmeter. Die Felsen sind schon knackig.<\/p>\n\n\n\n<figure class=\"wp-block-gallery columns-1 is-cropped\"><ul class=\"blocks-gallery-grid\"><li class=\"blocks-gallery-item\"><figure><a href=\"https:\/\/www.urlaub-und-stadien.de\/?attachment_id=9117\"><img loading=\"lazy\" width=\"1024\" height=\"324\" src=\"https:\/\/www.urlaub-und-stadien.de\/wp-content\/uploads\/2023\/02\/DSC_0444a-1024x324.jpg\" alt=\"\" data-id=\"9117\" data-full-url=\"https:\/\/www.urlaub-und-stadien.de\/wp-content\/uploads\/2023\/02\/DSC_0444a-scaled.jpg\" data-link=\"https:\/\/www.urlaub-und-stadien.de\/?attachment_id=9117\" class=\"wp-image-9117\" srcset=\"http:\/\/www.urlaub-und-stadien.de\/wp-content\/uploads\/2023\/02\/DSC_0444a-1024x324.jpg 1024w, http:\/\/www.urlaub-und-stadien.de\/wp-content\/uploads\/2023\/02\/DSC_0444a-300x95.jpg 300w, http:\/\/www.urlaub-und-stadien.de\/wp-content\/uploads\/2023\/02\/DSC_0444a-768x243.jpg 768w, http:\/\/www.urlaub-und-stadien.de\/wp-content\/uploads\/2023\/02\/DSC_0444a-1536x486.jpg 1536w, http:\/\/www.urlaub-und-stadien.de\/wp-content\/uploads\/2023\/02\/DSC_0444a-2048x648.jpg 2048w\" sizes=\"(max-width: 1024px) 100vw, 1024px\" \/><\/a><\/figure><\/li><\/ul><\/figure>\n\n\n\n<p>Wadi Rum liegt ungef\u00e4hr auf 800 m, der h\u00f6chste Berg geht allerdings auf 1.854 m. Bizarre Berge aus Sandstein, auf Granit gelagert, und dazwischen viel viel Sand. Magisch.<\/p>\n\n\n\n<p>Vor ca. 30 Mio Jahren entstanden, die Afrikanische und die Arabische Platte arbeiten sich hier aneinander ab, von oben dr\u00fcckt die \u00c4g\u00e4ische Platte, von rechts die Iranische. Entstanden ist der Gro\u00dfe Afrikanische Grabenbruch (Great Rift Valley), zu der das Rote Meer, der Golf von Akaba und eben auch der Jordangraben mit dem Wadi Rum geh\u00f6ren.<\/p>\n\n\n\n<p>Der Grabenbruch zieht sich weiter, der Ost- und Zentralafrikanische Graben schlie\u00dfen sich an mit Viktoriasee, Tanganjikasee und Malawisee. Aber das nur am Rande.<\/p>\n\n\n\n<p>Handelsrouten zogen sich schon lange durchs Wadi, heute kommen die Touristen. Und ab und an eine Filmcrew.<\/p>\n\n\n\n<figure class=\"wp-block-gallery columns-1 is-cropped\"><ul class=\"blocks-gallery-grid\"><li class=\"blocks-gallery-item\"><figure><a href=\"https:\/\/www.urlaub-und-stadien.de\/?attachment_id=9119\"><img loading=\"lazy\" width=\"1024\" height=\"575\" src=\"https:\/\/www.urlaub-und-stadien.de\/wp-content\/uploads\/2023\/02\/DSC_0452-1024x575.jpg\" alt=\"\" data-id=\"9119\" data-full-url=\"https:\/\/www.urlaub-und-stadien.de\/wp-content\/uploads\/2023\/02\/DSC_0452-scaled.jpg\" data-link=\"https:\/\/www.urlaub-und-stadien.de\/?attachment_id=9119\" class=\"wp-image-9119\" srcset=\"http:\/\/www.urlaub-und-stadien.de\/wp-content\/uploads\/2023\/02\/DSC_0452-1024x575.jpg 1024w, http:\/\/www.urlaub-und-stadien.de\/wp-content\/uploads\/2023\/02\/DSC_0452-300x169.jpg 300w, http:\/\/www.urlaub-und-stadien.de\/wp-content\/uploads\/2023\/02\/DSC_0452-768x431.jpg 768w, http:\/\/www.urlaub-und-stadien.de\/wp-content\/uploads\/2023\/02\/DSC_0452-1536x863.jpg 1536w, http:\/\/www.urlaub-und-stadien.de\/wp-content\/uploads\/2023\/02\/DSC_0452-2048x1151.jpg 2048w\" sizes=\"(max-width: 1024px) 100vw, 1024px\" \/><\/a><\/figure><\/li><li class=\"blocks-gallery-item\"><figure><a href=\"https:\/\/www.urlaub-und-stadien.de\/?attachment_id=9120\"><img loading=\"lazy\" width=\"1024\" height=\"575\" src=\"https:\/\/www.urlaub-und-stadien.de\/wp-content\/uploads\/2023\/02\/DSC_0493-1024x575.jpg\" alt=\"\" data-id=\"9120\" data-full-url=\"https:\/\/www.urlaub-und-stadien.de\/wp-content\/uploads\/2023\/02\/DSC_0493-scaled.jpg\" data-link=\"https:\/\/www.urlaub-und-stadien.de\/?attachment_id=9120\" class=\"wp-image-9120\" srcset=\"http:\/\/www.urlaub-und-stadien.de\/wp-content\/uploads\/2023\/02\/DSC_0493-1024x575.jpg 1024w, http:\/\/www.urlaub-und-stadien.de\/wp-content\/uploads\/2023\/02\/DSC_0493-300x169.jpg 300w, http:\/\/www.urlaub-und-stadien.de\/wp-content\/uploads\/2023\/02\/DSC_0493-768x431.jpg 768w, http:\/\/www.urlaub-und-stadien.de\/wp-content\/uploads\/2023\/02\/DSC_0493-1536x863.jpg 1536w, http:\/\/www.urlaub-und-stadien.de\/wp-content\/uploads\/2023\/02\/DSC_0493-2048x1151.jpg 2048w\" sizes=\"(max-width: 1024px) 100vw, 1024px\" \/><\/a><\/figure><\/li><\/ul><\/figure>\n\n\n\n<p>In der N\u00e4he vom Lawrence-Haus h\u00e4lt Awad die Zeit gekommen f\u00fcr ein kleines Dinner. Was hei\u00dft klein? Vom offenen Feuer gibt es <a href=\"https:\/\/www.wadirumnomads.com\/bedouin-tea\/\"><strong><em>Bedouine-Tea<\/em><\/strong><\/a> und noch nie hat Tee besser geschmeckt. Und w\u00e4hrend wir uns bissel kennenlernen zaubern Awad und sein Sohn Hammad ein 1-a-Dinner. Feinster Tomateneintopf mit Chicken, Fladenbrot, Hummus, Beilagen. Das Leben kann so sch\u00f6n sein.<\/p>\n\n\n\n<figure class=\"wp-block-gallery columns-1 is-cropped\"><ul class=\"blocks-gallery-grid\"><li class=\"blocks-gallery-item\"><figure><a href=\"https:\/\/www.urlaub-und-stadien.de\/?attachment_id=9118\"><img loading=\"lazy\" width=\"1024\" height=\"575\" src=\"https:\/\/www.urlaub-und-stadien.de\/wp-content\/uploads\/2023\/02\/DSC_0609-1024x575.jpg\" alt=\"\" data-id=\"9118\" data-full-url=\"https:\/\/www.urlaub-und-stadien.de\/wp-content\/uploads\/2023\/02\/DSC_0609-scaled.jpg\" data-link=\"https:\/\/www.urlaub-und-stadien.de\/?attachment_id=9118\" class=\"wp-image-9118\" srcset=\"http:\/\/www.urlaub-und-stadien.de\/wp-content\/uploads\/2023\/02\/DSC_0609-1024x575.jpg 1024w, http:\/\/www.urlaub-und-stadien.de\/wp-content\/uploads\/2023\/02\/DSC_0609-300x169.jpg 300w, http:\/\/www.urlaub-und-stadien.de\/wp-content\/uploads\/2023\/02\/DSC_0609-768x431.jpg 768w, http:\/\/www.urlaub-und-stadien.de\/wp-content\/uploads\/2023\/02\/DSC_0609-1536x863.jpg 1536w, http:\/\/www.urlaub-und-stadien.de\/wp-content\/uploads\/2023\/02\/DSC_0609-2048x1151.jpg 2048w\" sizes=\"(max-width: 1024px) 100vw, 1024px\" \/><\/a><\/figure><\/li><\/ul><\/figure>\n\n\n\n<p>Weiter geht die Tour, die keine Langeweile kennt, keinen S\u00e4ttigungsgrad erreicht. Durch zwei Canyons schickt uns Awad und dann ist sogar noch die M\u00f6glichkeit zum Sandsurfen. Nehmen die Mitfahrer gerne mit, ich begeistere mich an den Schatten, die die langsam tiefer stehende Sonne zaubert. Jeder kommt auf seine Kosten.<\/p>\n\n\n\n<figure class=\"wp-block-gallery columns-1 is-cropped\"><ul class=\"blocks-gallery-grid\"><li class=\"blocks-gallery-item\"><figure><a href=\"https:\/\/www.urlaub-und-stadien.de\/?attachment_id=9183\"><img loading=\"lazy\" width=\"1024\" height=\"575\" src=\"https:\/\/www.urlaub-und-stadien.de\/wp-content\/uploads\/2023\/02\/DSC_0521-1024x575.jpg\" alt=\"\" data-id=\"9183\" data-full-url=\"https:\/\/www.urlaub-und-stadien.de\/wp-content\/uploads\/2023\/02\/DSC_0521-scaled.jpg\" data-link=\"https:\/\/www.urlaub-und-stadien.de\/?attachment_id=9183\" class=\"wp-image-9183\" srcset=\"http:\/\/www.urlaub-und-stadien.de\/wp-content\/uploads\/2023\/02\/DSC_0521-1024x575.jpg 1024w, http:\/\/www.urlaub-und-stadien.de\/wp-content\/uploads\/2023\/02\/DSC_0521-300x169.jpg 300w, http:\/\/www.urlaub-und-stadien.de\/wp-content\/uploads\/2023\/02\/DSC_0521-768x431.jpg 768w, http:\/\/www.urlaub-und-stadien.de\/wp-content\/uploads\/2023\/02\/DSC_0521-1536x863.jpg 1536w, http:\/\/www.urlaub-und-stadien.de\/wp-content\/uploads\/2023\/02\/DSC_0521-2048x1151.jpg 2048w\" sizes=\"(max-width: 1024px) 100vw, 1024px\" \/><\/a><\/figure><\/li><\/ul><\/figure>\n\n\n\n<p>So soll es dann auch sein als Awad ein weiteres Mal seine Decke ausbreitet und zum Tee bittet. Wir warten auf den Sonnenuntergang. Der kommt dann recht schnell, hier geht die Sonne einfach schneller unter als bei uns 13 Breitengrade h\u00f6her. Von Island weitere 14 Breitengrade h\u00f6her ganz zu schweigen. Wir hatten den ganzen Tag besten Sonnenschein, so ist es auch jetzt, als die Schatten l\u00e4nger und l\u00e4nger werden und nach und nach einzelne Felsen und den W\u00fcstensand wechselweise in wonnewarmes g\u00fclden-r\u00f6tliches Licht tauchen und langsam im Schatten verschwinden lassen. Der Sonnenuntergang be- und verzaubert.<\/p>\n\n\n\n<figure class=\"wp-block-gallery columns-1 is-cropped\"><ul class=\"blocks-gallery-grid\"><li class=\"blocks-gallery-item\"><figure><a href=\"https:\/\/www.urlaub-und-stadien.de\/?attachment_id=9123\"><img loading=\"lazy\" width=\"1024\" height=\"575\" src=\"https:\/\/www.urlaub-und-stadien.de\/wp-content\/uploads\/2023\/02\/DSC_0618a-1024x575.jpg\" alt=\"\" data-id=\"9123\" data-full-url=\"https:\/\/www.urlaub-und-stadien.de\/wp-content\/uploads\/2023\/02\/DSC_0618a-scaled.jpg\" data-link=\"https:\/\/www.urlaub-und-stadien.de\/?attachment_id=9123\" class=\"wp-image-9123\" srcset=\"http:\/\/www.urlaub-und-stadien.de\/wp-content\/uploads\/2023\/02\/DSC_0618a-1024x575.jpg 1024w, http:\/\/www.urlaub-und-stadien.de\/wp-content\/uploads\/2023\/02\/DSC_0618a-300x169.jpg 300w, http:\/\/www.urlaub-und-stadien.de\/wp-content\/uploads\/2023\/02\/DSC_0618a-768x431.jpg 768w, http:\/\/www.urlaub-und-stadien.de\/wp-content\/uploads\/2023\/02\/DSC_0618a-1536x863.jpg 1536w, http:\/\/www.urlaub-und-stadien.de\/wp-content\/uploads\/2023\/02\/DSC_0618a-2048x1150.jpg 2048w\" sizes=\"(max-width: 1024px) 100vw, 1024px\" \/><\/a><\/figure><\/li><li class=\"blocks-gallery-item\"><figure><a href=\"https:\/\/www.urlaub-und-stadien.de\/?attachment_id=9121\"><img loading=\"lazy\" width=\"1024\" height=\"575\" src=\"https:\/\/www.urlaub-und-stadien.de\/wp-content\/uploads\/2023\/02\/DSC_0614-1024x575.jpg\" alt=\"\" data-id=\"9121\" data-full-url=\"https:\/\/www.urlaub-und-stadien.de\/wp-content\/uploads\/2023\/02\/DSC_0614-scaled.jpg\" data-link=\"https:\/\/www.urlaub-und-stadien.de\/?attachment_id=9121\" class=\"wp-image-9121\" srcset=\"http:\/\/www.urlaub-und-stadien.de\/wp-content\/uploads\/2023\/02\/DSC_0614-1024x575.jpg 1024w, http:\/\/www.urlaub-und-stadien.de\/wp-content\/uploads\/2023\/02\/DSC_0614-300x169.jpg 300w, http:\/\/www.urlaub-und-stadien.de\/wp-content\/uploads\/2023\/02\/DSC_0614-768x431.jpg 768w, http:\/\/www.urlaub-und-stadien.de\/wp-content\/uploads\/2023\/02\/DSC_0614-1536x863.jpg 1536w, http:\/\/www.urlaub-und-stadien.de\/wp-content\/uploads\/2023\/02\/DSC_0614-2048x1151.jpg 2048w\" sizes=\"(max-width: 1024px) 100vw, 1024px\" \/><\/a><\/figure><\/li><li class=\"blocks-gallery-item\"><figure><a href=\"https:\/\/www.urlaub-und-stadien.de\/?attachment_id=9122\"><img loading=\"lazy\" width=\"1024\" height=\"575\" src=\"https:\/\/www.urlaub-und-stadien.de\/wp-content\/uploads\/2023\/02\/DSC_0616-1024x575.jpg\" alt=\"\" data-id=\"9122\" data-full-url=\"https:\/\/www.urlaub-und-stadien.de\/wp-content\/uploads\/2023\/02\/DSC_0616-scaled.jpg\" data-link=\"https:\/\/www.urlaub-und-stadien.de\/?attachment_id=9122\" class=\"wp-image-9122\" srcset=\"http:\/\/www.urlaub-und-stadien.de\/wp-content\/uploads\/2023\/02\/DSC_0616-1024x575.jpg 1024w, http:\/\/www.urlaub-und-stadien.de\/wp-content\/uploads\/2023\/02\/DSC_0616-300x169.jpg 300w, http:\/\/www.urlaub-und-stadien.de\/wp-content\/uploads\/2023\/02\/DSC_0616-768x432.jpg 768w, http:\/\/www.urlaub-und-stadien.de\/wp-content\/uploads\/2023\/02\/DSC_0616-1536x863.jpg 1536w, http:\/\/www.urlaub-und-stadien.de\/wp-content\/uploads\/2023\/02\/DSC_0616-2048x1151.jpg 2048w\" sizes=\"(max-width: 1024px) 100vw, 1024px\" \/><\/a><\/figure><\/li><\/ul><\/figure>\n\n\n\n<p>Abschlie\u00dfend geht es zum Camp mitten im Wadi Rum, um das offene Feuer herum gibt es noch einmal was zu essen. W\u00e4hrenddessen hat sich die Dunkelheit vollends ausgebreitet und zaubert einen Sternenhimmel ans Firmament, wie ich ihn in dieser Reichhaltigkeit noch nie gesehen habe. Wahnsinn. Unfassbar. \u00dcberw\u00e4ltigend.<\/p>\n\n\n\n<p>Wir haben eben klarsten Himmel schon den ganzen Tag \u00fcber und so auch in der Nacht. Hat aber den zus\u00e4tzlichen Effekt, dass es, wenn die Sonne denn mal weg ist, empfindlich kalt wird. Das kann W\u00fcste ja auch, vergisst man ja manchmal. Und obwohl ich mich vorbereitet habe oder meine, dies ausreichend getan zu haben, wird die Nacht zu einer echten Herausforderung. Un-fass-bar kalt, unfassbar, mit drei Decken geht\u2019s dann.<\/p>\n\n\n\n<p class=\"has-black-color has-pale-cyan-blue-background-color has-text-color has-background\">Einschub: Von Skorpionen keine Spur, zum Gl\u00fcck. Hab ich ja ziemlichen Respekt vor und verbinde ich mit W\u00fcste. Find die Tierchen ja schon i-wie sch\u00f6n oder zumindest interessant, aber das hilft ja auch nicht weiter, wenn so einer mal mit seinem Stachel rumfuchtelt.<\/p>\n\n\n\n<p class=\"has-black-color has-pale-cyan-blue-background-color has-text-color has-background\">Ich lerne \u00fcbrigens sp\u00e4ter im Petra-Museum, dass hier wohl schwarze und wei\u00dfe Skorpione rumkrabbeln und dass, je gr\u00f6\u00dfer die Schere oder der Skorpion selber, desto ungiftiger. Was nicht gesagt wird: wie erkenne ich nu, ob der eher gro\u00df oder klein ist, wenn er denn mal vor mir stehen sollte?<\/p>\n\n\n\n<p class=\"has-black-color has-pale-cyan-blue-background-color has-text-color has-background\">Und ich lese weiter, dass den Beduinen fr\u00fcher viele Babys durch Skorpionstiche weggestorben sind. Um dem vorzubeugen, fangen sie mittlerweile Skorpione, trocknen sie und zermahlen sie zu feinem Pulver, das sich die stillende Mama um die Brustwarzen reibt. Beim S\u00e4ugen bekommen die Babys ihre Dosis und werden immunisiert gegen Skorpiongift.<\/p>\n\n\n\n<p class=\"has-black-color has-pale-cyan-blue-background-color has-text-color has-background\">Woanders lese ich, dass die Beduinenm\u00fctter die Kleinkinder von eher ungiftigen Skorpionen stechen lassen, damit sie Antik\u00f6rper bilden. F\u00fcr den Fall der F\u00e4lle.<\/p>\n\n\n\n<p>Dem erwachenden Morgen wohnt dann ein \u00fcberw\u00e4ltigender Zauber inne. So wie gestern die Sonne nach und nach einen Schatten \u00fcber die Berge gelegt hat zieht sie nun diesen Vorhang bed\u00e4chtig hoch und verleiht der Szenerie einen unbeschreiblichen Glanz. Der Sternenhimmel gestern Nacht war schon sehr besonders, der Morgen indes toppt das irgendwie noch. Der erwachende Tag, eiskalt und doch voller W\u00e4rme, voller Schatten um das Camp und gegen\u00fcber auf den Felsen die Sonne, die den Schatten schon vertreibt, die unendliche Stille, die zart durchbrochen wird vom erwachenden Camp. Ein Moment vollkommenen Gl\u00fcckes.<\/p>\n\n\n\n<figure class=\"wp-block-gallery columns-1 is-cropped\"><ul class=\"blocks-gallery-grid\"><li class=\"blocks-gallery-item\"><figure><a href=\"https:\/\/www.urlaub-und-stadien.de\/?attachment_id=9124\"><img loading=\"lazy\" width=\"1024\" height=\"575\" src=\"https:\/\/www.urlaub-und-stadien.de\/wp-content\/uploads\/2023\/02\/DSC_0778-1024x575.jpg\" alt=\"\" data-id=\"9124\" data-full-url=\"https:\/\/www.urlaub-und-stadien.de\/wp-content\/uploads\/2023\/02\/DSC_0778-scaled.jpg\" data-link=\"https:\/\/www.urlaub-und-stadien.de\/?attachment_id=9124\" class=\"wp-image-9124\" srcset=\"http:\/\/www.urlaub-und-stadien.de\/wp-content\/uploads\/2023\/02\/DSC_0778-1024x575.jpg 1024w, http:\/\/www.urlaub-und-stadien.de\/wp-content\/uploads\/2023\/02\/DSC_0778-300x169.jpg 300w, http:\/\/www.urlaub-und-stadien.de\/wp-content\/uploads\/2023\/02\/DSC_0778-768x431.jpg 768w, http:\/\/www.urlaub-und-stadien.de\/wp-content\/uploads\/2023\/02\/DSC_0778-1536x863.jpg 1536w, http:\/\/www.urlaub-und-stadien.de\/wp-content\/uploads\/2023\/02\/DSC_0778-2048x1151.jpg 2048w\" sizes=\"(max-width: 1024px) 100vw, 1024px\" \/><\/a><\/figure><\/li><\/ul><\/figure>\n\n\n\n<p>Dann laufen mir auch noch paar Kamele ins Bild, mehr W\u00fcstenfeeling geht ja kaum. Wahrscheinlich sind es genau die Kamele, die eine Stunde sp\u00e4ter vollgeh\u00e4ngt mit folkloristischem Ged\u00f6ns die Touristen durch die Gegend schleppen, aber f\u00fcr das morgendliche Bild z\u00e4hlt das ja noch nicht.<\/p>\n\n\n\n<figure class=\"wp-block-gallery columns-1 is-cropped\"><ul class=\"blocks-gallery-grid\"><li class=\"blocks-gallery-item\"><figure><a href=\"https:\/\/www.urlaub-und-stadien.de\/?attachment_id=9125\"><img loading=\"lazy\" width=\"1024\" height=\"575\" src=\"https:\/\/www.urlaub-und-stadien.de\/wp-content\/uploads\/2023\/02\/DSC_0803-1024x575.jpg\" alt=\"\" data-id=\"9125\" data-full-url=\"https:\/\/www.urlaub-und-stadien.de\/wp-content\/uploads\/2023\/02\/DSC_0803.jpg\" data-link=\"https:\/\/www.urlaub-und-stadien.de\/?attachment_id=9125\" class=\"wp-image-9125\" srcset=\"http:\/\/www.urlaub-und-stadien.de\/wp-content\/uploads\/2023\/02\/DSC_0803-1024x575.jpg 1024w, http:\/\/www.urlaub-und-stadien.de\/wp-content\/uploads\/2023\/02\/DSC_0803-300x169.jpg 300w, http:\/\/www.urlaub-und-stadien.de\/wp-content\/uploads\/2023\/02\/DSC_0803-768x431.jpg 768w, http:\/\/www.urlaub-und-stadien.de\/wp-content\/uploads\/2023\/02\/DSC_0803-1536x863.jpg 1536w, http:\/\/www.urlaub-und-stadien.de\/wp-content\/uploads\/2023\/02\/DSC_0803-2048x1150.jpg 2048w\" sizes=\"(max-width: 1024px) 100vw, 1024px\" \/><\/a><\/figure><\/li><\/ul><\/figure>\n\n\n\n<p>Da wir vier als n\u00e4chstes das gleiche Ziel haben, nehmen wir uns ein Taxi nach Petra, kostet 10 JD pro Nase (bissel mehr als 10 \u20ac), was f\u00fcr 2h Fahrt okay ist. Dann trennen sich unsere Wege.<\/p>\n\n\n\n<p>Einchecken im Hotel in Petra kann ich zu so fr\u00fcher Stunde noch nicht, also ab ins Weltkulturerbe. Eintritt ist mit 50 JD alles andere als billig, mit dem Jordan-Pass kostet es nix. Und man hat die Visa-Geb\u00fchren mit drin und Eintritt in paar andere Burgen, Ausgrabungen oder Museen. Lohnt sich also.<\/p>\n\n\n\n<p>Petra ist so reich an Highlights, dass zwei Tage genau richtig sind. So kann ich auch die Wege abseits das Hauptwegs gehen, mir Zeit lassen f\u00fcr die Dinge und vor allem immer mal wieder innehalten bei leckerem Kaffee Cardamom, Granatapfelsaft und Halva.<\/p>\n\n\n\n<p>Im Siq ist mit inne halten allerdings noch nicht viel, es ist das erste wirklich herausragende Highlight und man sieht dieser Schlucht ihre Entstehung an. Viel und best\u00e4ndiges Wasser hat eine sich windende Schlucht geschnitten von beeindruckender Sch\u00f6nheit, Wildheit und Abwechslung. Teilweise wirken die engen Z\u00fcge der Schlucht wie Kaminz\u00fcge, an mancher Stelle schon arg zugig.<\/p>\n\n\n\n<figure class=\"wp-block-gallery columns-3 is-cropped\"><ul class=\"blocks-gallery-grid\"><li class=\"blocks-gallery-item\"><figure><a href=\"https:\/\/www.urlaub-und-stadien.de\/?attachment_id=9126\"><img loading=\"lazy\" width=\"575\" height=\"1024\" src=\"https:\/\/www.urlaub-und-stadien.de\/wp-content\/uploads\/2023\/02\/DSC_0815-575x1024.jpg\" alt=\"\" data-id=\"9126\" data-full-url=\"https:\/\/www.urlaub-und-stadien.de\/wp-content\/uploads\/2023\/02\/DSC_0815-scaled.jpg\" data-link=\"https:\/\/www.urlaub-und-stadien.de\/?attachment_id=9126\" class=\"wp-image-9126\" srcset=\"http:\/\/www.urlaub-und-stadien.de\/wp-content\/uploads\/2023\/02\/DSC_0815-575x1024.jpg 575w, http:\/\/www.urlaub-und-stadien.de\/wp-content\/uploads\/2023\/02\/DSC_0815-169x300.jpg 169w, http:\/\/www.urlaub-und-stadien.de\/wp-content\/uploads\/2023\/02\/DSC_0815-768x1367.jpg 768w, http:\/\/www.urlaub-und-stadien.de\/wp-content\/uploads\/2023\/02\/DSC_0815-863x1536.jpg 863w, http:\/\/www.urlaub-und-stadien.de\/wp-content\/uploads\/2023\/02\/DSC_0815-1151x2048.jpg 1151w, http:\/\/www.urlaub-und-stadien.de\/wp-content\/uploads\/2023\/02\/DSC_0815-scaled.jpg 1438w\" sizes=\"(max-width: 575px) 100vw, 575px\" \/><\/a><\/figure><\/li><li class=\"blocks-gallery-item\"><figure><a href=\"https:\/\/www.urlaub-und-stadien.de\/?attachment_id=9127\"><img loading=\"lazy\" width=\"575\" height=\"1024\" src=\"https:\/\/www.urlaub-und-stadien.de\/wp-content\/uploads\/2023\/02\/DSC_0920a-575x1024.jpg\" alt=\"\" data-id=\"9127\" data-full-url=\"https:\/\/www.urlaub-und-stadien.de\/wp-content\/uploads\/2023\/02\/DSC_0920a-scaled.jpg\" data-link=\"https:\/\/www.urlaub-und-stadien.de\/?attachment_id=9127\" class=\"wp-image-9127\" srcset=\"http:\/\/www.urlaub-und-stadien.de\/wp-content\/uploads\/2023\/02\/DSC_0920a-575x1024.jpg 575w, http:\/\/www.urlaub-und-stadien.de\/wp-content\/uploads\/2023\/02\/DSC_0920a-168x300.jpg 168w, http:\/\/www.urlaub-und-stadien.de\/wp-content\/uploads\/2023\/02\/DSC_0920a-768x1368.jpg 768w, http:\/\/www.urlaub-und-stadien.de\/wp-content\/uploads\/2023\/02\/DSC_0920a-862x1536.jpg 862w, http:\/\/www.urlaub-und-stadien.de\/wp-content\/uploads\/2023\/02\/DSC_0920a-1150x2048.jpg 1150w, http:\/\/www.urlaub-und-stadien.de\/wp-content\/uploads\/2023\/02\/DSC_0920a-scaled.jpg 1437w\" sizes=\"(max-width: 575px) 100vw, 575px\" \/><\/a><\/figure><\/li><li class=\"blocks-gallery-item\"><figure><a href=\"https:\/\/www.urlaub-und-stadien.de\/?attachment_id=9129\"><img loading=\"lazy\" width=\"575\" height=\"1024\" src=\"https:\/\/www.urlaub-und-stadien.de\/wp-content\/uploads\/2023\/02\/DSC_0930-575x1024.jpg\" alt=\"\" data-id=\"9129\" data-full-url=\"https:\/\/www.urlaub-und-stadien.de\/wp-content\/uploads\/2023\/02\/DSC_0930-scaled.jpg\" data-link=\"https:\/\/www.urlaub-und-stadien.de\/?attachment_id=9129\" class=\"wp-image-9129\" srcset=\"http:\/\/www.urlaub-und-stadien.de\/wp-content\/uploads\/2023\/02\/DSC_0930-575x1024.jpg 575w, http:\/\/www.urlaub-und-stadien.de\/wp-content\/uploads\/2023\/02\/DSC_0930-169x300.jpg 169w, http:\/\/www.urlaub-und-stadien.de\/wp-content\/uploads\/2023\/02\/DSC_0930-768x1367.jpg 768w, http:\/\/www.urlaub-und-stadien.de\/wp-content\/uploads\/2023\/02\/DSC_0930-863x1536.jpg 863w, http:\/\/www.urlaub-und-stadien.de\/wp-content\/uploads\/2023\/02\/DSC_0930-1151x2048.jpg 1151w, http:\/\/www.urlaub-und-stadien.de\/wp-content\/uploads\/2023\/02\/DSC_0930-scaled.jpg 1438w\" sizes=\"(max-width: 575px) 100vw, 575px\" \/><\/a><\/figure><\/li><\/ul><\/figure>\n\n\n\n<p>Die Schlucht endet filmreif am Schatzhaus (Al Khazna), erst ist nur ein Teil der Fassade zu sehen, ockerfarben leuchtet die Struktur durch dunkle Felsen. Nur ein paar Schritte noch und der Blick wird nach oben gezogen: Reliefs und Kapitele und eine riesige Urne, auf 40 Metern H\u00f6he verteilt. Atemberaubend sch\u00f6n.<\/p>\n\n\n\n<figure class=\"wp-block-gallery columns-2 is-cropped\"><ul class=\"blocks-gallery-grid\"><li class=\"blocks-gallery-item\"><figure><a href=\"https:\/\/www.urlaub-und-stadien.de\/?attachment_id=9128\"><img loading=\"lazy\" width=\"575\" height=\"1024\" src=\"https:\/\/www.urlaub-und-stadien.de\/wp-content\/uploads\/2023\/02\/DSC_0819-575x1024.jpg\" alt=\"\" data-id=\"9128\" data-full-url=\"https:\/\/www.urlaub-und-stadien.de\/wp-content\/uploads\/2023\/02\/DSC_0819-scaled.jpg\" data-link=\"https:\/\/www.urlaub-und-stadien.de\/?attachment_id=9128\" class=\"wp-image-9128\" srcset=\"http:\/\/www.urlaub-und-stadien.de\/wp-content\/uploads\/2023\/02\/DSC_0819-575x1024.jpg 575w, http:\/\/www.urlaub-und-stadien.de\/wp-content\/uploads\/2023\/02\/DSC_0819-169x300.jpg 169w, http:\/\/www.urlaub-und-stadien.de\/wp-content\/uploads\/2023\/02\/DSC_0819-768x1367.jpg 768w, http:\/\/www.urlaub-und-stadien.de\/wp-content\/uploads\/2023\/02\/DSC_0819-863x1536.jpg 863w, http:\/\/www.urlaub-und-stadien.de\/wp-content\/uploads\/2023\/02\/DSC_0819-1151x2048.jpg 1151w, http:\/\/www.urlaub-und-stadien.de\/wp-content\/uploads\/2023\/02\/DSC_0819-scaled.jpg 1438w\" sizes=\"(max-width: 575px) 100vw, 575px\" \/><\/a><\/figure><\/li><li class=\"blocks-gallery-item\"><figure><a href=\"https:\/\/www.urlaub-und-stadien.de\/?attachment_id=9130\"><img loading=\"lazy\" width=\"575\" height=\"1024\" src=\"https:\/\/www.urlaub-und-stadien.de\/wp-content\/uploads\/2023\/02\/DSC_0822a-575x1024.jpg\" alt=\"\" data-id=\"9130\" data-full-url=\"https:\/\/www.urlaub-und-stadien.de\/wp-content\/uploads\/2023\/02\/DSC_0822a-scaled.jpg\" data-link=\"https:\/\/www.urlaub-und-stadien.de\/?attachment_id=9130\" class=\"wp-image-9130\" srcset=\"http:\/\/www.urlaub-und-stadien.de\/wp-content\/uploads\/2023\/02\/DSC_0822a-575x1024.jpg 575w, http:\/\/www.urlaub-und-stadien.de\/wp-content\/uploads\/2023\/02\/DSC_0822a-169x300.jpg 169w, http:\/\/www.urlaub-und-stadien.de\/wp-content\/uploads\/2023\/02\/DSC_0822a-768x1367.jpg 768w, http:\/\/www.urlaub-und-stadien.de\/wp-content\/uploads\/2023\/02\/DSC_0822a-863x1536.jpg 863w, http:\/\/www.urlaub-und-stadien.de\/wp-content\/uploads\/2023\/02\/DSC_0822a-1151x2048.jpg 1151w, http:\/\/www.urlaub-und-stadien.de\/wp-content\/uploads\/2023\/02\/DSC_0822a-scaled.jpg 1438w\" sizes=\"(max-width: 575px) 100vw, 575px\" \/><\/a><\/figure><\/li><\/ul><\/figure>\n\n\n\n<p>Die Fassadenstra\u00dfe mit nabat\u00e4ischen Gr\u00e4bern schlie\u00dft sich an. Flie\u00dfender \u00dcbergang zu den K\u00f6nigsgr\u00e4bern. Unfassbar viel zu entdecken, erhaben und gro\u00df und sp\u00e4testens die Gr\u00f6\u00dfe der Gr\u00e4ber, ja eher Mausoleen l\u00e4sst R\u00fcckschl\u00fcsse auf die urspr\u00fcngliche Bedeutung der ganzen Anlage zu. Sp\u00e4testens.<\/p>\n\n\n\n<p>Und gerade von hier oben begeistert der Blick auf das Amphitheater, wie so vieles hier vollst\u00e4ndig aus dem Felsen gehauen. 4.000 Pl\u00e4tze, an anderer Stelle lese ich von 7.000 Pl\u00e4tzen, starkes Teil, ganz starkes Teil.<\/p>\n\n\n\n<figure class=\"wp-block-gallery columns-1 is-cropped\"><ul class=\"blocks-gallery-grid\"><li class=\"blocks-gallery-item\"><figure><a href=\"https:\/\/www.urlaub-und-stadien.de\/?attachment_id=9177\"><img loading=\"lazy\" width=\"1024\" height=\"575\" src=\"https:\/\/www.urlaub-und-stadien.de\/wp-content\/uploads\/2023\/02\/DSC_0985-1-1024x575.jpg\" alt=\"\" data-id=\"9177\" data-full-url=\"https:\/\/www.urlaub-und-stadien.de\/wp-content\/uploads\/2023\/02\/DSC_0985-1-scaled.jpg\" data-link=\"https:\/\/www.urlaub-und-stadien.de\/?attachment_id=9177\" class=\"wp-image-9177\" srcset=\"http:\/\/www.urlaub-und-stadien.de\/wp-content\/uploads\/2023\/02\/DSC_0985-1-1024x575.jpg 1024w, http:\/\/www.urlaub-und-stadien.de\/wp-content\/uploads\/2023\/02\/DSC_0985-1-300x169.jpg 300w, http:\/\/www.urlaub-und-stadien.de\/wp-content\/uploads\/2023\/02\/DSC_0985-1-768x431.jpg 768w, http:\/\/www.urlaub-und-stadien.de\/wp-content\/uploads\/2023\/02\/DSC_0985-1-1536x863.jpg 1536w, http:\/\/www.urlaub-und-stadien.de\/wp-content\/uploads\/2023\/02\/DSC_0985-1-2048x1151.jpg 2048w\" sizes=\"(max-width: 1024px) 100vw, 1024px\" \/><\/a><\/figure><\/li><li class=\"blocks-gallery-item\"><figure><a href=\"https:\/\/www.urlaub-und-stadien.de\/?attachment_id=9178\"><img loading=\"lazy\" width=\"1024\" height=\"575\" src=\"https:\/\/www.urlaub-und-stadien.de\/wp-content\/uploads\/2023\/02\/DSC_1009-1-1024x575.jpg\" alt=\"\" data-id=\"9178\" data-full-url=\"https:\/\/www.urlaub-und-stadien.de\/wp-content\/uploads\/2023\/02\/DSC_1009-1-scaled.jpg\" data-link=\"https:\/\/www.urlaub-und-stadien.de\/?attachment_id=9178\" class=\"wp-image-9178\" srcset=\"http:\/\/www.urlaub-und-stadien.de\/wp-content\/uploads\/2023\/02\/DSC_1009-1-1024x575.jpg 1024w, http:\/\/www.urlaub-und-stadien.de\/wp-content\/uploads\/2023\/02\/DSC_1009-1-300x169.jpg 300w, http:\/\/www.urlaub-und-stadien.de\/wp-content\/uploads\/2023\/02\/DSC_1009-1-768x431.jpg 768w, http:\/\/www.urlaub-und-stadien.de\/wp-content\/uploads\/2023\/02\/DSC_1009-1-1536x863.jpg 1536w, http:\/\/www.urlaub-und-stadien.de\/wp-content\/uploads\/2023\/02\/DSC_1009-1-2048x1151.jpg 2048w\" sizes=\"(max-width: 1024px) 100vw, 1024px\" \/><\/a><\/figure><\/li><\/ul><\/figure>\n\n\n\n<p>Das Zentrum markiert der gro\u00dfe Tempel, so gro\u00df wie ein Fu\u00dfballfeld, recht viel ist erhalten, so dass sich die Dimensionen recht gut nachvollziehen lassen. Da die S\u00e4ulen 15 Meter hoch sind, l\u00e4sst sich vermuten, dass der Tempel insgesamt mind. 18 Meter hoch war.<\/p>\n\n\n\n<figure class=\"wp-block-gallery columns-1 is-cropped\"><ul class=\"blocks-gallery-grid\"><li class=\"blocks-gallery-item\"><figure><a href=\"https:\/\/www.urlaub-und-stadien.de\/?attachment_id=9131\"><img loading=\"lazy\" width=\"1024\" height=\"575\" src=\"https:\/\/www.urlaub-und-stadien.de\/wp-content\/uploads\/2023\/02\/DSC_0888-1024x575.jpg\" alt=\"\" data-id=\"9131\" data-full-url=\"https:\/\/www.urlaub-und-stadien.de\/wp-content\/uploads\/2023\/02\/DSC_0888-scaled.jpg\" data-link=\"https:\/\/www.urlaub-und-stadien.de\/?attachment_id=9131\" class=\"wp-image-9131\" srcset=\"http:\/\/www.urlaub-und-stadien.de\/wp-content\/uploads\/2023\/02\/DSC_0888-1024x575.jpg 1024w, http:\/\/www.urlaub-und-stadien.de\/wp-content\/uploads\/2023\/02\/DSC_0888-300x169.jpg 300w, http:\/\/www.urlaub-und-stadien.de\/wp-content\/uploads\/2023\/02\/DSC_0888-768x431.jpg 768w, http:\/\/www.urlaub-und-stadien.de\/wp-content\/uploads\/2023\/02\/DSC_0888-1536x863.jpg 1536w, http:\/\/www.urlaub-und-stadien.de\/wp-content\/uploads\/2023\/02\/DSC_0888-2048x1151.jpg 2048w\" sizes=\"(max-width: 1024px) 100vw, 1024px\" \/><\/a><\/figure><\/li><li class=\"blocks-gallery-item\"><figure><a href=\"https:\/\/www.urlaub-und-stadien.de\/?attachment_id=9134\"><img loading=\"lazy\" width=\"1024\" height=\"575\" src=\"https:\/\/www.urlaub-und-stadien.de\/wp-content\/uploads\/2023\/02\/DSC_1033-1024x575.jpg\" alt=\"\" data-id=\"9134\" data-full-url=\"https:\/\/www.urlaub-und-stadien.de\/wp-content\/uploads\/2023\/02\/DSC_1033-scaled.jpg\" data-link=\"https:\/\/www.urlaub-und-stadien.de\/?attachment_id=9134\" class=\"wp-image-9134\" srcset=\"http:\/\/www.urlaub-und-stadien.de\/wp-content\/uploads\/2023\/02\/DSC_1033-1024x575.jpg 1024w, http:\/\/www.urlaub-und-stadien.de\/wp-content\/uploads\/2023\/02\/DSC_1033-300x169.jpg 300w, http:\/\/www.urlaub-und-stadien.de\/wp-content\/uploads\/2023\/02\/DSC_1033-768x431.jpg 768w, http:\/\/www.urlaub-und-stadien.de\/wp-content\/uploads\/2023\/02\/DSC_1033-1536x863.jpg 1536w, http:\/\/www.urlaub-und-stadien.de\/wp-content\/uploads\/2023\/02\/DSC_1033-2048x1151.jpg 2048w\" sizes=\"(max-width: 1024px) 100vw, 1024px\" \/><\/a><\/figure><\/li><\/ul><\/figure>\n\n\n\n<p>Ein paar Kaffee Cardamom sp\u00e4ter geht es 788 Stufen hoch zum Highlight von Petra: das Kloster (Ad Deir). 47 Meter breit, 48 Meter hoch, eines der gr\u00f6\u00dften Bauwerke von Petra. In den Fels gehauen wie das Schatzhaus, aber halt noch beeindruckender.<\/p>\n\n\n\n<p>Teils unangenehme Felsenstufen geht es hoch. Unangenehm auch die Esel, die st\u00e4ndig hoch und runtergetrieben werden mit Touristen obendrauf, was man jetzt den Eseln nicht vorwerfen kann, sondern, denen, die sie da durch die Gegend treiben f\u00fcr Geld. Unsch\u00f6ne Tierqu\u00e4lerei.<\/p>\n\n\n\n<p>Aber das Kloster ist schon sehr geil. Bissel weiter will ich noch, rauf zum Caf\u00e9 am Ende der Welt. Da schmeckt der Kaffee doch gleich doppelt so gut. Dann noch zwei drei andere Perspektiven von Ad Deir, sch\u00f6n hier. Petra begeistert mich schwer.<\/p>\n\n\n\n<figure class=\"wp-block-gallery columns-1 is-cropped\"><ul class=\"blocks-gallery-grid\"><li class=\"blocks-gallery-item\"><figure><a href=\"https:\/\/www.urlaub-und-stadien.de\/?attachment_id=9136\"><img loading=\"lazy\" width=\"1024\" height=\"575\" src=\"https:\/\/www.urlaub-und-stadien.de\/wp-content\/uploads\/2023\/02\/DSC_0884-1-1024x575.jpg\" alt=\"\" data-id=\"9136\" data-link=\"https:\/\/www.urlaub-und-stadien.de\/?attachment_id=9136\" class=\"wp-image-9136\" srcset=\"http:\/\/www.urlaub-und-stadien.de\/wp-content\/uploads\/2023\/02\/DSC_0884-1-1024x575.jpg 1024w, http:\/\/www.urlaub-und-stadien.de\/wp-content\/uploads\/2023\/02\/DSC_0884-1-300x169.jpg 300w, http:\/\/www.urlaub-und-stadien.de\/wp-content\/uploads\/2023\/02\/DSC_0884-1-768x431.jpg 768w, http:\/\/www.urlaub-und-stadien.de\/wp-content\/uploads\/2023\/02\/DSC_0884-1-1536x863.jpg 1536w, http:\/\/www.urlaub-und-stadien.de\/wp-content\/uploads\/2023\/02\/DSC_0884-1-2048x1150.jpg 2048w\" sizes=\"(max-width: 1024px) 100vw, 1024px\" \/><\/a><\/figure><\/li><li class=\"blocks-gallery-item\"><figure><a href=\"https:\/\/www.urlaub-und-stadien.de\/?attachment_id=9169\"><img loading=\"lazy\" width=\"1024\" height=\"575\" src=\"https:\/\/www.urlaub-und-stadien.de\/wp-content\/uploads\/2023\/02\/DSC_0859-1024x575.jpg\" alt=\"\" data-id=\"9169\" data-full-url=\"https:\/\/www.urlaub-und-stadien.de\/wp-content\/uploads\/2023\/02\/DSC_0859-scaled.jpg\" data-link=\"https:\/\/www.urlaub-und-stadien.de\/?attachment_id=9169\" class=\"wp-image-9169\" srcset=\"http:\/\/www.urlaub-und-stadien.de\/wp-content\/uploads\/2023\/02\/DSC_0859-1024x575.jpg 1024w, http:\/\/www.urlaub-und-stadien.de\/wp-content\/uploads\/2023\/02\/DSC_0859-300x169.jpg 300w, http:\/\/www.urlaub-und-stadien.de\/wp-content\/uploads\/2023\/02\/DSC_0859-768x431.jpg 768w, http:\/\/www.urlaub-und-stadien.de\/wp-content\/uploads\/2023\/02\/DSC_0859-1536x863.jpg 1536w, http:\/\/www.urlaub-und-stadien.de\/wp-content\/uploads\/2023\/02\/DSC_0859-2048x1151.jpg 2048w\" sizes=\"(max-width: 1024px) 100vw, 1024px\" \/><\/a><\/figure><\/li><\/ul><\/figure>\n\n\n\n<p>Petra geht auf die Nabat\u00e4er zur\u00fcck. Auf der Suche nach den besten Weidepl\u00e4tzen, immer auf der Suche nach fruchtbarem Boden f\u00fcr ihre Schafe, Ziegen, Kamele waren die Beduinen st\u00e4ndig in Bewegung. So kommen sie ab dem 6. und 5. Jahrhundert v. Chr. in die Region. Etablieren sich, treiben Handel, werden sesshaft. Eine Mischung aus seminomadischer Viehzucht, Oasenfeldbau und Karawanenhandel zwischen dem Toten und Roten Meer wird ihre Basis.<\/p>\n\n\n\n<p>Wahrscheinlich sind ab 300\/400 v. Chr. die Nabat\u00e4er als Zwischenh\u00e4ndler in den Weihrauchhandel involviert. <em><strong><a href=\"https:\/\/weihrauchwelt.de\/ueber-weihrauch\/\">Weihrauch<\/a> <\/strong><\/em>hat halt schon seit Jahrtausenden seine Bedeutung und seinen Preis. Hier ist ein Umschlagplatz, Weihrauch ist hier auch heute noch ein Thema. Weihrauch, Myrrhe, Gold, Gew\u00fcrze; kein Wunder, dass der Reichtum der Nabat\u00e4er stetig steigt.<\/p>\n\n\n\n<p>Der Handel reicht bis hin nach Mesopotamien und Persien. Entscheidend dabei der Karawanenhandel, der bringt unermessliche Einnahmequellen. Und entscheidend dabei die Besetzung der wichtigen Wasserstellen und Oasen, letztlich der Handelspl\u00e4tze und damit die Kontrolle der Karawanenrouten. Beste Voraussetzungen schafft ein zentralisiertes Staatsystem, die Einigung aller nabat\u00e4ischen St\u00e4mme unter F\u00fchrung eines K\u00f6nigs. Vermutlich ist der erste K\u00f6nig Aretas I. ca. 100 v. Chr. Unter Areta III. erreichen die Nabat\u00e4er die gr\u00f6\u00dfte politische Macht und geographischen Ausdehnung.<\/p>\n\n\n\n<p>Aber nach ca. 200 Jahren ist es vorbei mit dem Nabat\u00e4er-Reich, welches unter zunehmenden Einfluss der R\u00f6mer ger\u00e4t, bis Rom mit der Besetzung dem nabat\u00e4ischen W\u00fcstenreich das Ende bereitet, ca. 100 n. Chr.<\/p>\n\n\n\n<p>Petra, die Hauptstadt mit ihren Tempeln, Schatzkammern, H\u00e4usern und Gr\u00e4bern gedeiht indes weiter. Bis 363 n. Chr. ein Erdbeben die Stadt zerst\u00f6rt. Das Erdbeben und ver\u00e4nderte Handelsrouten d\u00fcrften dazu gef\u00fchrt haben, dass die Stadt nach und nach verlassen wird, in Vergessenheit ger\u00e4t und erst im 19. Jhdt. wiederentdeckt wird. Heute sind ca. 800 Monumente erhalten.<\/p>\n\n\n\n<p>Die S\u00fcddeutsche Zeitung h\u00e4lt noch eine schicke These zu den Heiligen Drei K\u00f6nigen und Petra bereit und i-wie deutet genau das schon auf den zweiten Teil des Urlaubs, wenn es ins Heilige Land in die Heilige Stadt geht.<\/p>\n\n\n\n<p class=\"has-luminous-vivid-amber-background-color has-background\"><a href=\"https:\/\/www.sueddeutsche.de\/leben\/petra-felsenstadt-heilige-drei-koenige-herkunft-1.5726460?reduced=true\"><strong><em>Im Reich der Nabat\u00e4er<\/em><\/strong><\/a> \u201eAuf die Spur ihrer Herkunft bringen einen die Gaben der K\u00f6nige. Gold, Weihrauch und Myrrhe waren vorwiegend Handelsg\u00fcter der Nabat\u00e4er, die zwischen Rotem und Totem Meer ein immer noch r\u00e4tselhaftes Reich errichtet hatten, mit Petra als Hauptstadt. Zumindest d\u00fcrften die Gabenbringer dort, auf ihrem Weg aus dem nebul\u00f6sen Morgenland dem Stern von Bethlehem folgend, gerastet haben. [\u2026]<\/p>\n\n\n\n<p class=\"has-luminous-vivid-amber-background-color has-background\">[E]ines unterschied die m\u00e4rchenhaft reichen Nabat\u00e4er von anderen V\u00f6lkern, und das Motiv daf\u00fcr kann man sich nur als eine Art kunstsinnigen Geistesblitz vorstellen, der bis heute in Stein gemei\u00dfelt fortwirkt. Sie wollten die rauen Felsw\u00fcsten ihrer Heimat in den sch\u00f6nen Glanz von Zauberschl\u00f6ssern \u00fcberf\u00fchren &#8211; ebenso surreal wie echt. Vielleicht wollten die Heiligen Drei K\u00f6nige durch ihre Gaben genau darauf aufmerksam machen: auf das elementare Kunstsch\u00f6ne dieser R\u00e4tselstadt, nicht allzu weit von Bethlehems Stall.\u201c Vielen Dank SchAppi f\u00fcr das Fundst\u00fcck.<\/p>\n\n\n\n<figure class=\"wp-block-gallery aligncenter columns-1 is-cropped\"><ul class=\"blocks-gallery-grid\"><li class=\"blocks-gallery-item\"><figure><a href=\"https:\/\/www.urlaub-und-stadien.de\/?attachment_id=9166\"><img loading=\"lazy\" width=\"575\" height=\"1024\" src=\"https:\/\/www.urlaub-und-stadien.de\/wp-content\/uploads\/2023\/02\/DSC_0841-575x1024.jpg\" alt=\"\" data-id=\"9166\" data-full-url=\"https:\/\/www.urlaub-und-stadien.de\/wp-content\/uploads\/2023\/02\/DSC_0841-scaled.jpg\" data-link=\"https:\/\/www.urlaub-und-stadien.de\/?attachment_id=9166\" class=\"wp-image-9166\" srcset=\"http:\/\/www.urlaub-und-stadien.de\/wp-content\/uploads\/2023\/02\/DSC_0841-575x1024.jpg 575w, http:\/\/www.urlaub-und-stadien.de\/wp-content\/uploads\/2023\/02\/DSC_0841-169x300.jpg 169w, http:\/\/www.urlaub-und-stadien.de\/wp-content\/uploads\/2023\/02\/DSC_0841-768x1367.jpg 768w, http:\/\/www.urlaub-und-stadien.de\/wp-content\/uploads\/2023\/02\/DSC_0841-863x1536.jpg 863w, http:\/\/www.urlaub-und-stadien.de\/wp-content\/uploads\/2023\/02\/DSC_0841-1151x2048.jpg 1151w, http:\/\/www.urlaub-und-stadien.de\/wp-content\/uploads\/2023\/02\/DSC_0841-scaled.jpg 1438w\" sizes=\"(max-width: 575px) 100vw, 575px\" \/><\/a><\/figure><\/li><\/ul><\/figure>\n\n\n\n<p>Und da ich mir Petra auf zwei Tage aufgeteilt habe, bleibt am Ende noch Zeit f\u00fcr das informative Petra Museum, womit zwei Tage Weltkulturerbe gut gef\u00fcllt sind.<\/p>\n\n\n\n<p>Und eigentlich dachten wir, dass sich unsere Wege getrennt haben. Nicht ganz, die Jungs aus Litauen treffe ich auf einmal wieder, als ich ich den Weg von Ad Deir wieder runter steige, schicke \u00dcberraschung. Im Hotel sind \u00fcbrigens dann auch noch zwei Franzosen, die mit in dem Camp im Wadi Rum waren, wir waren da ja nicht nur zu viert dort. Denen bin ich in Petra dann st\u00e4ndig \u00fcber den Weg gelaufen, auch ganz lustig.<\/p>\n\n\n\n<p>Im Bus nach Amman treffe ich kurz Nisha aus Nepal wieder. Sitze dann die drei Stunden von Petra nach Amman neben einem Jordanier. Freut sich, dass ich sein Land besuche. Er erz\u00e4hlt bissel von sich und Jordanien w\u00e4hrend des Zwischenhaltes. Schon nicht ganz einfache Situation aktuell hier, es gibt Proteste, die sich an den hohen Benzinpreisen entz\u00fcnden, aber tiefer liegen, Schulden, hohe Arbeitslosigkeit, hohe Fl\u00fcchtlingszahlen, das System steht unter Druck. (Taz: \u201e<a href=\"https:\/\/taz.de\/Proteste-in-Jordanien\/!5903883\/\"><em><strong>Kaum Vertrauen, kaum Freiheit<\/strong><\/em><\/a>\u201c, auch hier Danke SchAppi)<\/p>\n\n\n\n<p><\/p>\n\n\n\n<p>Der Bus h\u00e4lt dann irgendwo zentral in Amman. Weiterfahrt mit dem Taxi, wir verst\u00e4ndigen uns auf f\u00fcnf JD, ist angemessen f\u00fcr die Strecke. Allerdings zieht sich die Fahrt nach Downtown Amman, Amman ist ein 4-Mio-Moloch mit st\u00e4ndigem Verkehr, gefahren wird ein- bis vierspurig, je nachdem wie\u2019s passt. Hupen ganz wichtig, hilft aber nicht. So wie man es halt kennt. Langweilig wird\u2019s nicht. Die Fahrt dauert ordentlich lang, fast habe ich bissel Mitleid mit meinem Fahrer. Fast. Denn er hat\u2019s eigentlich schon mit Abfahrt verkackt. Kaum losgefahren h\u00e4lt er mir sein Telefon ans Ohr, Kumpel von ihm oder was auch immer will mir f\u00fcr den n\u00e4chsten Tag gleich ne Stadtrundfahrt und weiteres Zeug verticken. Tut gar nicht erst so, als w\u00fcrde es ihn interessieren, was ich hier so mache. Nicht dass es mich \u00fcberrascht und wirklich st\u00f6rt, geh\u00f6rt ja i-wie auch zum guten Ton hier, aber ich habe keinen Bock. Ich wei\u00df schon, was ich hier machen will. Irgendwann gibt er dann Ruhe.<\/p>\n\n\n\n<p>Das Hotel findet er dann zielsicher genau nicht, setzt mich in der Parallelstrasse ab, immerhin. Der Rest findet sich, auch ohne europaweite Flatrate. So geht es denn in den Silvesterabend. Keine Party, keine Knallerei, sehr fein. <em><strong><a href=\"https:\/\/www.augsburger-allgemeine.de\/panorama\/islamisches-neujahr-2023-termin-bedeutung-und-braeuche-id62973741.html\">Islamisches Neujahr<\/a> <\/strong><\/em>ist erst im Juli und das l\u00e4uft auch anders ab, ohne Knallerei und so.<\/p>\n\n\n\n<p>Tags drauf steht dann Amman auf dem Plan. Start am Amphitheater. Ordentlich steil das Ding, sehr gute Akustik. Wenn ich das richtig sehe, finden hier auch noch Veranstaltungen statt. Dann rauf zur Zitadelle mit r\u00f6mischem Herkules-Tempel. Das Arch\u00e4ologische Museum steht hier auch noch, haut mich aber nicht um.<\/p>\n\n\n\n<figure class=\"wp-block-gallery columns-2 is-cropped\"><ul class=\"blocks-gallery-grid\"><li class=\"blocks-gallery-item\"><figure><a href=\"https:\/\/www.urlaub-und-stadien.de\/?attachment_id=9137\"><img loading=\"lazy\" width=\"1024\" height=\"575\" src=\"https:\/\/www.urlaub-und-stadien.de\/wp-content\/uploads\/2023\/02\/DSC_1080-1024x575.jpg\" alt=\"\" data-id=\"9137\" data-full-url=\"https:\/\/www.urlaub-und-stadien.de\/wp-content\/uploads\/2023\/02\/DSC_1080-scaled.jpg\" data-link=\"https:\/\/www.urlaub-und-stadien.de\/?attachment_id=9137\" class=\"wp-image-9137\" srcset=\"http:\/\/www.urlaub-und-stadien.de\/wp-content\/uploads\/2023\/02\/DSC_1080-1024x575.jpg 1024w, http:\/\/www.urlaub-und-stadien.de\/wp-content\/uploads\/2023\/02\/DSC_1080-300x169.jpg 300w, http:\/\/www.urlaub-und-stadien.de\/wp-content\/uploads\/2023\/02\/DSC_1080-768x431.jpg 768w, http:\/\/www.urlaub-und-stadien.de\/wp-content\/uploads\/2023\/02\/DSC_1080-1536x863.jpg 1536w, http:\/\/www.urlaub-und-stadien.de\/wp-content\/uploads\/2023\/02\/DSC_1080-2048x1151.jpg 2048w\" sizes=\"(max-width: 1024px) 100vw, 1024px\" \/><\/a><\/figure><\/li><li class=\"blocks-gallery-item\"><figure><a href=\"https:\/\/www.urlaub-und-stadien.de\/?attachment_id=9138\"><img loading=\"lazy\" width=\"1024\" height=\"575\" src=\"https:\/\/www.urlaub-und-stadien.de\/wp-content\/uploads\/2023\/02\/DSC_1081-1024x575.jpg\" alt=\"\" data-id=\"9138\" data-full-url=\"https:\/\/www.urlaub-und-stadien.de\/wp-content\/uploads\/2023\/02\/DSC_1081-scaled.jpg\" data-link=\"https:\/\/www.urlaub-und-stadien.de\/?attachment_id=9138\" class=\"wp-image-9138\" srcset=\"http:\/\/www.urlaub-und-stadien.de\/wp-content\/uploads\/2023\/02\/DSC_1081-1024x575.jpg 1024w, http:\/\/www.urlaub-und-stadien.de\/wp-content\/uploads\/2023\/02\/DSC_1081-300x169.jpg 300w, http:\/\/www.urlaub-und-stadien.de\/wp-content\/uploads\/2023\/02\/DSC_1081-768x431.jpg 768w, http:\/\/www.urlaub-und-stadien.de\/wp-content\/uploads\/2023\/02\/DSC_1081-1536x863.jpg 1536w, http:\/\/www.urlaub-und-stadien.de\/wp-content\/uploads\/2023\/02\/DSC_1081-2048x1151.jpg 2048w\" sizes=\"(max-width: 1024px) 100vw, 1024px\" \/><\/a><\/figure><\/li><\/ul><\/figure>\n\n\n\n<p>Also schaue ich die Hashemi oder Talal Stra\u00dfe entlang. Tausende kleine Gesch\u00e4fte, dementsprechend viel los hier und links oder rechts der brodelnde Verkehr. An der al-Husseini-Moschee ist der Souq Al-Sukar. Wieder einer dieser M\u00e4rkte, wie ich ihn liebe, wie er einfach zu diesen L\u00e4ndern geh\u00f6rt. Verwinkelt, wuselig, bunt. Farben und Gew\u00fcrze aus tausend und einer Nacht.<\/p>\n\n\n\n<figure class=\"wp-block-gallery columns-1 is-cropped\"><ul class=\"blocks-gallery-grid\"><li class=\"blocks-gallery-item\"><figure><a href=\"https:\/\/www.urlaub-und-stadien.de\/?attachment_id=9139\"><img loading=\"lazy\" width=\"1024\" height=\"576\" src=\"https:\/\/www.urlaub-und-stadien.de\/wp-content\/uploads\/2023\/02\/IMG_8556-1024x576.jpg\" alt=\"\" data-id=\"9139\" data-full-url=\"https:\/\/www.urlaub-und-stadien.de\/wp-content\/uploads\/2023\/02\/IMG_8556-scaled.jpg\" data-link=\"https:\/\/www.urlaub-und-stadien.de\/?attachment_id=9139\" class=\"wp-image-9139\" srcset=\"http:\/\/www.urlaub-und-stadien.de\/wp-content\/uploads\/2023\/02\/IMG_8556-1024x576.jpg 1024w, http:\/\/www.urlaub-und-stadien.de\/wp-content\/uploads\/2023\/02\/IMG_8556-300x169.jpg 300w, http:\/\/www.urlaub-und-stadien.de\/wp-content\/uploads\/2023\/02\/IMG_8556-768x432.jpg 768w, http:\/\/www.urlaub-und-stadien.de\/wp-content\/uploads\/2023\/02\/IMG_8556-1536x864.jpg 1536w, http:\/\/www.urlaub-und-stadien.de\/wp-content\/uploads\/2023\/02\/IMG_8556-2048x1152.jpg 2048w\" sizes=\"(max-width: 1024px) 100vw, 1024px\" \/><\/a><\/figure><\/li><li class=\"blocks-gallery-item\"><figure><a href=\"https:\/\/www.urlaub-und-stadien.de\/?attachment_id=9140\"><img loading=\"lazy\" width=\"1024\" height=\"576\" src=\"https:\/\/www.urlaub-und-stadien.de\/wp-content\/uploads\/2023\/02\/IMG_8560-1024x576.jpg\" alt=\"\" data-id=\"9140\" data-full-url=\"https:\/\/www.urlaub-und-stadien.de\/wp-content\/uploads\/2023\/02\/IMG_8560-scaled.jpg\" data-link=\"https:\/\/www.urlaub-und-stadien.de\/?attachment_id=9140\" class=\"wp-image-9140\" srcset=\"http:\/\/www.urlaub-und-stadien.de\/wp-content\/uploads\/2023\/02\/IMG_8560-1024x576.jpg 1024w, http:\/\/www.urlaub-und-stadien.de\/wp-content\/uploads\/2023\/02\/IMG_8560-300x169.jpg 300w, http:\/\/www.urlaub-und-stadien.de\/wp-content\/uploads\/2023\/02\/IMG_8560-768x432.jpg 768w, http:\/\/www.urlaub-und-stadien.de\/wp-content\/uploads\/2023\/02\/IMG_8560-1536x864.jpg 1536w, http:\/\/www.urlaub-und-stadien.de\/wp-content\/uploads\/2023\/02\/IMG_8560-2048x1152.jpg 2048w\" sizes=\"(max-width: 1024px) 100vw, 1024px\" \/><\/a><\/figure><\/li><\/ul><\/figure>\n\n\n\n<p>Auf weitere Moscheen hab ich i-wie heute keine Lust, ich widme mich weiteren Reiseplanungen, denn es geht ja noch weiter nach Tel Aviv. Die Highlights von Amman habe ich gesehen. Wenn man in den einschl\u00e4gigen Suchmaschinen nach Top 10 Amman sucht, wird einem gern mal als erstes ein Trip nach Petra angezeigt und als zweites Wadi Rum. Soviel dazu.<\/p>\n\n\n\n<p>Die naheliegende Grenze zwischen Jordanien und Israel ist die King Hussein \/ Allenby Bridge, mit dem Taxi eine Stunde von Amman entfernt. Was dann kommt, ist nichts f\u00fcr schwache Nerven. Irgendwie alles voll mit arabischen Schriftzeichen, sch\u00f6n anzusehen, helfen aber bei der Orientierung nicht so unbedingt weiter. Alles voller Menschen, die Vorstufe zum babylonischen Sprachengewirr. Schlange 1 ist Passkontrolle, sollte passen. Leider nicht ganz, es fehlt noch eine so rein grunds\u00e4tzliche Bescheinigung und der Nachweis der entrichteten Geb\u00fchr. Okay, erledigt. Nur stehe ich nun auf einmal ohne Reisepass da, wie von Zauberhand verschwunden hinter dem Sicherheitsglas in den H\u00e4nden der Grenztrulla. Wo er aber auch nicht mehr ist. Fragende Blicke. Hilflose Gesten. Unbeantwortete Fragen.<\/p>\n\n\n\n<p>Ich m\u00f6ge zum bereitstehenden Bus gehen, aber ohne Pass? Und vor allem welcher Bus? Hoffentlich hat eine Zauberhand den Pass wirklich schon weitertransferiert zum Bus. Zum Gl\u00fcck l\u00f6st es sich dann wirklich i-wie auf. Aber die f\u00fcnf Minuten der Ungewissheit sind schon sehr unangenehm.<\/p>\n\n\n\n<p>Besagter Bus kurvt dann die Leute durch das Niemandsland zwischen den Grenzposten, keiner will, dass da irgendwer zwischen den Grenzen rumstolpert, zumal es ja auch bissel Entfernung und ein Tal dazwischen sind.<\/p>\n\n\n\n<p>Auf israelischer Seite dann wieder Chaos, nur anders. Drei Busse kommen gleichzeitig an und alle voll mit Gep\u00e4ck bis unters Dach. Das wird dann erstmal gecheckt. Verschwindet wie auf dem Flughafen auf einem F\u00f6rderband, alle versuchen, ihr Gep\u00e4ck da unterzubringen. Gleichzeitig. Der Versuch, alle Gep\u00e4ckst\u00fccke i-wie gleichzeitig abzufertigen und zu transportieren muss scheitern, scheint nur nicht jedem klar. Chaos. Zeitweilig ist das Band so \u00fcberladen, dass nix mehr geht und vor allem die kleineren Gep\u00e4ckst\u00fccke drohen, irgendwo runterzufallen und liegenzubleiben.<\/p>\n\n\n\n<p>Ich sehe meinem kleinen Koffer ein letztes Mal tief in die Augen und schicke ihn in die Ungewissheit. Ich hab im Nachbarraum Security Check und Passkontrolle vor mir. Der Raum gerammelt voll. Dem babylonischen Sprachgewirr bei gleichzeitigem Chaos noch ein bisschen n\u00e4her. Welche Wege der Koffer inzwischen nimmt vermag ich mir nicht vorzustellen.<\/p>\n\n\n\n<p>Und doch findet sich auch das. Mein Procedere ist \u00fcberstanden, jetzt kommen nur noch die Rollb\u00e4nder. Und irgendwo in der Ecke steht dann auch mein Koffer.<\/p>\n\n\n\n<p>Shuttle nach Jerusalem, von dort mit der Bahn nach Tel Aviv, ich checke ein und bin p\u00fcnktlich zum Sonnenuntergang am Strand, werfe alle Aufregung des Tages ins Meer und genie\u00dfe die in selbiges tauchende Sonne.<\/p>\n\n\n\n<figure class=\"wp-block-gallery columns-1 is-cropped\"><ul class=\"blocks-gallery-grid\"><li class=\"blocks-gallery-item\"><figure><a href=\"https:\/\/www.urlaub-und-stadien.de\/?attachment_id=9182\"><img loading=\"lazy\" width=\"1024\" height=\"576\" src=\"https:\/\/www.urlaub-und-stadien.de\/wp-content\/uploads\/2023\/02\/IMG_8580-1024x576.jpg\" alt=\"\" data-id=\"9182\" data-full-url=\"https:\/\/www.urlaub-und-stadien.de\/wp-content\/uploads\/2023\/02\/IMG_8580-scaled.jpg\" data-link=\"https:\/\/www.urlaub-und-stadien.de\/?attachment_id=9182\" class=\"wp-image-9182\" srcset=\"http:\/\/www.urlaub-und-stadien.de\/wp-content\/uploads\/2023\/02\/IMG_8580-1024x576.jpg 1024w, http:\/\/www.urlaub-und-stadien.de\/wp-content\/uploads\/2023\/02\/IMG_8580-300x169.jpg 300w, http:\/\/www.urlaub-und-stadien.de\/wp-content\/uploads\/2023\/02\/IMG_8580-768x432.jpg 768w, http:\/\/www.urlaub-und-stadien.de\/wp-content\/uploads\/2023\/02\/IMG_8580-1536x864.jpg 1536w, http:\/\/www.urlaub-und-stadien.de\/wp-content\/uploads\/2023\/02\/IMG_8580-2048x1152.jpg 2048w\" sizes=\"(max-width: 1024px) 100vw, 1024px\" \/><\/a><\/figure><\/li><\/ul><\/figure>\n\n\n\n<p>Gut 420.000 EW hat Tel Aviv. Unfassbar viele Einwanderer-Kulturen haben ihre Spuren hinterlassen, was sich vor allem auch an der K\u00fcche zeigt. Osteurop\u00e4ische Einfl\u00fcsse, iberische Einfl\u00fcsse, iranische Einfl\u00fcsse, afrikanische Einfl\u00fcsse und und und und. Direkt um die Ecke vom Hotel ein russisches Restaurant, da laufen noch Weihnachtslieder rauf und runter. \u201eLast Christmas\u201c ist ja eh schon ein Graus, bei T-Shirt-Wetter am Mittelmeer kommt eine reichlich bizarre Komponente hinzu. Bizarr ist auch der Preis.<\/p>\n\n\n\n<p>1909, als 66 j\u00fcdische Familien das arabische Jaffa verlassen und eine eigene Siedlung errichten, ist das Geburtsjahr der Stadt. 1910 Vergr\u00f6\u00dferung unter dem Namen Tel Aviv (= Fr\u00fchlingsh\u00fcgel). Immer mehr Juden emigrieren aus \u00dcbersee und Europa nach Tel Aviv, Tel Aviv wird zum Zentrum des j\u00fcdischen Siedlungsprojekts im Land.<\/p>\n\n\n\n<p>Am 14. Mai 1948 ruft David Ben-Gurion in Tel Aviv den Staat Israel aus. Ohne Zweifel ist Tel Aviv das wirtschaftliche und kulturelle Zentrum, das Herz des Landes, eine quirlige Stadt ohne Pause, eine Stadt, die niemals schl\u00e4ft, sehr viel Jugend unterwegs.<\/p>\n\n\n\n<p>Pal\u00e4stina, Israel und andere Konflikte, ich lasse sie hier mal beiseite, das in wenige S\u00e4tze zu packen ist unm\u00f6glich. Klar ist aber, Israel ist ein sehr junger Staat und Tel Aviv eine sehr junge Stadt. 1909 gegr\u00fcndet, Jerusalem gibt es zu der Zeit schon 3.000 Jahre.<\/p>\n\n\n\n<p>Und weil eben Tel Aviv so jung ist und weil eben Siedlungsraum entstehen soll f\u00fcr Emigranten und weil eben Jaffa zu klein geworden ist, ist hier der ideale Platz f\u00fcr ein einzigartiges Siedlungsprojekt: Die wei\u00dfe Stadt.<\/p>\n\n\n\n<p>Seit 2003 ist die \u201eWei\u00dfe Stadt\u201c mit ihren \u00fcber 4.000 H\u00e4usern UNESCO-Welterbe. Entstanden in den 1930er- bis 1950er-Jahren \u00fcberwiegend im Internationalen Stil, die Grundidee ist die Bauhaus-Architektur. Das gr\u00f6\u00dfte Ensemble dieser Architektur weltweit. Die Architekten sind j\u00fcdisch-st\u00e4mmige Emigranten aus Europa, Flucht vor Ermordung durch die Nazis f\u00fchrt sie nach Tel Aviv.<\/p>\n\n\n\n<p>Die Einfl\u00fcsse sind vielf\u00e4ltig, kommen nicht nur in direkter Linie vom Bauhaus. Paar Architekten haben am Bauhaus studiert, paar haben die modernsten Architektureinfl\u00fcsse beim Studium mitbekommen. Und wieder andere bringen ihre Einfl\u00fcsse von Le Corbussier mit, der zwar nie am Bauhaus war, aber mindestens mit seinem Manifest und der Villa Savoye einen riesigen Einfluss auf die moderne Architektur hat. All das ergibt einen Mix, der ganz klar Bauhaus ist, aber auch Modifikationen mit sich bringt. Auf Tel-Aviv-Besonderheiten gehe ich bissel sp\u00e4ter ein.<\/p>\n\n\n\n<figure class=\"wp-block-gallery columns-1 is-cropped\"><ul class=\"blocks-gallery-grid\"><li class=\"blocks-gallery-item\"><figure><a href=\"https:\/\/www.urlaub-und-stadien.de\/?attachment_id=9171\"><img loading=\"lazy\" width=\"1024\" height=\"306\" src=\"https:\/\/www.urlaub-und-stadien.de\/wp-content\/uploads\/2023\/02\/DSC_1230a-1-1024x306.jpg\" alt=\"\" data-id=\"9171\" data-full-url=\"https:\/\/www.urlaub-und-stadien.de\/wp-content\/uploads\/2023\/02\/DSC_1230a-1-scaled.jpg\" data-link=\"https:\/\/www.urlaub-und-stadien.de\/?attachment_id=9171\" class=\"wp-image-9171\" srcset=\"http:\/\/www.urlaub-und-stadien.de\/wp-content\/uploads\/2023\/02\/DSC_1230a-1-1024x306.jpg 1024w, http:\/\/www.urlaub-und-stadien.de\/wp-content\/uploads\/2023\/02\/DSC_1230a-1-300x90.jpg 300w, http:\/\/www.urlaub-und-stadien.de\/wp-content\/uploads\/2023\/02\/DSC_1230a-1-768x229.jpg 768w, http:\/\/www.urlaub-und-stadien.de\/wp-content\/uploads\/2023\/02\/DSC_1230a-1-1536x459.jpg 1536w, http:\/\/www.urlaub-und-stadien.de\/wp-content\/uploads\/2023\/02\/DSC_1230a-1-2048x612.jpg 2048w\" sizes=\"(max-width: 1024px) 100vw, 1024px\" \/><\/a><\/figure><\/li><\/ul><\/figure>\n\n\n\n<p>Und so starte ich heute zum Teil I meiner kleinen Tour durch die wei\u00dfe Stadt, was im Kern ja Tel Aviv ist. Die \u00fcberragende Mittelmeerlage hab ich ja gestern Abend schon gesehen. Start am <a href=\"https:\/\/bauhaus-center.com\/de\/\"><em><strong>Bauhaus-Center<\/strong><\/em><\/a> in der Dizengoff St., die werben mit Audiotouren und die sind sehr gut, zur Einf\u00fchrung ein Film \u00fcber die Anf\u00e4nge, dann kann ich los. Ich lasse es erstmal ruhig angehen, gerade am Dizengoff Platz lasse ich mir Zeit. Nebenbei lerne ich so die Textur der lebendigen Stadt kennen, die mit unz\u00e4hligen netten Caf\u00e9s und Restaurants begeistert. Zur Tour geh\u00f6ren neben dem Dizengoff Platz z.B.: Shlomo HaMelekh St, Dizengoff St, Frug St.<\/p>\n\n\n\n<figure class=\"wp-block-gallery columns-1 is-cropped\"><ul class=\"blocks-gallery-grid\"><li class=\"blocks-gallery-item\"><figure><a href=\"https:\/\/www.urlaub-und-stadien.de\/?attachment_id=9143\"><img loading=\"lazy\" width=\"1024\" height=\"575\" src=\"https:\/\/www.urlaub-und-stadien.de\/wp-content\/uploads\/2023\/02\/DSC_1203-1024x575.jpg\" alt=\"\" data-id=\"9143\" data-full-url=\"https:\/\/www.urlaub-und-stadien.de\/wp-content\/uploads\/2023\/02\/DSC_1203-scaled.jpg\" data-link=\"https:\/\/www.urlaub-und-stadien.de\/?attachment_id=9143\" class=\"wp-image-9143\" srcset=\"http:\/\/www.urlaub-und-stadien.de\/wp-content\/uploads\/2023\/02\/DSC_1203-1024x575.jpg 1024w, http:\/\/www.urlaub-und-stadien.de\/wp-content\/uploads\/2023\/02\/DSC_1203-300x169.jpg 300w, http:\/\/www.urlaub-und-stadien.de\/wp-content\/uploads\/2023\/02\/DSC_1203-768x431.jpg 768w, http:\/\/www.urlaub-und-stadien.de\/wp-content\/uploads\/2023\/02\/DSC_1203-1536x863.jpg 1536w, http:\/\/www.urlaub-und-stadien.de\/wp-content\/uploads\/2023\/02\/DSC_1203-2048x1151.jpg 2048w\" sizes=\"(max-width: 1024px) 100vw, 1024px\" \/><\/a><\/figure><\/li><li class=\"blocks-gallery-item\"><figure><a href=\"https:\/\/www.urlaub-und-stadien.de\/?attachment_id=9142\"><img loading=\"lazy\" width=\"1024\" height=\"575\" src=\"https:\/\/www.urlaub-und-stadien.de\/wp-content\/uploads\/2023\/02\/DSC_1094-1024x575.jpg\" alt=\"\" data-id=\"9142\" data-full-url=\"https:\/\/www.urlaub-und-stadien.de\/wp-content\/uploads\/2023\/02\/DSC_1094-scaled.jpg\" data-link=\"https:\/\/www.urlaub-und-stadien.de\/?attachment_id=9142\" class=\"wp-image-9142\" srcset=\"http:\/\/www.urlaub-und-stadien.de\/wp-content\/uploads\/2023\/02\/DSC_1094-1024x575.jpg 1024w, http:\/\/www.urlaub-und-stadien.de\/wp-content\/uploads\/2023\/02\/DSC_1094-300x169.jpg 300w, http:\/\/www.urlaub-und-stadien.de\/wp-content\/uploads\/2023\/02\/DSC_1094-768x432.jpg 768w, http:\/\/www.urlaub-und-stadien.de\/wp-content\/uploads\/2023\/02\/DSC_1094-1536x863.jpg 1536w, http:\/\/www.urlaub-und-stadien.de\/wp-content\/uploads\/2023\/02\/DSC_1094-2048x1151.jpg 2048w\" sizes=\"(max-width: 1024px) 100vw, 1024px\" \/><\/a><\/figure><\/li><li class=\"blocks-gallery-item\"><figure><a href=\"https:\/\/www.urlaub-und-stadien.de\/?attachment_id=9144\"><img loading=\"lazy\" width=\"1024\" height=\"575\" src=\"https:\/\/www.urlaub-und-stadien.de\/wp-content\/uploads\/2023\/02\/DSC_1212-1024x575.jpg\" alt=\"\" data-id=\"9144\" data-full-url=\"https:\/\/www.urlaub-und-stadien.de\/wp-content\/uploads\/2023\/02\/DSC_1212-scaled.jpg\" data-link=\"https:\/\/www.urlaub-und-stadien.de\/?attachment_id=9144\" class=\"wp-image-9144\" srcset=\"http:\/\/www.urlaub-und-stadien.de\/wp-content\/uploads\/2023\/02\/DSC_1212-1024x575.jpg 1024w, http:\/\/www.urlaub-und-stadien.de\/wp-content\/uploads\/2023\/02\/DSC_1212-300x169.jpg 300w, http:\/\/www.urlaub-und-stadien.de\/wp-content\/uploads\/2023\/02\/DSC_1212-768x431.jpg 768w, http:\/\/www.urlaub-und-stadien.de\/wp-content\/uploads\/2023\/02\/DSC_1212-1536x863.jpg 1536w, http:\/\/www.urlaub-und-stadien.de\/wp-content\/uploads\/2023\/02\/DSC_1212-2048x1151.jpg 2048w\" sizes=\"(max-width: 1024px) 100vw, 1024px\" \/><\/a><\/figure><\/li><\/ul><\/figure>\n\n\n\n<p>Den Sonnenuntergang verfolge ich wieder live am Strand, das Hotel ist keine f\u00fcnf Minuten entfernt. Um 20:00 spielt Maccabi Tel Aviv gegen Bnei Sakhnin 5:0 (3:0) im neu erbauten Bloomfield-Stadium vor 10.562 Zuschauern. Es ist Pokalzeit.<\/p>\n\n\n\n<figure class=\"wp-block-gallery columns-1 is-cropped\"><ul class=\"blocks-gallery-grid\"><li class=\"blocks-gallery-item\"><figure><a href=\"https:\/\/www.urlaub-und-stadien.de\/?attachment_id=9157\"><img loading=\"lazy\" width=\"1024\" height=\"437\" src=\"https:\/\/www.urlaub-und-stadien.de\/wp-content\/uploads\/2023\/02\/IMG_8642-1024x437.jpg\" alt=\"\" data-id=\"9157\" data-full-url=\"https:\/\/www.urlaub-und-stadien.de\/wp-content\/uploads\/2023\/02\/IMG_8642-scaled.jpg\" data-link=\"https:\/\/www.urlaub-und-stadien.de\/?attachment_id=9157\" class=\"wp-image-9157\" srcset=\"http:\/\/www.urlaub-und-stadien.de\/wp-content\/uploads\/2023\/02\/IMG_8642-1024x437.jpg 1024w, http:\/\/www.urlaub-und-stadien.de\/wp-content\/uploads\/2023\/02\/IMG_8642-300x128.jpg 300w, http:\/\/www.urlaub-und-stadien.de\/wp-content\/uploads\/2023\/02\/IMG_8642-768x328.jpg 768w, http:\/\/www.urlaub-und-stadien.de\/wp-content\/uploads\/2023\/02\/IMG_8642-1536x656.jpg 1536w, http:\/\/www.urlaub-und-stadien.de\/wp-content\/uploads\/2023\/02\/IMG_8642-2048x875.jpg 2048w\" sizes=\"(max-width: 1024px) 100vw, 1024px\" \/><\/a><\/figure><\/li><\/ul><\/figure>\n\n\n\n<p>Mit Bus und Bahn gehts nach Jerusalem, geht einfach und fix, seit Anfang der 2000er eine Bahnstrecke die beiden St\u00e4dte verbindet. Keine Nostalgienummer, das ist bestens ausgebaut und auf den Gleisen stehen Doppelstockwagen von Bombardier, gebaut in G\u00f6rlitz oder Hennigsdorf, Innenausbau von der israelischen Firma Ramta. Lange hat man sich in Israel nicht wirklich mit dem Thema besch\u00e4ftigt, seit den 1990er Jahren sind Investitionen angesagt, 2000 sind die Fahrgastzahlen erstmals im zweistelligen Mio-Bereich, vor C. bei ca. 80 Mio F\u00e4hrg\u00e4sten.<\/p>\n\n\n\n<p>Der Bus in Jerusalem steht mehr als er f\u00e4hrt vom Bahnhof in die City. Ein Indiz daf\u00fcr, wie voll die Stadt ist. Voller Verkehr, voller Menschen, voller Baustellen. Am Herods Tor steige ich aus, Kirche und Olivengarten Gethsemane als erstes, dann aber gleich rauf zum \u00d6lberg mit dem J\u00fcdischen Friedhof und wohl einer der weltweit am h\u00e4ufigsten fotografierten Perspektiven. Der Blick auf den Tempelberg mit dem so grandios und g\u00fclden gl\u00e4nzenden Felsendom bewegt mich schon sehr. Zum einen Erinnerungen an die <a href=\"https:\/\/www.urlaub-und-stadien.de\/?p=71\"><em><strong>Reise 1995<\/strong><\/em><\/a>, zum anderen steht der Felsendom f\u00fcr so vieles wie Religion, (Zeit)Geschichte, Politik; Weltgeschichte.<\/p>\n\n\n\n<figure class=\"wp-block-gallery columns-1 is-cropped\"><ul class=\"blocks-gallery-grid\"><li class=\"blocks-gallery-item\"><figure><a href=\"https:\/\/www.urlaub-und-stadien.de\/?attachment_id=9145\"><img loading=\"lazy\" width=\"1024\" height=\"575\" src=\"https:\/\/www.urlaub-und-stadien.de\/wp-content\/uploads\/2023\/02\/DSC_1534-1024x575.jpg\" alt=\"\" data-id=\"9145\" data-full-url=\"https:\/\/www.urlaub-und-stadien.de\/wp-content\/uploads\/2023\/02\/DSC_1534-scaled.jpg\" data-link=\"https:\/\/www.urlaub-und-stadien.de\/?attachment_id=9145\" class=\"wp-image-9145\" srcset=\"http:\/\/www.urlaub-und-stadien.de\/wp-content\/uploads\/2023\/02\/DSC_1534-1024x575.jpg 1024w, http:\/\/www.urlaub-und-stadien.de\/wp-content\/uploads\/2023\/02\/DSC_1534-300x169.jpg 300w, http:\/\/www.urlaub-und-stadien.de\/wp-content\/uploads\/2023\/02\/DSC_1534-768x431.jpg 768w, http:\/\/www.urlaub-und-stadien.de\/wp-content\/uploads\/2023\/02\/DSC_1534-1536x863.jpg 1536w, http:\/\/www.urlaub-und-stadien.de\/wp-content\/uploads\/2023\/02\/DSC_1534-2048x1151.jpg 2048w\" sizes=\"(max-width: 1024px) 100vw, 1024px\" \/><\/a><\/figure><\/li><li class=\"blocks-gallery-item\"><figure><a href=\"https:\/\/www.urlaub-und-stadien.de\/?attachment_id=9147\"><img loading=\"lazy\" width=\"1024\" height=\"575\" src=\"https:\/\/www.urlaub-und-stadien.de\/wp-content\/uploads\/2023\/02\/DSC_1540-1024x575.jpg\" alt=\"\" data-id=\"9147\" data-full-url=\"https:\/\/www.urlaub-und-stadien.de\/wp-content\/uploads\/2023\/02\/DSC_1540-scaled.jpg\" data-link=\"https:\/\/www.urlaub-und-stadien.de\/?attachment_id=9147\" class=\"wp-image-9147\" srcset=\"http:\/\/www.urlaub-und-stadien.de\/wp-content\/uploads\/2023\/02\/DSC_1540-1024x575.jpg 1024w, http:\/\/www.urlaub-und-stadien.de\/wp-content\/uploads\/2023\/02\/DSC_1540-300x169.jpg 300w, http:\/\/www.urlaub-und-stadien.de\/wp-content\/uploads\/2023\/02\/DSC_1540-768x431.jpg 768w, http:\/\/www.urlaub-und-stadien.de\/wp-content\/uploads\/2023\/02\/DSC_1540-1536x863.jpg 1536w, http:\/\/www.urlaub-und-stadien.de\/wp-content\/uploads\/2023\/02\/DSC_1540-2048x1151.jpg 2048w\" sizes=\"(max-width: 1024px) 100vw, 1024px\" \/><\/a><\/figure><\/li><\/ul><\/figure>\n\n\n\n<p>Anschlie\u00dfend zum Zionsberg mit dem Grab K\u00f6nig Davids. Viel interessanter in diesem Falle f\u00fcr mich aber um die Ecke das Grab von Oskar Schindler. Jetzt ist er nicht der Einzige, der sich im Holocaust um die Juden verdient gemacht hat, aber er hat nun mal medienwirksam den Film von Spielberg bekommen.<\/p>\n\n\n\n<figure class=\"wp-block-gallery aligncenter columns-1 is-cropped\"><ul class=\"blocks-gallery-grid\"><li class=\"blocks-gallery-item\"><figure><a href=\"https:\/\/www.urlaub-und-stadien.de\/?attachment_id=9148\"><img loading=\"lazy\" width=\"575\" height=\"1024\" src=\"https:\/\/www.urlaub-und-stadien.de\/wp-content\/uploads\/2023\/02\/DSC_1551-575x1024.jpg\" alt=\"\" data-id=\"9148\" data-full-url=\"https:\/\/www.urlaub-und-stadien.de\/wp-content\/uploads\/2023\/02\/DSC_1551-scaled.jpg\" data-link=\"https:\/\/www.urlaub-und-stadien.de\/?attachment_id=9148\" class=\"wp-image-9148\" srcset=\"http:\/\/www.urlaub-und-stadien.de\/wp-content\/uploads\/2023\/02\/DSC_1551-575x1024.jpg 575w, http:\/\/www.urlaub-und-stadien.de\/wp-content\/uploads\/2023\/02\/DSC_1551-169x300.jpg 169w, http:\/\/www.urlaub-und-stadien.de\/wp-content\/uploads\/2023\/02\/DSC_1551-768x1367.jpg 768w, http:\/\/www.urlaub-und-stadien.de\/wp-content\/uploads\/2023\/02\/DSC_1551-863x1536.jpg 863w, http:\/\/www.urlaub-und-stadien.de\/wp-content\/uploads\/2023\/02\/DSC_1551-1151x2048.jpg 1151w, http:\/\/www.urlaub-und-stadien.de\/wp-content\/uploads\/2023\/02\/DSC_1551-scaled.jpg 1438w\" sizes=\"(max-width: 575px) 100vw, 575px\" \/><\/a><\/figure><\/li><\/ul><\/figure>\n\n\n\n<p><a href=\"https:\/\/www.yadvashem.org)\"><em><strong>Yad Vashem<\/strong><\/em><\/a> sp\u00e4ter hab ich nicht mehr geschafft, leider. Die Allee der Gerechten, wo auch ein Baum f\u00fcr Schindler steht, h\u00e4tte ich gern gesehen und die beeindruckende Holocaust Gedenkst\u00e4tte ohnehin.<\/p>\n\n\n\n<p class=\"has-pale-cyan-blue-background-color has-background\">&#8222;Die Allee der Gerechten unter den V\u00f6lkern wurde am 1. Mai 1962, dem Holocaust-Gedenktag, eingeweiht. Die israelische Regierung wurde durch Au\u00dfenministerin Golda Meir repr\u00e4sentiert. Die ersten elf B\u00e4ume wurden entlang dem Weg zur Halle des Gedenkens auf dem kahlen R\u00fccken des Berges des Gedenkens gepflanzt. Die B\u00e4ume wurden von Rettern aus verschiedenen L\u00e4ndern und von deren israelischen Gastgebern \u2013 den Juden, die sie gerettet hatten &#8211; in die Erde gesetzt.<\/p>\n\n\n\n<p class=\"has-pale-cyan-blue-background-color has-background\">In ihrer Rede sagte Golda Meir: &#8218;Das j\u00fcdische Volk erinnert sich nicht nur an die Verbrecher, sondern auch an jedes kleinste Detail der Rettungsversuche.&#8216;&nbsp; Sie verglich die Gerechten unter den V\u00f6lkern mit Tropfen der Liebe in einem Ozean von Gift und sagte, sie h\u00e4tten &#8217;nicht nur den Juden das Leben gerettet, sondern auch die Hoffnung und den Glauben an den menschlichen Geist.'&#8220; <a href=\"https:\/\/www.yadvashem.org\/yv\/de\/exhibitions\/righteous\/milestone05.asp\"><em><strong>yadvashem.org<\/strong><\/em><\/a><\/p>\n\n\n\n<p>Und so bin ich dann \u00fcber das Zionstor kommend mittendrin in der von Mauern umschlossenen Altstadt. In der Altstadt, die in Viertel aufgeteilt ist: das armenische, das christliche, das muslimische, das j\u00fcdische. Der Tempelberg ist keinem der Viertel zugeordnet. Man bewegt sich immer irgendwie zwischen und in den Vierteln, es ist ein geradezu unentwirrbares Gassengewirr, die Via Dolorosa, Jesus Kreuzigungsweg, spielt rein, unz\u00e4hlige M\u00e4rkte und unz\u00e4hlige Sakralbauten, weltweit die h\u00f6chste Dichte.<\/p>\n\n\n\n<p>Muslime, gem\u00e4\u00dfigte Juden, orthodoxe Juden, Christen, Touristen. Alles nebeneinander, alles gleichzeitig. Der Felsendom ist heilig f\u00fcr Christen, f\u00fcr Juden, f\u00fcr Moslems, irgendwie beanspruchen ihn alle, ein fortw\u00e4hrender latenter Konflikt, leider kein Reinkommen heute. <a href=\"https:\/\/de.wikipedia.org\/wiki\/Jerusalemer_Altstadt\"><em><strong>Die heilige Stadt<\/strong><\/em><\/a>.<\/p>\n\n\n\n<p>Und dann ist da ja noch die Klagemauer. Unendlich viel los hier am Fu\u00dfe des Tempelbergs, vor allem Juden, vor allem Touristen sind hier.<\/p>\n\n\n\n<figure class=\"wp-block-gallery columns-1 is-cropped\"><ul class=\"blocks-gallery-grid\"><li class=\"blocks-gallery-item\"><figure><a href=\"https:\/\/www.urlaub-und-stadien.de\/?attachment_id=9149\"><img loading=\"lazy\" width=\"1024\" height=\"575\" src=\"https:\/\/www.urlaub-und-stadien.de\/wp-content\/uploads\/2023\/02\/DSC_1601-1024x575.jpg\" alt=\"\" data-id=\"9149\" data-full-url=\"https:\/\/www.urlaub-und-stadien.de\/wp-content\/uploads\/2023\/02\/DSC_1601-scaled.jpg\" data-link=\"https:\/\/www.urlaub-und-stadien.de\/?attachment_id=9149\" class=\"wp-image-9149\" srcset=\"http:\/\/www.urlaub-und-stadien.de\/wp-content\/uploads\/2023\/02\/DSC_1601-1024x575.jpg 1024w, http:\/\/www.urlaub-und-stadien.de\/wp-content\/uploads\/2023\/02\/DSC_1601-300x169.jpg 300w, http:\/\/www.urlaub-und-stadien.de\/wp-content\/uploads\/2023\/02\/DSC_1601-768x431.jpg 768w, http:\/\/www.urlaub-und-stadien.de\/wp-content\/uploads\/2023\/02\/DSC_1601-1536x863.jpg 1536w, http:\/\/www.urlaub-und-stadien.de\/wp-content\/uploads\/2023\/02\/DSC_1601-2048x1151.jpg 2048w\" sizes=\"(max-width: 1024px) 100vw, 1024px\" \/><\/a><\/figure><\/li><li class=\"blocks-gallery-item\"><figure><a href=\"https:\/\/www.urlaub-und-stadien.de\/?attachment_id=9150\"><img loading=\"lazy\" width=\"1024\" height=\"575\" src=\"https:\/\/www.urlaub-und-stadien.de\/wp-content\/uploads\/2023\/02\/DSC_1627-1024x575.jpg\" alt=\"\" data-id=\"9150\" data-full-url=\"https:\/\/www.urlaub-und-stadien.de\/wp-content\/uploads\/2023\/02\/DSC_1627-scaled.jpg\" data-link=\"https:\/\/www.urlaub-und-stadien.de\/?attachment_id=9150\" class=\"wp-image-9150\" srcset=\"http:\/\/www.urlaub-und-stadien.de\/wp-content\/uploads\/2023\/02\/DSC_1627-1024x575.jpg 1024w, http:\/\/www.urlaub-und-stadien.de\/wp-content\/uploads\/2023\/02\/DSC_1627-300x169.jpg 300w, http:\/\/www.urlaub-und-stadien.de\/wp-content\/uploads\/2023\/02\/DSC_1627-768x432.jpg 768w, http:\/\/www.urlaub-und-stadien.de\/wp-content\/uploads\/2023\/02\/DSC_1627-1536x863.jpg 1536w, http:\/\/www.urlaub-und-stadien.de\/wp-content\/uploads\/2023\/02\/DSC_1627-2048x1151.jpg 2048w\" sizes=\"(max-width: 1024px) 100vw, 1024px\" \/><\/a><\/figure><\/li><\/ul><\/figure>\n\n\n\n<p>\u00dcber das Damaskustor, den Beginn von Jesus Kreuzigungs- und Leidensweg setze ich meinen pers\u00f6nlichen Schlusspunkt f\u00fcr heute, Yad Vashem und den Schrein des Buches h\u00e4tte ich wohl gern noch mitgenommen, aber die Zeit wird dann auch knapp. Und i-wie ist dann auch Ende der Aufmerksamkeitsspanne.<\/p>\n\n\n\n<p>Jerusalem ist faszinierend, sch\u00f6n, pulsierend, lebendig. Aber auch auf eine gewisse Art anstrengend. Jetzt gar nicht so sehr von der Sicherheitslage her, das Thema ist omnipr\u00e4sent, an den Bahnh\u00f6fen werden ganz selbstverst\u00e4ndlich Taschen und Personen durchleuchtet, an verschiedenen Stellen, insb. an der Klagemauer auch Kontrollen. Sicherheitskr\u00e4fte sind st\u00e4ndig sichtbar und sicherlich auch unsichtbar unterwegs. Jerusalem ist, zumindest im Kern, sicher.<\/p>\n\n\n\n<figure class=\"wp-block-gallery columns-1 is-cropped\"><ul class=\"blocks-gallery-grid\"><li class=\"blocks-gallery-item\"><figure><a href=\"https:\/\/www.urlaub-und-stadien.de\/?attachment_id=9172\"><img loading=\"lazy\" width=\"1024\" height=\"575\" src=\"https:\/\/www.urlaub-und-stadien.de\/wp-content\/uploads\/2023\/02\/DSC_1630-1-1024x575.jpg\" alt=\"\" data-id=\"9172\" data-full-url=\"https:\/\/www.urlaub-und-stadien.de\/wp-content\/uploads\/2023\/02\/DSC_1630-1-scaled.jpg\" data-link=\"https:\/\/www.urlaub-und-stadien.de\/?attachment_id=9172\" class=\"wp-image-9172\" srcset=\"http:\/\/www.urlaub-und-stadien.de\/wp-content\/uploads\/2023\/02\/DSC_1630-1-1024x575.jpg 1024w, http:\/\/www.urlaub-und-stadien.de\/wp-content\/uploads\/2023\/02\/DSC_1630-1-300x169.jpg 300w, http:\/\/www.urlaub-und-stadien.de\/wp-content\/uploads\/2023\/02\/DSC_1630-1-768x431.jpg 768w, http:\/\/www.urlaub-und-stadien.de\/wp-content\/uploads\/2023\/02\/DSC_1630-1-1536x863.jpg 1536w, http:\/\/www.urlaub-und-stadien.de\/wp-content\/uploads\/2023\/02\/DSC_1630-1-2048x1151.jpg 2048w\" sizes=\"(max-width: 1024px) 100vw, 1024px\" \/><\/a><\/figure><\/li><\/ul><\/figure>\n\n\n\n<p>Und dann noch die Armee, die hier zwar eher in touristischen Gruppen unterwegs war, aber eben sichtbar auch als Armee, in vollem Ornat und bewaffnet. Das ist schon ein anderes Bild als in Deutschland. Aber das ist dann halt so, der israelisch-pal\u00e4stinensische Konflikt ist ja immer wieder in den Nachrichten. Und dass sich die Staaten des Nahen Ostens untereinander nicht zwingend gr\u00fcn sind, ist auch bekannt, ich will das gar nicht weiter auswalzen, wer jetzt wen warum nicht mag, da gibt es viele Gegenseitigkeiten.<\/p>\n\n\n\n<p>Was aber auf eine andere Weise anstrengend ist, ist diese Gleichzeitigkeit der Themen, die hier i-wie immer gegeben ist und die die Sinne immer vereinnahmen. Es gibt kein Abschalten, die Sinne sind st\u00e4ndig auf Empfang, bekommen st\u00e4ndig Eindr\u00fccke pr\u00e4sentiert, nehmen st\u00e4ndig Eindr\u00fccke wahr, verarbeiten st\u00e4ndig irgendwas. Religion, Geschichte, Kulturen, unterschiedliche Lebensweisen, unterschiedliche Sprachen, n\u00e4her komme ich dem babylonischen Sprachengewirr bei dieser Reise nicht, enge Gassen mit M\u00e4rkten und einer schier unersch\u00f6pflichen Breite an Angeboten.<\/p>\n\n\n\n<p>Tel Aviv ist im doppelten Sinne eine junge Stadt, Jerusalem ist Tradition, Geschichte, Politik, ist Sammelbecken f\u00fcr Religionen und Menschen unterschiedlichster Couleur. Seit Jahrhunderten, seit Jahrtausenden. Und immer wieder Zankapfel, nicht nur bei den Kreuzz\u00fcgen. Man sp\u00fcrt es geradezu k\u00f6rperlich. Es fasziniert und begeistert mich total, aber ich bin am Ende auch total platt und m\u00fcde und froh, dass es mit der Zugverbindung nach Tel Aviv wieder so reibungslos funktioniert.<\/p>\n\n\n\n<p>Tel Aviv, so hei\u00dft es, sei das kulturell-wirtschaftliche Zentrum Israels. Wenn also Tel Aviv das kulturelle und wirtschaftliche Zentrum sein soll, was ist dann Jerusalem? Das historische und religi\u00f6s-kulturelle? Alles nicht ganz falsch in der Zuschreibung wenngleich es so klar wie es Adjektive immer benennen wollen eben auch nicht ist.<\/p>\n\n\n\n<figure class=\"wp-block-gallery columns-1 is-cropped\"><ul class=\"blocks-gallery-grid\"><li class=\"blocks-gallery-item\"><figure><a href=\"https:\/\/www.urlaub-und-stadien.de\/?attachment_id=9152\"><img loading=\"lazy\" width=\"1024\" height=\"575\" src=\"https:\/\/www.urlaub-und-stadien.de\/wp-content\/uploads\/2023\/02\/DSC_1636-1024x575.jpg\" alt=\"\" data-id=\"9152\" data-full-url=\"https:\/\/www.urlaub-und-stadien.de\/wp-content\/uploads\/2023\/02\/DSC_1636-scaled.jpg\" data-link=\"https:\/\/www.urlaub-und-stadien.de\/?attachment_id=9152\" class=\"wp-image-9152\" srcset=\"http:\/\/www.urlaub-und-stadien.de\/wp-content\/uploads\/2023\/02\/DSC_1636-1024x575.jpg 1024w, http:\/\/www.urlaub-und-stadien.de\/wp-content\/uploads\/2023\/02\/DSC_1636-300x169.jpg 300w, http:\/\/www.urlaub-und-stadien.de\/wp-content\/uploads\/2023\/02\/DSC_1636-768x431.jpg 768w, http:\/\/www.urlaub-und-stadien.de\/wp-content\/uploads\/2023\/02\/DSC_1636-1536x863.jpg 1536w, http:\/\/www.urlaub-und-stadien.de\/wp-content\/uploads\/2023\/02\/DSC_1636-2048x1151.jpg 2048w\" sizes=\"(max-width: 1024px) 100vw, 1024px\" \/><\/a><\/figure><\/li><li class=\"blocks-gallery-item\"><figure><a href=\"https:\/\/www.urlaub-und-stadien.de\/?attachment_id=9153\"><img loading=\"lazy\" width=\"1024\" height=\"575\" src=\"https:\/\/www.urlaub-und-stadien.de\/wp-content\/uploads\/2023\/02\/DSC_1638-1024x575.jpg\" alt=\"\" data-id=\"9153\" data-full-url=\"https:\/\/www.urlaub-und-stadien.de\/wp-content\/uploads\/2023\/02\/DSC_1638-scaled.jpg\" data-link=\"https:\/\/www.urlaub-und-stadien.de\/?attachment_id=9153\" class=\"wp-image-9153\" srcset=\"http:\/\/www.urlaub-und-stadien.de\/wp-content\/uploads\/2023\/02\/DSC_1638-1024x575.jpg 1024w, http:\/\/www.urlaub-und-stadien.de\/wp-content\/uploads\/2023\/02\/DSC_1638-300x169.jpg 300w, http:\/\/www.urlaub-und-stadien.de\/wp-content\/uploads\/2023\/02\/DSC_1638-768x431.jpg 768w, http:\/\/www.urlaub-und-stadien.de\/wp-content\/uploads\/2023\/02\/DSC_1638-1536x863.jpg 1536w, http:\/\/www.urlaub-und-stadien.de\/wp-content\/uploads\/2023\/02\/DSC_1638-2048x1151.jpg 2048w\" sizes=\"(max-width: 1024px) 100vw, 1024px\" \/><\/a><\/figure><\/li><\/ul><\/figure>\n\n\n\n<p>Tel Aviv II<\/p>\n\n\n\n<p>Ganz gut, dass der Tag sozusagen monothematisch anf\u00e4ngt und mich vor allem zu Fu\u00df fordert. Wei\u00dfe Stadt Teil II, die Bialik St und der Rothschild Bvd. mit seinen Nebenstra\u00dfen sind ultimative Teile des UNESCO-Ensembles. Renovierte H\u00e4user stehen neben solchen, die gerade in der Renovierung sind neben solchen, die eine Renovierung dringend n\u00f6tig haben.<\/p>\n\n\n\n<p>Pulsierendes Leben, viele Caf\u00e9s, viele Restaurants dazwischen. Viel los hier. Sehr sch\u00f6n hier.<\/p>\n\n\n\n<p>F\u00fcr die Bausubstanz der Wei\u00dfen Stadt ist die Lage am Mittelmeer bissel nachteilig, hohe Salzkonzentration in der Luft und hohe Luftfeuchtigkeit lassen die Materialien korrodieren oder verwittern, was in der Entstehungszeit keine Rolle spielte, es ging um zweckm\u00e4\u00dfigen Wohnraum. Der Bauhaus-Stil mit seinem schn\u00f6rkellosen, schnell reproduzierbarem, auf Nutzung und Funktionalit\u00e4t und Sachlichkeit ausgerichtetem Stil, kommt da wie gerufen. Form follows function, Zweckm\u00e4\u00dfigkeit und Rationalit\u00e4t als umfassendes Konzept, gerade am Beispiel Liebling-Haus wird sich das zeigen, dazu aber sp\u00e4ter mehr.<\/p>\n\n\n\n<p>Anpassungen an die Mittelmeersonne und -hitze werden aber schon in der Entstehungszeit vorgenommen, individuelle Ans\u00e4tze der Architekten zuweilen verfolgt, es entsteht ein eigener, Tel Aviver Baustil:<\/p>\n\n\n\n<figure class=\"wp-block-gallery columns-1 is-cropped\"><ul class=\"blocks-gallery-grid\"><li class=\"blocks-gallery-item\"><figure><a href=\"https:\/\/www.urlaub-und-stadien.de\/?attachment_id=9154\"><img loading=\"lazy\" width=\"1024\" height=\"575\" src=\"https:\/\/www.urlaub-und-stadien.de\/wp-content\/uploads\/2023\/02\/DSC_1783-1024x575.jpg\" alt=\"\" data-id=\"9154\" data-full-url=\"https:\/\/www.urlaub-und-stadien.de\/wp-content\/uploads\/2023\/02\/DSC_1783-scaled.jpg\" data-link=\"https:\/\/www.urlaub-und-stadien.de\/?attachment_id=9154\" class=\"wp-image-9154\" srcset=\"http:\/\/www.urlaub-und-stadien.de\/wp-content\/uploads\/2023\/02\/DSC_1783-1024x575.jpg 1024w, http:\/\/www.urlaub-und-stadien.de\/wp-content\/uploads\/2023\/02\/DSC_1783-300x169.jpg 300w, http:\/\/www.urlaub-und-stadien.de\/wp-content\/uploads\/2023\/02\/DSC_1783-768x432.jpg 768w, http:\/\/www.urlaub-und-stadien.de\/wp-content\/uploads\/2023\/02\/DSC_1783-1536x863.jpg 1536w, http:\/\/www.urlaub-und-stadien.de\/wp-content\/uploads\/2023\/02\/DSC_1783-2048x1151.jpg 2048w\" sizes=\"(max-width: 1024px) 100vw, 1024px\" \/><\/a><\/figure><\/li><li class=\"blocks-gallery-item\"><figure><a href=\"https:\/\/www.urlaub-und-stadien.de\/?attachment_id=9155\"><img loading=\"lazy\" width=\"1024\" height=\"575\" src=\"https:\/\/www.urlaub-und-stadien.de\/wp-content\/uploads\/2023\/02\/DSC_1789-1024x575.jpg\" alt=\"\" data-id=\"9155\" data-full-url=\"https:\/\/www.urlaub-und-stadien.de\/wp-content\/uploads\/2023\/02\/DSC_1789-scaled.jpg\" data-link=\"https:\/\/www.urlaub-und-stadien.de\/?attachment_id=9155\" class=\"wp-image-9155\" srcset=\"http:\/\/www.urlaub-und-stadien.de\/wp-content\/uploads\/2023\/02\/DSC_1789-1024x575.jpg 1024w, http:\/\/www.urlaub-und-stadien.de\/wp-content\/uploads\/2023\/02\/DSC_1789-300x169.jpg 300w, http:\/\/www.urlaub-und-stadien.de\/wp-content\/uploads\/2023\/02\/DSC_1789-768x431.jpg 768w, http:\/\/www.urlaub-und-stadien.de\/wp-content\/uploads\/2023\/02\/DSC_1789-1536x863.jpg 1536w, http:\/\/www.urlaub-und-stadien.de\/wp-content\/uploads\/2023\/02\/DSC_1789-2048x1151.jpg 2048w\" sizes=\"(max-width: 1024px) 100vw, 1024px\" \/><\/a><\/figure><\/li><\/ul><\/figure>\n\n\n\n<p>\u2043 Teils weniger hohe Fenster, zuweilen eher schlitzartige \u00d6ffnungen, damit die Sonne so gut es geht aus dem Geb\u00e4ude gehalten wird und sich das Innere durch verringerte Sonneneinstrahlung weniger aufheizen kann.<\/p>\n\n\n\n<p>\u2043 Vorgesetzte Lamellen (Sch\u00fcrzen)<\/p>\n\n\n\n<p>\u2043 Rundungen erg\u00e4nzen und verdr\u00e4ngen den strengen kubistischen Ansatz des Bauhauses, geschwungene Linien im Duett mit der Mittelmeersonne, es entstehen neue Ans\u00e4tze und Formen, nicht nur die Formen flie\u00dfen, auch die Luft zirkuliert leichter<\/p>\n\n\n\n<p>\u2043 Wobei sie gerade bei vielen Balkonen unterst\u00fctzt wird, einerseits mit Luftschlitzen durchbrochene Balkone f\u00fcr die Luftzirkulation, andererseits lange und den Fassaden vorgesetzte Balkone, die zus\u00e4tzlichen Raum, zus\u00e4tzliche K\u00fchlung verschaffen<\/p>\n\n\n\n<p>\u2043 Die Bauhaus-typische Treppenhaus-Glasfassade wird hingegen oft beibehalten, so dass dahinter liegende Treppenh\u00e4user lichtdurchflutet werden k\u00f6nnen.<\/p>\n\n\n\n<figure class=\"wp-block-gallery columns-1 is-cropped\"><ul class=\"blocks-gallery-grid\"><li class=\"blocks-gallery-item\"><figure><a href=\"https:\/\/www.urlaub-und-stadien.de\/?attachment_id=9175\"><img loading=\"lazy\" width=\"1024\" height=\"575\" src=\"https:\/\/www.urlaub-und-stadien.de\/wp-content\/uploads\/2023\/02\/DSC_1891a-1024x575.jpg\" alt=\"\" data-id=\"9175\" data-full-url=\"https:\/\/www.urlaub-und-stadien.de\/wp-content\/uploads\/2023\/02\/DSC_1891a-scaled.jpg\" data-link=\"https:\/\/www.urlaub-und-stadien.de\/?attachment_id=9175\" class=\"wp-image-9175\" srcset=\"http:\/\/www.urlaub-und-stadien.de\/wp-content\/uploads\/2023\/02\/DSC_1891a-1024x575.jpg 1024w, http:\/\/www.urlaub-und-stadien.de\/wp-content\/uploads\/2023\/02\/DSC_1891a-300x169.jpg 300w, http:\/\/www.urlaub-und-stadien.de\/wp-content\/uploads\/2023\/02\/DSC_1891a-768x432.jpg 768w, http:\/\/www.urlaub-und-stadien.de\/wp-content\/uploads\/2023\/02\/DSC_1891a-1536x863.jpg 1536w, http:\/\/www.urlaub-und-stadien.de\/wp-content\/uploads\/2023\/02\/DSC_1891a-2048x1151.jpg 2048w\" sizes=\"(max-width: 1024px) 100vw, 1024px\" \/><\/a><\/figure><\/li><li class=\"blocks-gallery-item\"><figure><a href=\"https:\/\/www.urlaub-und-stadien.de\/?attachment_id=9173\"><img loading=\"lazy\" width=\"1024\" height=\"575\" src=\"https:\/\/www.urlaub-und-stadien.de\/wp-content\/uploads\/2023\/02\/DSC_1434-1-1024x575.jpg\" alt=\"\" data-id=\"9173\" data-full-url=\"https:\/\/www.urlaub-und-stadien.de\/wp-content\/uploads\/2023\/02\/DSC_1434-1-scaled.jpg\" data-link=\"https:\/\/www.urlaub-und-stadien.de\/?attachment_id=9173\" class=\"wp-image-9173\" srcset=\"http:\/\/www.urlaub-und-stadien.de\/wp-content\/uploads\/2023\/02\/DSC_1434-1-1024x575.jpg 1024w, http:\/\/www.urlaub-und-stadien.de\/wp-content\/uploads\/2023\/02\/DSC_1434-1-300x169.jpg 300w, http:\/\/www.urlaub-und-stadien.de\/wp-content\/uploads\/2023\/02\/DSC_1434-1-768x431.jpg 768w, http:\/\/www.urlaub-und-stadien.de\/wp-content\/uploads\/2023\/02\/DSC_1434-1-1536x863.jpg 1536w, http:\/\/www.urlaub-und-stadien.de\/wp-content\/uploads\/2023\/02\/DSC_1434-1-2048x1151.jpg 2048w\" sizes=\"(max-width: 1024px) 100vw, 1024px\" \/><\/a><\/figure><\/li><\/ul><\/figure>\n\n\n\n<p>Um die Bausubstanz und das architektonische Erbe zumindest teilweise zu erhalten, werden 2009 rund 1.000 H\u00e4user unter Denkmalschutz gestellt. Dar\u00fcber hinaus sollen Hochh\u00e4user nur noch errichtet werden d\u00fcrfen, wenn daf\u00fcr ein in unmittelbarer N\u00e4he befindliches historisches Geb\u00e4ude restauriert wird.<\/p>\n\n\n\n<p>Hier noch paar Links zum Thema:<\/p>\n\n\n\n<p><em><strong><a href=\"https:\/\/www.nzz.ch\/feuilleton\/tel-aviv-und-sein-bauhauserbe-ein-meer-aus-weissen-zuckerwuerfeln-ld.1523518\">NZZ<\/a> <\/strong><\/em>~ <a href=\"https:\/\/www.ardmediathek.de\/video\/schaetze-der-welt\/tel-aviv-die-weisse-stadt-von-tel-aviv-israel-folge-323\/swr\/Y3JpZDovL3N3ci5kZS82ODQwMzcw\"><em><strong>ARD Mediathek<\/strong><\/em><\/a> ~ <a href=\"https:\/\/www.n-tv.de\/leben\/Tel-Aviv-ist-eine-echte-Bauhaus-Metropole-article20834704.html\"><em><strong>ntv<\/strong><\/em><\/a><\/p>\n\n\n\n<figure class=\"wp-block-gallery columns-1 is-cropped\"><ul class=\"blocks-gallery-grid\"><li class=\"blocks-gallery-item\"><figure><a href=\"https:\/\/www.urlaub-und-stadien.de\/?attachment_id=9158\"><img loading=\"lazy\" width=\"1024\" height=\"575\" src=\"https:\/\/www.urlaub-und-stadien.de\/wp-content\/uploads\/2023\/02\/DSC_1270-1024x575.jpg\" alt=\"\" data-id=\"9158\" data-full-url=\"https:\/\/www.urlaub-und-stadien.de\/wp-content\/uploads\/2023\/02\/DSC_1270-scaled.jpg\" data-link=\"https:\/\/www.urlaub-und-stadien.de\/?attachment_id=9158\" class=\"wp-image-9158\" srcset=\"http:\/\/www.urlaub-und-stadien.de\/wp-content\/uploads\/2023\/02\/DSC_1270-1024x575.jpg 1024w, http:\/\/www.urlaub-und-stadien.de\/wp-content\/uploads\/2023\/02\/DSC_1270-300x169.jpg 300w, http:\/\/www.urlaub-und-stadien.de\/wp-content\/uploads\/2023\/02\/DSC_1270-768x431.jpg 768w, http:\/\/www.urlaub-und-stadien.de\/wp-content\/uploads\/2023\/02\/DSC_1270-1536x863.jpg 1536w, http:\/\/www.urlaub-und-stadien.de\/wp-content\/uploads\/2023\/02\/DSC_1270-2048x1151.jpg 2048w\" sizes=\"(max-width: 1024px) 100vw, 1024px\" \/><\/a><\/figure><\/li><li class=\"blocks-gallery-item\"><figure><a href=\"https:\/\/www.urlaub-und-stadien.de\/?attachment_id=9160\"><img loading=\"lazy\" width=\"1024\" height=\"575\" src=\"https:\/\/www.urlaub-und-stadien.de\/wp-content\/uploads\/2023\/02\/DSC_1740-1024x575.jpg\" alt=\"\" data-id=\"9160\" data-full-url=\"https:\/\/www.urlaub-und-stadien.de\/wp-content\/uploads\/2023\/02\/DSC_1740-scaled.jpg\" data-link=\"https:\/\/www.urlaub-und-stadien.de\/?attachment_id=9160\" class=\"wp-image-9160\" srcset=\"http:\/\/www.urlaub-und-stadien.de\/wp-content\/uploads\/2023\/02\/DSC_1740-1024x575.jpg 1024w, http:\/\/www.urlaub-und-stadien.de\/wp-content\/uploads\/2023\/02\/DSC_1740-300x169.jpg 300w, http:\/\/www.urlaub-und-stadien.de\/wp-content\/uploads\/2023\/02\/DSC_1740-768x431.jpg 768w, http:\/\/www.urlaub-und-stadien.de\/wp-content\/uploads\/2023\/02\/DSC_1740-1536x863.jpg 1536w, http:\/\/www.urlaub-und-stadien.de\/wp-content\/uploads\/2023\/02\/DSC_1740-2048x1151.jpg 2048w\" sizes=\"(max-width: 1024px) 100vw, 1024px\" \/><\/a><\/figure><\/li><li class=\"blocks-gallery-item\"><figure><a href=\"https:\/\/www.urlaub-und-stadien.de\/?attachment_id=9162\"><img loading=\"lazy\" width=\"1024\" height=\"575\" src=\"https:\/\/www.urlaub-und-stadien.de\/wp-content\/uploads\/2023\/02\/DSC_1857-1024x575.jpg\" alt=\"\" data-id=\"9162\" data-full-url=\"https:\/\/www.urlaub-und-stadien.de\/wp-content\/uploads\/2023\/02\/DSC_1857-scaled.jpg\" data-link=\"https:\/\/www.urlaub-und-stadien.de\/?attachment_id=9162\" class=\"wp-image-9162\" srcset=\"http:\/\/www.urlaub-und-stadien.de\/wp-content\/uploads\/2023\/02\/DSC_1857-1024x575.jpg 1024w, http:\/\/www.urlaub-und-stadien.de\/wp-content\/uploads\/2023\/02\/DSC_1857-300x169.jpg 300w, http:\/\/www.urlaub-und-stadien.de\/wp-content\/uploads\/2023\/02\/DSC_1857-768x431.jpg 768w, http:\/\/www.urlaub-und-stadien.de\/wp-content\/uploads\/2023\/02\/DSC_1857-1536x863.jpg 1536w, http:\/\/www.urlaub-und-stadien.de\/wp-content\/uploads\/2023\/02\/DSC_1857-2048x1151.jpg 2048w\" sizes=\"(max-width: 1024px) 100vw, 1024px\" \/><\/a><\/figure><\/li><\/ul><\/figure>\n\n\n\n<p><\/p>\n\n\n\n<p>Anschlie\u00dfend laufe ich noch r\u00fcber zum alten Kern von Jaffa, der \u00e4hnlich wie Jerusalem schon deutlich vor Christi Geburt auf der Landkarte war. Der Hinweg entlang des Mittelmeers ist schon schick, aber gerade der R\u00fcckweg bei Sonnenuntergang begeistert mich ein weiteres Mal.<\/p>\n\n\n\n<figure class=\"wp-block-gallery columns-1 is-cropped\"><ul class=\"blocks-gallery-grid\"><li class=\"blocks-gallery-item\"><figure><a href=\"https:\/\/www.urlaub-und-stadien.de\/?attachment_id=9156\"><img loading=\"lazy\" width=\"1024\" height=\"652\" src=\"https:\/\/www.urlaub-und-stadien.de\/wp-content\/uploads\/2023\/02\/DSC_1950-2-1024x652.jpg\" alt=\"\" data-id=\"9156\" data-full-url=\"https:\/\/www.urlaub-und-stadien.de\/wp-content\/uploads\/2023\/02\/DSC_1950-2-scaled.jpg\" data-link=\"https:\/\/www.urlaub-und-stadien.de\/?attachment_id=9156\" class=\"wp-image-9156\" srcset=\"http:\/\/www.urlaub-und-stadien.de\/wp-content\/uploads\/2023\/02\/DSC_1950-2-1024x652.jpg 1024w, http:\/\/www.urlaub-und-stadien.de\/wp-content\/uploads\/2023\/02\/DSC_1950-2-300x191.jpg 300w, http:\/\/www.urlaub-und-stadien.de\/wp-content\/uploads\/2023\/02\/DSC_1950-2-768x489.jpg 768w, http:\/\/www.urlaub-und-stadien.de\/wp-content\/uploads\/2023\/02\/DSC_1950-2-1536x979.jpg 1536w, http:\/\/www.urlaub-und-stadien.de\/wp-content\/uploads\/2023\/02\/DSC_1950-2-2048x1305.jpg 2048w\" sizes=\"(max-width: 1024px) 100vw, 1024px\" \/><\/a><\/figure><\/li><\/ul><\/figure>\n\n\n\n<p>Tel Aviv III<\/p>\n\n\n\n<p>Form follows function, Zweckm\u00e4\u00dfigkeit und Rationalit\u00e4t als umfassendes Konzept, gerade im <a href=\"https:\/\/www.whitecitycenter.org\/startseite\"><em><strong>Liebling-Haus<\/strong><\/em><\/a> in der Idelson St l\u00e4sst sich das ganz gut nachvollziehen, ein Haus als offenes, lebendes Projekt sozusagen; mit Caf\u00e9, Dokumentation und Originalr\u00e4umen wie der Frankfurter K\u00fcche z.B., die das funktionalistische Konzept mit nach innen tragen.<\/p>\n\n\n\n<figure class=\"wp-block-gallery columns-1 is-cropped\"><ul class=\"blocks-gallery-grid\"><li class=\"blocks-gallery-item\"><figure><a href=\"https:\/\/www.urlaub-und-stadien.de\/?attachment_id=9176\"><img loading=\"lazy\" width=\"1024\" height=\"576\" src=\"https:\/\/www.urlaub-und-stadien.de\/wp-content\/uploads\/2023\/02\/IMG_8754-1024x576.jpg\" alt=\"\" data-id=\"9176\" data-full-url=\"https:\/\/www.urlaub-und-stadien.de\/wp-content\/uploads\/2023\/02\/IMG_8754-scaled.jpg\" data-link=\"https:\/\/www.urlaub-und-stadien.de\/?attachment_id=9176\" class=\"wp-image-9176\" srcset=\"http:\/\/www.urlaub-und-stadien.de\/wp-content\/uploads\/2023\/02\/IMG_8754-1024x576.jpg 1024w, http:\/\/www.urlaub-und-stadien.de\/wp-content\/uploads\/2023\/02\/IMG_8754-300x169.jpg 300w, http:\/\/www.urlaub-und-stadien.de\/wp-content\/uploads\/2023\/02\/IMG_8754-768x432.jpg 768w, http:\/\/www.urlaub-und-stadien.de\/wp-content\/uploads\/2023\/02\/IMG_8754-1536x864.jpg 1536w, http:\/\/www.urlaub-und-stadien.de\/wp-content\/uploads\/2023\/02\/IMG_8754-2048x1152.jpg 2048w\" sizes=\"(max-width: 1024px) 100vw, 1024px\" \/><\/a><\/figure><\/li><\/ul><\/figure>\n\n\n\n<p>Der Carmel Markt noch, dann nochmal zum Strand und trotz Abflug 18:50 mache ich mich recht fr\u00fch auf zum Flughafen. Es ist Freitag Mittag, Shabbat. Am <a href=\"https:\/\/www.planet-wissen.de\/kultur\/religion\/judentum\/pwiedersabbat100.html\"><em><strong>Shabbat<\/strong><\/em><\/a> steht vom Einsetzen der Dunkelheit am Freitag bis zum Sonnenuntergang am Sonnabend das \u00f6ffentliche Leben im Land zu gro\u00dfen Teilen still, Gebote, Gesetze und Traditionen der j\u00fcdischen Schriften bestimmen das Leben im Lande. Generell verkehren keine Z\u00fcge in der Zeit, Israel Railways als staatliches Unternehmen stellt den Betrieb am Shabbat komplett ein. Auch mit den Bussen wird es eng. Das fr\u00fche Losfahren hat sich gelohnt, auch wenn ich lange am Flughafen rumsitze. Aber da kann ich ja schon am Bericht schreiben.<\/p>\n\n\n\n<p>Fazit<\/p>\n\n\n\n<p>Eine sehr geile Tour, eine sehr intensive Tour, eine sehr abwechslungsreiche Tour, eine sehr gegens\u00e4tzliche Tour. Tradition und Moderne, W\u00fcstenzauber und Stadtstrukturen, Religion und Mythos, Landschaft und Architektur. Zwischen und jenseits dieser Pole lagen die letzten neun Tage und hinterlassen noch lang den Eindruck, weit l\u00e4nger in Jordanien und Israel unterwegs gewesen zu sein.<\/p>\n\n\n\n<figure class=\"wp-block-gallery columns-3 is-cropped\"><ul class=\"blocks-gallery-grid\"><li class=\"blocks-gallery-item\"><figure><a href=\"https:\/\/www.urlaub-und-stadien.de\/?attachment_id=9161\"><img loading=\"lazy\" width=\"575\" height=\"1024\" src=\"https:\/\/www.urlaub-und-stadien.de\/wp-content\/uploads\/2023\/02\/DSC_1250-575x1024.jpg\" alt=\"\" data-id=\"9161\" data-full-url=\"https:\/\/www.urlaub-und-stadien.de\/wp-content\/uploads\/2023\/02\/DSC_1250-scaled.jpg\" data-link=\"https:\/\/www.urlaub-und-stadien.de\/?attachment_id=9161\" class=\"wp-image-9161\" srcset=\"http:\/\/www.urlaub-und-stadien.de\/wp-content\/uploads\/2023\/02\/DSC_1250-575x1024.jpg 575w, http:\/\/www.urlaub-und-stadien.de\/wp-content\/uploads\/2023\/02\/DSC_1250-169x300.jpg 169w, http:\/\/www.urlaub-und-stadien.de\/wp-content\/uploads\/2023\/02\/DSC_1250-768x1367.jpg 768w, http:\/\/www.urlaub-und-stadien.de\/wp-content\/uploads\/2023\/02\/DSC_1250-863x1536.jpg 863w, http:\/\/www.urlaub-und-stadien.de\/wp-content\/uploads\/2023\/02\/DSC_1250-1151x2048.jpg 1151w, http:\/\/www.urlaub-und-stadien.de\/wp-content\/uploads\/2023\/02\/DSC_1250-scaled.jpg 1438w\" sizes=\"(max-width: 575px) 100vw, 575px\" \/><\/a><\/figure><\/li><li class=\"blocks-gallery-item\"><figure><a href=\"https:\/\/www.urlaub-und-stadien.de\/?attachment_id=9163\"><img loading=\"lazy\" width=\"575\" height=\"1024\" src=\"https:\/\/www.urlaub-und-stadien.de\/wp-content\/uploads\/2023\/02\/DSC_1739-575x1024.jpg\" alt=\"\" data-id=\"9163\" data-full-url=\"https:\/\/www.urlaub-und-stadien.de\/wp-content\/uploads\/2023\/02\/DSC_1739-scaled.jpg\" data-link=\"https:\/\/www.urlaub-und-stadien.de\/?attachment_id=9163\" class=\"wp-image-9163\" srcset=\"http:\/\/www.urlaub-und-stadien.de\/wp-content\/uploads\/2023\/02\/DSC_1739-575x1024.jpg 575w, http:\/\/www.urlaub-und-stadien.de\/wp-content\/uploads\/2023\/02\/DSC_1739-168x300.jpg 168w, http:\/\/www.urlaub-und-stadien.de\/wp-content\/uploads\/2023\/02\/DSC_1739-768x1367.jpg 768w, http:\/\/www.urlaub-und-stadien.de\/wp-content\/uploads\/2023\/02\/DSC_1739-863x1536.jpg 863w, http:\/\/www.urlaub-und-stadien.de\/wp-content\/uploads\/2023\/02\/DSC_1739-1150x2048.jpg 1150w, http:\/\/www.urlaub-und-stadien.de\/wp-content\/uploads\/2023\/02\/DSC_1739-scaled.jpg 1438w\" sizes=\"(max-width: 575px) 100vw, 575px\" \/><\/a><\/figure><\/li><li class=\"blocks-gallery-item\"><figure><a href=\"https:\/\/www.urlaub-und-stadien.de\/?attachment_id=9165\"><img loading=\"lazy\" width=\"575\" height=\"1024\" src=\"https:\/\/www.urlaub-und-stadien.de\/wp-content\/uploads\/2023\/02\/DSC_1797-575x1024.jpg\" alt=\"\" data-id=\"9165\" data-full-url=\"https:\/\/www.urlaub-und-stadien.de\/wp-content\/uploads\/2023\/02\/DSC_1797-scaled.jpg\" data-link=\"https:\/\/www.urlaub-und-stadien.de\/?attachment_id=9165\" class=\"wp-image-9165\" srcset=\"http:\/\/www.urlaub-und-stadien.de\/wp-content\/uploads\/2023\/02\/DSC_1797-575x1024.jpg 575w, http:\/\/www.urlaub-und-stadien.de\/wp-content\/uploads\/2023\/02\/DSC_1797-169x300.jpg 169w, http:\/\/www.urlaub-und-stadien.de\/wp-content\/uploads\/2023\/02\/DSC_1797-768x1367.jpg 768w, http:\/\/www.urlaub-und-stadien.de\/wp-content\/uploads\/2023\/02\/DSC_1797-863x1536.jpg 863w, http:\/\/www.urlaub-und-stadien.de\/wp-content\/uploads\/2023\/02\/DSC_1797-1151x2048.jpg 1151w, http:\/\/www.urlaub-und-stadien.de\/wp-content\/uploads\/2023\/02\/DSC_1797-scaled.jpg 1438w\" sizes=\"(max-width: 575px) 100vw, 575px\" \/><\/a><\/figure><\/li><\/ul><\/figure>\n","protected":false},"excerpt":{"rendered":"<p>Israel habe ich schon lange mal wieder vor, Tel Aviv war ich noch nicht, zudem harrt Jordanien seit l\u00e4ngerem der Umsetzung, immer wieder auch von Armin nachdr\u00fccklich empfohlen.<\/p>\n","protected":false},"author":1,"featured_media":0,"comment_status":"open","ping_status":"open","sticky":false,"template":"","format":"standard","meta":[],"categories":[7,12,5,6,4],"tags":[],"_links":{"self":[{"href":"http:\/\/www.urlaub-und-stadien.de\/index.php?rest_route=\/wp\/v2\/posts\/9115"}],"collection":[{"href":"http:\/\/www.urlaub-und-stadien.de\/index.php?rest_route=\/wp\/v2\/posts"}],"about":[{"href":"http:\/\/www.urlaub-und-stadien.de\/index.php?rest_route=\/wp\/v2\/types\/post"}],"author":[{"embeddable":true,"href":"http:\/\/www.urlaub-und-stadien.de\/index.php?rest_route=\/wp\/v2\/users\/1"}],"replies":[{"embeddable":true,"href":"http:\/\/www.urlaub-und-stadien.de\/index.php?rest_route=%2Fwp%2Fv2%2Fcomments&post=9115"}],"version-history":[{"count":5,"href":"http:\/\/www.urlaub-und-stadien.de\/index.php?rest_route=\/wp\/v2\/posts\/9115\/revisions"}],"predecessor-version":[{"id":9184,"href":"http:\/\/www.urlaub-und-stadien.de\/index.php?rest_route=\/wp\/v2\/posts\/9115\/revisions\/9184"}],"wp:attachment":[{"href":"http:\/\/www.urlaub-und-stadien.de\/index.php?rest_route=%2Fwp%2Fv2%2Fmedia&parent=9115"}],"wp:term":[{"taxonomy":"category","embeddable":true,"href":"http:\/\/www.urlaub-und-stadien.de\/index.php?rest_route=%2Fwp%2Fv2%2Fcategories&post=9115"},{"taxonomy":"post_tag","embeddable":true,"href":"http:\/\/www.urlaub-und-stadien.de\/index.php?rest_route=%2Fwp%2Fv2%2Ftags&post=9115"}],"curies":[{"name":"wp","href":"https:\/\/api.w.org\/{rel}","templated":true}]}}