{"id":83,"date":"1995-10-24T14:20:07","date_gmt":"1995-10-24T14:20:07","guid":{"rendered":"http:\/\/www.urlaub-und-stadien.de\/?p=83"},"modified":"2020-04-27T20:44:43","modified_gmt":"2020-04-27T20:44:43","slug":"franken-10-1995","status":"publish","type":"post","link":"http:\/\/www.urlaub-und-stadien.de\/?p=83","title":{"rendered":"BAYREUTH \/ BAMBERG &#8211; Oktober : 1995"},"content":{"rendered":"<h4 style=\"text-align: justify;\"><a href=\"http:\/\/www.urlaub-und-stadien.de\/?attachment_id=539\"><img loading=\"lazy\" class=\"aligncenter wp-image-539 size-large\" src=\"http:\/\/www.urlaub-und-stadien.de\/wp-content\/uploads\/1995\/10\/img404-1024x687.jpg\" alt=\"img404\" width=\"640\" height=\"429\" srcset=\"http:\/\/www.urlaub-und-stadien.de\/wp-content\/uploads\/1995\/10\/img404-1024x687.jpg 1024w, http:\/\/www.urlaub-und-stadien.de\/wp-content\/uploads\/1995\/10\/img404-300x201.jpg 300w, http:\/\/www.urlaub-und-stadien.de\/wp-content\/uploads\/1995\/10\/img404-768x515.jpg 768w\" sizes=\"(max-width: 640px) 100vw, 640px\" \/><\/a><\/h4>\n<h4 style=\"text-align: center;\"><strong>Wieder mal eine Exkursion des Historikerstammtisches Braunschweig. Es geht nach Bayreuth\/Bamberg. Einen l\u00e4ngeren Zwischenstopp legen wir in N\u00fcrnberg ein.<\/strong><\/h4>\n<p style=\"text-align: justify;\"><!--more-->Historiker, die wir ja nun alle sind, k\u00f6nnen sich bei dieser Stadt an zwei gewaltigen Schwerpunkten festhalten; das w\u00e4re zum einen das mittelalterliche N\u00fcrnberg mit Kaiserburg und Basilika St. Lorenz sowie dem Areal drumherum, welches sich ja bis zum Marktplatz und weiter zieht und die Erhabenheit und den Reichtum einer bl\u00fchenden Handelsstadt ausstrahlt. Zum anderen w\u00e4re da das ehemalige Reichsparteitagsgel\u00e4nde, steingewordene Gigantomanie der Nazizeit.<\/p>\n<p style=\"text-align: justify;\">Beides geh\u00f6rt ja irgendwie zusammen, auch wenn in der Nachkriegszeit die Stadt heftigst bem\u00fcht war, das braune Erbe loszuwerden. Aus verschiedenen Gr\u00fcnden blieben einige Zeugen der Zeit und so hat man hier in den 80er Jahren angefangen, sich dieser Vergangenheit zu stellen und diese zu dokumentieren, wozu eben auch der Hinweis auf die Nazi-Vereinnahmung des mittelalterlichen N\u00fcrnbergs geh\u00f6rte. Es war seinerzeit der Versuch \u2013 wie andernorts auch \u2013 das nun braune Deutsche Reich in eine lange Tradition zu stellen. Bei N\u00fcrnberg mit der Br\u00fccke von den mittelalterlichen Reichstagen zum Reichsparteitag im zw\u00f6lfj\u00e4hrigen tausendj\u00e4hrigen Reich. Eklektizismus haben das die Gelehrten genannt und in der Tat, immer da, wo es besonders sch\u00f6n in die eigene Ideologie passte, haben die Nazis beherzt zugegriffen. N\u00fcrnberg passte da ganz hervorragend.<\/p>\n\n\t\t<style type=\"text\/css\">\n\t\t\t#gallery-1 {\n\t\t\t\tmargin: auto;\n\t\t\t}\n\t\t\t#gallery-1 .gallery-item {\n\t\t\t\tfloat: left;\n\t\t\t\tmargin-top: 10px;\n\t\t\t\ttext-align: center;\n\t\t\t\twidth: 100%;\n\t\t\t}\n\t\t\t#gallery-1 img {\n\t\t\t\tborder: 2px solid #cfcfcf;\n\t\t\t}\n\t\t\t#gallery-1 .gallery-caption {\n\t\t\t\tmargin-left: 0;\n\t\t\t}\n\t\t\t\/* see gallery_shortcode() in wp-includes\/media.php *\/\n\t\t<\/style>\n\t\t<div id='gallery-1' class='gallery galleryid-83 gallery-columns-1 gallery-size-large'><dl class='gallery-item'>\n\t\t\t<dt class='gallery-icon landscape'>\n\t\t\t\t<a href='http:\/\/www.urlaub-und-stadien.de\/?attachment_id=537'><img width=\"640\" height=\"426\" src=\"http:\/\/www.urlaub-und-stadien.de\/wp-content\/uploads\/1995\/10\/img402-1024x682.jpg\" class=\"attachment-large size-large\" alt=\"\" loading=\"lazy\" srcset=\"http:\/\/www.urlaub-und-stadien.de\/wp-content\/uploads\/1995\/10\/img402-1024x682.jpg 1024w, http:\/\/www.urlaub-und-stadien.de\/wp-content\/uploads\/1995\/10\/img402-300x200.jpg 300w, http:\/\/www.urlaub-und-stadien.de\/wp-content\/uploads\/1995\/10\/img402-768x511.jpg 768w\" sizes=\"(max-width: 640px) 100vw, 640px\" \/><\/a>\n\t\t\t<\/dt><\/dl><br style=\"clear: both\" \/><dl class='gallery-item'>\n\t\t\t<dt class='gallery-icon landscape'>\n\t\t\t\t<a href='http:\/\/www.urlaub-und-stadien.de\/?attachment_id=538'><img width=\"640\" height=\"438\" src=\"http:\/\/www.urlaub-und-stadien.de\/wp-content\/uploads\/1995\/10\/img403-1024x701.jpg\" class=\"attachment-large size-large\" alt=\"\" loading=\"lazy\" srcset=\"http:\/\/www.urlaub-und-stadien.de\/wp-content\/uploads\/1995\/10\/img403-1024x701.jpg 1024w, http:\/\/www.urlaub-und-stadien.de\/wp-content\/uploads\/1995\/10\/img403-300x205.jpg 300w, http:\/\/www.urlaub-und-stadien.de\/wp-content\/uploads\/1995\/10\/img403-768x526.jpg 768w\" sizes=\"(max-width: 640px) 100vw, 640px\" \/><\/a>\n\t\t\t<\/dt><\/dl><br style=\"clear: both\" \/>\n\t\t<\/div>\n\n<p style=\"text-align: justify;\">Auf dem Parteitagsgel\u00e4nde selber allerdings sollte es nicht so sehr um diese &#8218;Traditions&#8217;linien gehen, sondern um \u00dcberw\u00e4ltigung, Entindividualisierung und Einf\u00fcgung in den nationalen Volksk\u00f6rper. Ein gleichgeschalteter Staat organisiert nach dem F\u00fchrerprinzip, funktionierend bis zur \u201eEndl\u00f6sung\u201c und bis zum Untergang. Recht deutlich wird es auf dem Zeppelinfeld; ein riesiges Feld f\u00fcr tausende Individualisten, in dieser Masse allerdings ein einziger uniformer Volksk\u00f6rper aufschauend zur F\u00fchrerkanzel. Kongresshalle und Gro\u00dfe Stra\u00dfe f\u00fcr gigantische Aufm\u00e4rsche komplettieren die Szenerie. Auch hier m\u00f6gen vielleicht die Ma\u00dfe die ideologischen Gedanken verdeutlichen. Kongresshalle: geplantes Fassungsverm\u00f6gen 50.000, geplante H\u00f6he 70 m, Abma\u00dfe 240 x 200 m. Aufmarschstra\u00dfe: 3 km lang, 40 m breit.<\/p>\n\n\t\t<style type=\"text\/css\">\n\t\t\t#gallery-2 {\n\t\t\t\tmargin: auto;\n\t\t\t}\n\t\t\t#gallery-2 .gallery-item {\n\t\t\t\tfloat: left;\n\t\t\t\tmargin-top: 10px;\n\t\t\t\ttext-align: center;\n\t\t\t\twidth: 100%;\n\t\t\t}\n\t\t\t#gallery-2 img {\n\t\t\t\tborder: 2px solid #cfcfcf;\n\t\t\t}\n\t\t\t#gallery-2 .gallery-caption {\n\t\t\t\tmargin-left: 0;\n\t\t\t}\n\t\t\t\/* see gallery_shortcode() in wp-includes\/media.php *\/\n\t\t<\/style>\n\t\t<div id='gallery-2' class='gallery galleryid-83 gallery-columns-1 gallery-size-large'><dl class='gallery-item'>\n\t\t\t<dt class='gallery-icon landscape'>\n\t\t\t\t<a href='http:\/\/www.urlaub-und-stadien.de\/?attachment_id=551'><img width=\"640\" height=\"430\" src=\"http:\/\/www.urlaub-und-stadien.de\/wp-content\/uploads\/1995\/10\/img461-1024x688.jpg\" class=\"attachment-large size-large\" alt=\"\" loading=\"lazy\" srcset=\"http:\/\/www.urlaub-und-stadien.de\/wp-content\/uploads\/1995\/10\/img461-1024x688.jpg 1024w, http:\/\/www.urlaub-und-stadien.de\/wp-content\/uploads\/1995\/10\/img461-300x202.jpg 300w, http:\/\/www.urlaub-und-stadien.de\/wp-content\/uploads\/1995\/10\/img461-768x516.jpg 768w\" sizes=\"(max-width: 640px) 100vw, 640px\" \/><\/a>\n\t\t\t<\/dt><\/dl><br style=\"clear: both\" \/><dl class='gallery-item'>\n\t\t\t<dt class='gallery-icon landscape'>\n\t\t\t\t<a href='http:\/\/www.urlaub-und-stadien.de\/?attachment_id=549'><img width=\"640\" height=\"426\" src=\"http:\/\/www.urlaub-und-stadien.de\/wp-content\/uploads\/1995\/10\/img459-1024x682.jpg\" class=\"attachment-large size-large\" alt=\"\" loading=\"lazy\" srcset=\"http:\/\/www.urlaub-und-stadien.de\/wp-content\/uploads\/1995\/10\/img459-1024x682.jpg 1024w, http:\/\/www.urlaub-und-stadien.de\/wp-content\/uploads\/1995\/10\/img459-300x200.jpg 300w, http:\/\/www.urlaub-und-stadien.de\/wp-content\/uploads\/1995\/10\/img459-768x511.jpg 768w\" sizes=\"(max-width: 640px) 100vw, 640px\" \/><\/a>\n\t\t\t<\/dt><\/dl><br style=\"clear: both\" \/>\n\t\t<\/div>\n\n\n\t\t<style type=\"text\/css\">\n\t\t\t#gallery-3 {\n\t\t\t\tmargin: auto;\n\t\t\t}\n\t\t\t#gallery-3 .gallery-item {\n\t\t\t\tfloat: left;\n\t\t\t\tmargin-top: 10px;\n\t\t\t\ttext-align: center;\n\t\t\t\twidth: 100%;\n\t\t\t}\n\t\t\t#gallery-3 img {\n\t\t\t\tborder: 2px solid #cfcfcf;\n\t\t\t}\n\t\t\t#gallery-3 .gallery-caption {\n\t\t\t\tmargin-left: 0;\n\t\t\t}\n\t\t\t\/* see gallery_shortcode() in wp-includes\/media.php *\/\n\t\t<\/style>\n\t\t<div id='gallery-3' class='gallery galleryid-83 gallery-columns-1 gallery-size-large'><dl class='gallery-item'>\n\t\t\t<dt class='gallery-icon landscape'>\n\t\t\t\t<a href='http:\/\/www.urlaub-und-stadien.de\/?attachment_id=552'><img width=\"640\" height=\"421\" src=\"http:\/\/www.urlaub-und-stadien.de\/wp-content\/uploads\/1995\/10\/img465-1024x673.jpg\" class=\"attachment-large size-large\" alt=\"\" loading=\"lazy\" srcset=\"http:\/\/www.urlaub-und-stadien.de\/wp-content\/uploads\/1995\/10\/img465-1024x673.jpg 1024w, http:\/\/www.urlaub-und-stadien.de\/wp-content\/uploads\/1995\/10\/img465-300x197.jpg 300w, http:\/\/www.urlaub-und-stadien.de\/wp-content\/uploads\/1995\/10\/img465-768x505.jpg 768w\" sizes=\"(max-width: 640px) 100vw, 640px\" \/><\/a>\n\t\t\t<\/dt><\/dl><br style=\"clear: both\" \/>\n\t\t<\/div>\n\n<p style=\"text-align: justify;\">Die Unterk\u00fcnfte f\u00fcr die n\u00e4chsten Tage sind in Bayreuth, dieser kleinen aber feinen Residenzstadt. Wagner, Festspielhaus und Wahnfried spielen keine Rolle, was mich ein wenig wundert, denn mit Dr. Ludewig ist der Wagner-Liebhaber und -Experte des Seminars mit an Bord. Stattdessen stehen die Stadt und insbesondere die Eremitage und das\u00a0 Markgr\u00e4fliche Opernhaus im Herzen der Stadt auf dem Programm. Auch sch\u00f6n.<\/p>\n<p style=\"text-align: justify;\">Nach Bamberg hat es inzwischen Prof. Schneidm\u00fcller verschlagen. Genauso wie noch vor kurzem in Braunschweig zeigt er sich an der hiesigen Otto-Friedrich-Uni f\u00fcr das Mittelalter verantwortlich. Schneidm\u00fcller ist der, der seinerzeit die \u201eSachsengeschichte\u201c (\u201eRes gestae saxonicae\u201c) von Widukind von Corvey aus dem Lateinischen ins Deutsche \u00fcbersetzte, dies in einem der kleinen, handlichen Reclam-Hefte ver\u00f6ffentlichte und damit unz\u00e4hligen Studenten bei dem erforderlichen Schein in lateinischer Quellenlekt\u00fcre den Arsch rettete, so auch meinen. Er l\u00e4sst es sich nicht nehmen, uns die Highlights Bambergs n\u00e4her zu bringen, als da w\u00e4ren selbstverst\u00e4ndlich der Bamberger Dom mit dem Bamberger Reiter, die Neue Residenz und Kloster Michelberg, welches zus\u00e4tzlich mit dem langen Gang durch die Stadt und mit dem erhabenen Blick \u00fcber diese Eindruck zu schinden vermochte.<\/p>\n\n\t\t<style type=\"text\/css\">\n\t\t\t#gallery-4 {\n\t\t\t\tmargin: auto;\n\t\t\t}\n\t\t\t#gallery-4 .gallery-item {\n\t\t\t\tfloat: left;\n\t\t\t\tmargin-top: 10px;\n\t\t\t\ttext-align: center;\n\t\t\t\twidth: 100%;\n\t\t\t}\n\t\t\t#gallery-4 img {\n\t\t\t\tborder: 2px solid #cfcfcf;\n\t\t\t}\n\t\t\t#gallery-4 .gallery-caption {\n\t\t\t\tmargin-left: 0;\n\t\t\t}\n\t\t\t\/* see gallery_shortcode() in wp-includes\/media.php *\/\n\t\t<\/style>\n\t\t<div id='gallery-4' class='gallery galleryid-83 gallery-columns-1 gallery-size-large'><dl class='gallery-item'>\n\t\t\t<dt class='gallery-icon landscape'>\n\t\t\t\t<a href='http:\/\/www.urlaub-und-stadien.de\/?attachment_id=541'><img width=\"640\" height=\"430\" src=\"http:\/\/www.urlaub-und-stadien.de\/wp-content\/uploads\/1995\/10\/img406-1024x688.jpg\" class=\"attachment-large size-large\" alt=\"\" loading=\"lazy\" srcset=\"http:\/\/www.urlaub-und-stadien.de\/wp-content\/uploads\/1995\/10\/img406-1024x688.jpg 1024w, http:\/\/www.urlaub-und-stadien.de\/wp-content\/uploads\/1995\/10\/img406-300x202.jpg 300w, http:\/\/www.urlaub-und-stadien.de\/wp-content\/uploads\/1995\/10\/img406-768x516.jpg 768w\" sizes=\"(max-width: 640px) 100vw, 640px\" \/><\/a>\n\t\t\t<\/dt><\/dl><br style=\"clear: both\" \/><dl class='gallery-item'>\n\t\t\t<dt class='gallery-icon landscape'>\n\t\t\t\t<a href='http:\/\/www.urlaub-und-stadien.de\/?attachment_id=542'><img width=\"640\" height=\"440\" src=\"http:\/\/www.urlaub-und-stadien.de\/wp-content\/uploads\/1995\/10\/img407-1024x704.jpg\" class=\"attachment-large size-large\" alt=\"\" loading=\"lazy\" srcset=\"http:\/\/www.urlaub-und-stadien.de\/wp-content\/uploads\/1995\/10\/img407-1024x704.jpg 1024w, http:\/\/www.urlaub-und-stadien.de\/wp-content\/uploads\/1995\/10\/img407-300x206.jpg 300w, http:\/\/www.urlaub-und-stadien.de\/wp-content\/uploads\/1995\/10\/img407-768x528.jpg 768w\" sizes=\"(max-width: 640px) 100vw, 640px\" \/><\/a>\n\t\t\t<\/dt><\/dl><br style=\"clear: both\" \/>\n\t\t<\/div>\n\n\n\t\t<style type=\"text\/css\">\n\t\t\t#gallery-5 {\n\t\t\t\tmargin: auto;\n\t\t\t}\n\t\t\t#gallery-5 .gallery-item {\n\t\t\t\tfloat: left;\n\t\t\t\tmargin-top: 10px;\n\t\t\t\ttext-align: center;\n\t\t\t\twidth: 100%;\n\t\t\t}\n\t\t\t#gallery-5 img {\n\t\t\t\tborder: 2px solid #cfcfcf;\n\t\t\t}\n\t\t\t#gallery-5 .gallery-caption {\n\t\t\t\tmargin-left: 0;\n\t\t\t}\n\t\t\t\/* see gallery_shortcode() in wp-includes\/media.php *\/\n\t\t<\/style>\n\t\t<div id='gallery-5' class='gallery galleryid-83 gallery-columns-1 gallery-size-large'><dl class='gallery-item'>\n\t\t\t<dt class='gallery-icon landscape'>\n\t\t\t\t<a href='http:\/\/www.urlaub-und-stadien.de\/?attachment_id=556'><img width=\"640\" height=\"423\" src=\"http:\/\/www.urlaub-und-stadien.de\/wp-content\/uploads\/1995\/10\/img474-1024x676.jpg\" class=\"attachment-large size-large\" alt=\"\" loading=\"lazy\" srcset=\"http:\/\/www.urlaub-und-stadien.de\/wp-content\/uploads\/1995\/10\/img474-1024x676.jpg 1024w, http:\/\/www.urlaub-und-stadien.de\/wp-content\/uploads\/1995\/10\/img474-300x198.jpg 300w, http:\/\/www.urlaub-und-stadien.de\/wp-content\/uploads\/1995\/10\/img474-768x507.jpg 768w\" sizes=\"(max-width: 640px) 100vw, 640px\" \/><\/a>\n\t\t\t<\/dt><\/dl><br style=\"clear: both\" \/><dl class='gallery-item'>\n\t\t\t<dt class='gallery-icon landscape'>\n\t\t\t\t<a href='http:\/\/www.urlaub-und-stadien.de\/?attachment_id=555'><img width=\"640\" height=\"431\" src=\"http:\/\/www.urlaub-und-stadien.de\/wp-content\/uploads\/1995\/10\/img473-1024x689.jpg\" class=\"attachment-large size-large\" alt=\"\" loading=\"lazy\" srcset=\"http:\/\/www.urlaub-und-stadien.de\/wp-content\/uploads\/1995\/10\/img473-1024x689.jpg 1024w, http:\/\/www.urlaub-und-stadien.de\/wp-content\/uploads\/1995\/10\/img473-300x202.jpg 300w, http:\/\/www.urlaub-und-stadien.de\/wp-content\/uploads\/1995\/10\/img473-768x517.jpg 768w\" sizes=\"(max-width: 640px) 100vw, 640px\" \/><\/a>\n\t\t\t<\/dt><\/dl><br style=\"clear: both\" \/><dl class='gallery-item'>\n\t\t\t<dt class='gallery-icon landscape'>\n\t\t\t\t<a href='http:\/\/www.urlaub-und-stadien.de\/?attachment_id=554'><img width=\"640\" height=\"429\" src=\"http:\/\/www.urlaub-und-stadien.de\/wp-content\/uploads\/1995\/10\/img471-1024x686.jpg\" class=\"attachment-large size-large\" alt=\"\" loading=\"lazy\" srcset=\"http:\/\/www.urlaub-und-stadien.de\/wp-content\/uploads\/1995\/10\/img471-1024x686.jpg 1024w, http:\/\/www.urlaub-und-stadien.de\/wp-content\/uploads\/1995\/10\/img471-300x201.jpg 300w, http:\/\/www.urlaub-und-stadien.de\/wp-content\/uploads\/1995\/10\/img471-768x515.jpg 768w\" sizes=\"(max-width: 640px) 100vw, 640px\" \/><\/a>\n\t\t\t<\/dt><\/dl><br style=\"clear: both\" \/><dl class='gallery-item'>\n\t\t\t<dt class='gallery-icon portrait'>\n\t\t\t\t<a href='http:\/\/www.urlaub-und-stadien.de\/?attachment_id=553'><img width=\"640\" height=\"969\" src=\"http:\/\/www.urlaub-und-stadien.de\/wp-content\/uploads\/1995\/10\/img469-676x1024.jpg\" class=\"attachment-large size-large\" alt=\"\" loading=\"lazy\" srcset=\"http:\/\/www.urlaub-und-stadien.de\/wp-content\/uploads\/1995\/10\/img469-676x1024.jpg 676w, http:\/\/www.urlaub-und-stadien.de\/wp-content\/uploads\/1995\/10\/img469-198x300.jpg 198w, http:\/\/www.urlaub-und-stadien.de\/wp-content\/uploads\/1995\/10\/img469.jpg 733w\" sizes=\"(max-width: 640px) 100vw, 640px\" \/><\/a>\n\t\t\t<\/dt><\/dl><br style=\"clear: both\" \/>\n\t\t<\/div>\n\n<p style=\"text-align: justify;\">Abgerundet wird dies am Abend in einer hinrei\u00dfenden Lokalit\u00e4t, deren Namen ich aber mittlerweile vergessen habe. Interessanter sind allemal die Fotos, die dabei herausgekommen sind und die sprechen von einem Abend mit unterschiedlichsten Diskussionsans\u00e4tzen\u263a.<\/p>\n\n\t\t<style type=\"text\/css\">\n\t\t\t#gallery-6 {\n\t\t\t\tmargin: auto;\n\t\t\t}\n\t\t\t#gallery-6 .gallery-item {\n\t\t\t\tfloat: left;\n\t\t\t\tmargin-top: 10px;\n\t\t\t\ttext-align: center;\n\t\t\t\twidth: 100%;\n\t\t\t}\n\t\t\t#gallery-6 img {\n\t\t\t\tborder: 2px solid #cfcfcf;\n\t\t\t}\n\t\t\t#gallery-6 .gallery-caption {\n\t\t\t\tmargin-left: 0;\n\t\t\t}\n\t\t\t\/* see gallery_shortcode() in wp-includes\/media.php *\/\n\t\t<\/style>\n\t\t<div id='gallery-6' class='gallery galleryid-83 gallery-columns-1 gallery-size-large'><dl class='gallery-item'>\n\t\t\t<dt class='gallery-icon landscape'>\n\t\t\t\t<a href='http:\/\/www.urlaub-und-stadien.de\/?attachment_id=557'><img width=\"640\" height=\"429\" src=\"http:\/\/www.urlaub-und-stadien.de\/wp-content\/uploads\/1995\/10\/img475-1024x687.jpg\" class=\"attachment-large size-large\" alt=\"\" loading=\"lazy\" srcset=\"http:\/\/www.urlaub-und-stadien.de\/wp-content\/uploads\/1995\/10\/img475-1024x687.jpg 1024w, http:\/\/www.urlaub-und-stadien.de\/wp-content\/uploads\/1995\/10\/img475-300x201.jpg 300w, http:\/\/www.urlaub-und-stadien.de\/wp-content\/uploads\/1995\/10\/img475-768x515.jpg 768w\" sizes=\"(max-width: 640px) 100vw, 640px\" \/><\/a>\n\t\t\t<\/dt><\/dl><br style=\"clear: both\" \/><dl class='gallery-item'>\n\t\t\t<dt class='gallery-icon landscape'>\n\t\t\t\t<a href='http:\/\/www.urlaub-und-stadien.de\/?attachment_id=558'><img width=\"640\" height=\"448\" src=\"http:\/\/www.urlaub-und-stadien.de\/wp-content\/uploads\/1995\/10\/img476-1024x716.jpg\" class=\"attachment-large size-large\" alt=\"\" loading=\"lazy\" srcset=\"http:\/\/www.urlaub-und-stadien.de\/wp-content\/uploads\/1995\/10\/img476-1024x716.jpg 1024w, http:\/\/www.urlaub-und-stadien.de\/wp-content\/uploads\/1995\/10\/img476-300x210.jpg 300w, http:\/\/www.urlaub-und-stadien.de\/wp-content\/uploads\/1995\/10\/img476-768x537.jpg 768w\" sizes=\"(max-width: 640px) 100vw, 640px\" \/><\/a>\n\t\t\t<\/dt><\/dl><br style=\"clear: both\" \/>\n\t\t<\/div>\n\n\n\t\t<style type=\"text\/css\">\n\t\t\t#gallery-7 {\n\t\t\t\tmargin: auto;\n\t\t\t}\n\t\t\t#gallery-7 .gallery-item {\n\t\t\t\tfloat: left;\n\t\t\t\tmargin-top: 10px;\n\t\t\t\ttext-align: center;\n\t\t\t\twidth: 100%;\n\t\t\t}\n\t\t\t#gallery-7 img {\n\t\t\t\tborder: 2px solid #cfcfcf;\n\t\t\t}\n\t\t\t#gallery-7 .gallery-caption {\n\t\t\t\tmargin-left: 0;\n\t\t\t}\n\t\t\t\/* see gallery_shortcode() in wp-includes\/media.php *\/\n\t\t<\/style>\n\t\t<div id='gallery-7' class='gallery galleryid-83 gallery-columns-1 gallery-size-large'><dl class='gallery-item'>\n\t\t\t<dt class='gallery-icon portrait'>\n\t\t\t\t<a href='http:\/\/www.urlaub-und-stadien.de\/?attachment_id=543'><img width=\"638\" height=\"994\" src=\"http:\/\/www.urlaub-und-stadien.de\/wp-content\/uploads\/1995\/10\/img408.jpg\" class=\"attachment-large size-large\" alt=\"\" loading=\"lazy\" srcset=\"http:\/\/www.urlaub-und-stadien.de\/wp-content\/uploads\/1995\/10\/img408.jpg 638w, http:\/\/www.urlaub-und-stadien.de\/wp-content\/uploads\/1995\/10\/img408-193x300.jpg 193w\" sizes=\"(max-width: 638px) 100vw, 638px\" \/><\/a>\n\t\t\t<\/dt><\/dl><br style=\"clear: both\" \/>\n\t\t<\/div>\n\n<p style=\"text-align: justify;\">Weiter sieht unser Programm vor, im weiteren Umkreis von Bayreuth\/Bamberg nach Cheb\/Eger zu fahren, wo wir uns v.a. der Burg(ruine) und dem h\u00fcbschen Stadtkern n\u00e4hern. Die Burg ist nicht nur interessant, sie macht auch noch richtig Spa\u00df! H\u00f6hepunkt in meinen Augen der Marktplatz, der mich an den einen oder anderen Marktplatz anderer tschechischer\/slowakischer St\u00e4dte aus diversen fr\u00fcheren Urlauben erinnert. Die Erinnerung daran ist sehr positiv besetzt. Die gemeinschaftliche Entscheidung, in einer Lokalit\u00e4t am Platze tschechischem Bier und Essen zu fr\u00f6nen, stellt sich als haargenau richtig heraus.<\/p>\n\n\t\t<style type=\"text\/css\">\n\t\t\t#gallery-8 {\n\t\t\t\tmargin: auto;\n\t\t\t}\n\t\t\t#gallery-8 .gallery-item {\n\t\t\t\tfloat: left;\n\t\t\t\tmargin-top: 10px;\n\t\t\t\ttext-align: center;\n\t\t\t\twidth: 100%;\n\t\t\t}\n\t\t\t#gallery-8 img {\n\t\t\t\tborder: 2px solid #cfcfcf;\n\t\t\t}\n\t\t\t#gallery-8 .gallery-caption {\n\t\t\t\tmargin-left: 0;\n\t\t\t}\n\t\t\t\/* see gallery_shortcode() in wp-includes\/media.php *\/\n\t\t<\/style>\n\t\t<div id='gallery-8' class='gallery galleryid-83 gallery-columns-1 gallery-size-large'><dl class='gallery-item'>\n\t\t\t<dt class='gallery-icon landscape'>\n\t\t\t\t<a href='http:\/\/www.urlaub-und-stadien.de\/?attachment_id=544'><img width=\"640\" height=\"438\" src=\"http:\/\/www.urlaub-und-stadien.de\/wp-content\/uploads\/1995\/10\/img411-1024x701.jpg\" class=\"attachment-large size-large\" alt=\"\" loading=\"lazy\" srcset=\"http:\/\/www.urlaub-und-stadien.de\/wp-content\/uploads\/1995\/10\/img411-1024x701.jpg 1024w, http:\/\/www.urlaub-und-stadien.de\/wp-content\/uploads\/1995\/10\/img411-300x205.jpg 300w, http:\/\/www.urlaub-und-stadien.de\/wp-content\/uploads\/1995\/10\/img411-768x526.jpg 768w\" sizes=\"(max-width: 640px) 100vw, 640px\" \/><\/a>\n\t\t\t<\/dt><\/dl><br style=\"clear: both\" \/><dl class='gallery-item'>\n\t\t\t<dt class='gallery-icon landscape'>\n\t\t\t\t<a href='http:\/\/www.urlaub-und-stadien.de\/?attachment_id=560'><img width=\"640\" height=\"423\" src=\"http:\/\/www.urlaub-und-stadien.de\/wp-content\/uploads\/1995\/10\/img486-1024x677.jpg\" class=\"attachment-large size-large\" alt=\"\" loading=\"lazy\" srcset=\"http:\/\/www.urlaub-und-stadien.de\/wp-content\/uploads\/1995\/10\/img486-1024x677.jpg 1024w, http:\/\/www.urlaub-und-stadien.de\/wp-content\/uploads\/1995\/10\/img486-300x198.jpg 300w, http:\/\/www.urlaub-und-stadien.de\/wp-content\/uploads\/1995\/10\/img486-768x508.jpg 768w\" sizes=\"(max-width: 640px) 100vw, 640px\" \/><\/a>\n\t\t\t<\/dt><\/dl><br style=\"clear: both\" \/>\n\t\t<\/div>\n\n\n\t\t<style type=\"text\/css\">\n\t\t\t#gallery-9 {\n\t\t\t\tmargin: auto;\n\t\t\t}\n\t\t\t#gallery-9 .gallery-item {\n\t\t\t\tfloat: left;\n\t\t\t\tmargin-top: 10px;\n\t\t\t\ttext-align: center;\n\t\t\t\twidth: 100%;\n\t\t\t}\n\t\t\t#gallery-9 img {\n\t\t\t\tborder: 2px solid #cfcfcf;\n\t\t\t}\n\t\t\t#gallery-9 .gallery-caption {\n\t\t\t\tmargin-left: 0;\n\t\t\t}\n\t\t\t\/* see gallery_shortcode() in wp-includes\/media.php *\/\n\t\t<\/style>\n\t\t<div id='gallery-9' class='gallery galleryid-83 gallery-columns-1 gallery-size-large'><dl class='gallery-item'>\n\t\t\t<dt class='gallery-icon portrait'>\n\t\t\t\t<a href='http:\/\/www.urlaub-und-stadien.de\/?attachment_id=546'><img width=\"640\" height=\"951\" src=\"http:\/\/www.urlaub-und-stadien.de\/wp-content\/uploads\/1995\/10\/img413-689x1024.jpg\" class=\"attachment-large size-large\" alt=\"\" loading=\"lazy\" srcset=\"http:\/\/www.urlaub-und-stadien.de\/wp-content\/uploads\/1995\/10\/img413-689x1024.jpg 689w, http:\/\/www.urlaub-und-stadien.de\/wp-content\/uploads\/1995\/10\/img413-202x300.jpg 202w, http:\/\/www.urlaub-und-stadien.de\/wp-content\/uploads\/1995\/10\/img413-768x1141.jpg 768w, http:\/\/www.urlaub-und-stadien.de\/wp-content\/uploads\/1995\/10\/img413.jpg 851w\" sizes=\"(max-width: 640px) 100vw, 640px\" \/><\/a>\n\t\t\t<\/dt><\/dl><br style=\"clear: both\" \/>\n\t\t<\/div>\n\n<p style=\"text-align: justify;\">Der Rest der Tour sieht Banz vor, welches total verregnet ist. Hat mich aber von vornherein nicht wirklich interessiert; ein ehemaliges Kloster, in dem sich aktuell regelm\u00e4\u00dfig irgendwelche CSU-Gr\u00f6\u00dfen treffen ist f\u00fcr mich ohne erkennbaren Reiz.<\/p>\n\n\t\t<style type=\"text\/css\">\n\t\t\t#gallery-10 {\n\t\t\t\tmargin: auto;\n\t\t\t}\n\t\t\t#gallery-10 .gallery-item {\n\t\t\t\tfloat: left;\n\t\t\t\tmargin-top: 10px;\n\t\t\t\ttext-align: center;\n\t\t\t\twidth: 100%;\n\t\t\t}\n\t\t\t#gallery-10 img {\n\t\t\t\tborder: 2px solid #cfcfcf;\n\t\t\t}\n\t\t\t#gallery-10 .gallery-caption {\n\t\t\t\tmargin-left: 0;\n\t\t\t}\n\t\t\t\/* see gallery_shortcode() in wp-includes\/media.php *\/\n\t\t<\/style>\n\t\t<div id='gallery-10' class='gallery galleryid-83 gallery-columns-1 gallery-size-large'><dl class='gallery-item'>\n\t\t\t<dt class='gallery-icon landscape'>\n\t\t\t\t<a href='http:\/\/www.urlaub-und-stadien.de\/?attachment_id=540'><img width=\"640\" height=\"419\" src=\"http:\/\/www.urlaub-und-stadien.de\/wp-content\/uploads\/1995\/10\/img405-1024x671.jpg\" class=\"attachment-large size-large\" alt=\"\" loading=\"lazy\" srcset=\"http:\/\/www.urlaub-und-stadien.de\/wp-content\/uploads\/1995\/10\/img405-1024x671.jpg 1024w, http:\/\/www.urlaub-und-stadien.de\/wp-content\/uploads\/1995\/10\/img405-300x197.jpg 300w, http:\/\/www.urlaub-und-stadien.de\/wp-content\/uploads\/1995\/10\/img405-768x503.jpg 768w\" sizes=\"(max-width: 640px) 100vw, 640px\" \/><\/a>\n\t\t\t<\/dt><\/dl><br style=\"clear: both\" \/><dl class='gallery-item'>\n\t\t\t<dt class='gallery-icon landscape'>\n\t\t\t\t<a href='http:\/\/www.urlaub-und-stadien.de\/?attachment_id=547'><img width=\"640\" height=\"432\" src=\"http:\/\/www.urlaub-und-stadien.de\/wp-content\/uploads\/1995\/10\/img457-1024x691.jpg\" class=\"attachment-large size-large\" alt=\"\" loading=\"lazy\" srcset=\"http:\/\/www.urlaub-und-stadien.de\/wp-content\/uploads\/1995\/10\/img457-1024x691.jpg 1024w, http:\/\/www.urlaub-und-stadien.de\/wp-content\/uploads\/1995\/10\/img457-300x202.jpg 300w, http:\/\/www.urlaub-und-stadien.de\/wp-content\/uploads\/1995\/10\/img457-768x518.jpg 768w\" sizes=\"(max-width: 640px) 100vw, 640px\" \/><\/a>\n\t\t\t<\/dt><\/dl><br style=\"clear: both\" \/>\n\t\t<\/div>\n\n\n\t\t<style type=\"text\/css\">\n\t\t\t#gallery-11 {\n\t\t\t\tmargin: auto;\n\t\t\t}\n\t\t\t#gallery-11 .gallery-item {\n\t\t\t\tfloat: left;\n\t\t\t\tmargin-top: 10px;\n\t\t\t\ttext-align: center;\n\t\t\t\twidth: 100%;\n\t\t\t}\n\t\t\t#gallery-11 img {\n\t\t\t\tborder: 2px solid #cfcfcf;\n\t\t\t}\n\t\t\t#gallery-11 .gallery-caption {\n\t\t\t\tmargin-left: 0;\n\t\t\t}\n\t\t\t\/* see gallery_shortcode() in wp-includes\/media.php *\/\n\t\t<\/style>\n\t\t<div id='gallery-11' class='gallery galleryid-83 gallery-columns-1 gallery-size-large'><dl class='gallery-item'>\n\t\t\t<dt class='gallery-icon portrait'>\n\t\t\t\t<a href='http:\/\/www.urlaub-und-stadien.de\/?attachment_id=545'><img width=\"640\" height=\"924\" src=\"http:\/\/www.urlaub-und-stadien.de\/wp-content\/uploads\/1995\/10\/img412-709x1024.jpg\" class=\"attachment-large size-large\" alt=\"\" loading=\"lazy\" srcset=\"http:\/\/www.urlaub-und-stadien.de\/wp-content\/uploads\/1995\/10\/img412-709x1024.jpg 709w, http:\/\/www.urlaub-und-stadien.de\/wp-content\/uploads\/1995\/10\/img412-208x300.jpg 208w, http:\/\/www.urlaub-und-stadien.de\/wp-content\/uploads\/1995\/10\/img412-768x1109.jpg 768w, http:\/\/www.urlaub-und-stadien.de\/wp-content\/uploads\/1995\/10\/img412.jpg 872w\" sizes=\"(max-width: 640px) 100vw, 640px\" \/><\/a>\n\t\t\t<\/dt><\/dl><br style=\"clear: both\" \/>\n\t\t<\/div>\n\n","protected":false},"excerpt":{"rendered":"<p>Wieder mal eine Exkursion des Historikerstammtisches Braunschweig. Es geht nach Bayreuth\/Bamberg. Einen l\u00e4ngeren Zwischenstopp legen wir in N\u00fcrnberg ein.<\/p>\n","protected":false},"author":1,"featured_media":0,"comment_status":"open","ping_status":"open","sticky":false,"template":"","format":"standard","meta":[],"categories":[7,3,4],"tags":[],"_links":{"self":[{"href":"http:\/\/www.urlaub-und-stadien.de\/index.php?rest_route=\/wp\/v2\/posts\/83"}],"collection":[{"href":"http:\/\/www.urlaub-und-stadien.de\/index.php?rest_route=\/wp\/v2\/posts"}],"about":[{"href":"http:\/\/www.urlaub-und-stadien.de\/index.php?rest_route=\/wp\/v2\/types\/post"}],"author":[{"embeddable":true,"href":"http:\/\/www.urlaub-und-stadien.de\/index.php?rest_route=\/wp\/v2\/users\/1"}],"replies":[{"embeddable":true,"href":"http:\/\/www.urlaub-und-stadien.de\/index.php?rest_route=%2Fwp%2Fv2%2Fcomments&post=83"}],"version-history":[{"count":9,"href":"http:\/\/www.urlaub-und-stadien.de\/index.php?rest_route=\/wp\/v2\/posts\/83\/revisions"}],"predecessor-version":[{"id":6179,"href":"http:\/\/www.urlaub-und-stadien.de\/index.php?rest_route=\/wp\/v2\/posts\/83\/revisions\/6179"}],"wp:attachment":[{"href":"http:\/\/www.urlaub-und-stadien.de\/index.php?rest_route=%2Fwp%2Fv2%2Fmedia&parent=83"}],"wp:term":[{"taxonomy":"category","embeddable":true,"href":"http:\/\/www.urlaub-und-stadien.de\/index.php?rest_route=%2Fwp%2Fv2%2Fcategories&post=83"},{"taxonomy":"post_tag","embeddable":true,"href":"http:\/\/www.urlaub-und-stadien.de\/index.php?rest_route=%2Fwp%2Fv2%2Ftags&post=83"}],"curies":[{"name":"wp","href":"https:\/\/api.w.org\/{rel}","templated":true}]}}