{"id":5533,"date":"1997-10-29T13:24:15","date_gmt":"1997-10-29T13:24:15","guid":{"rendered":"http:\/\/www.urlaub-und-stadien.de\/?p=5533"},"modified":"2020-12-30T20:28:48","modified_gmt":"2020-12-30T20:28:48","slug":"flandern-oktober-1997","status":"publish","type":"post","link":"http:\/\/www.urlaub-und-stadien.de\/?p=5533","title":{"rendered":"FLANDERN &#8211; Oktober : 1997"},"content":{"rendered":"\n<p><\/p>\n\n\n\n<figure class=\"wp-block-gallery columns-1 is-cropped\"><ul class=\"blocks-gallery-grid\"><li class=\"blocks-gallery-item\"><figure><img loading=\"lazy\" width=\"697\" height=\"1024\" src=\"http:\/\/www.urlaub-und-stadien.de\/wp-content\/uploads\/1997\/10\/img335-697x1024.jpg\" alt=\"\" data-id=\"5581\" class=\"wp-image-5581\" srcset=\"http:\/\/www.urlaub-und-stadien.de\/wp-content\/uploads\/1997\/10\/img335-697x1024.jpg 697w, http:\/\/www.urlaub-und-stadien.de\/wp-content\/uploads\/1997\/10\/img335-204x300.jpg 204w, http:\/\/www.urlaub-und-stadien.de\/wp-content\/uploads\/1997\/10\/img335-768x1128.jpg 768w, http:\/\/www.urlaub-und-stadien.de\/wp-content\/uploads\/1997\/10\/img335.jpg 1164w\" sizes=\"(max-width: 697px) 100vw, 697px\" \/><\/figure><\/li><\/ul><\/figure>\n\n\n\n<!--more-->\n\n\n\n<p>Dieses Jahr zieht\u2019s den Historikerstammtisch nach Flandern; Zentralziel und Unterkunft f\u00fcr die n\u00e4chsten Tage in Br\u00fcgge, mittelalterliche Hansestadt in hinrei\u00dfendem Sonnenschein f\u00fcr die n\u00e4chsten Tage. Wieder ist es unser busfahrender Kommilitone Karim, der die interessierte Historikerschar durch Deutschland ins Land der Fritten steuert. Auch noch so alberne Albernheiten bringen ihn nicht aus der Ruhe.<\/p>\n\n\n\n<figure class=\"wp-block-gallery columns-2 is-cropped\"><ul class=\"blocks-gallery-grid\"><li class=\"blocks-gallery-item\"><figure><img loading=\"lazy\" width=\"696\" height=\"1024\" src=\"http:\/\/www.urlaub-und-stadien.de\/wp-content\/uploads\/1997\/10\/img343-696x1024.jpg\" alt=\"\" data-id=\"5589\" data-link=\"http:\/\/www.urlaub-und-stadien.de\/?attachment_id=5589\" class=\"wp-image-5589\" srcset=\"http:\/\/www.urlaub-und-stadien.de\/wp-content\/uploads\/1997\/10\/img343-696x1024.jpg 696w, http:\/\/www.urlaub-und-stadien.de\/wp-content\/uploads\/1997\/10\/img343-204x300.jpg 204w, http:\/\/www.urlaub-und-stadien.de\/wp-content\/uploads\/1997\/10\/img343-768x1129.jpg 768w, http:\/\/www.urlaub-und-stadien.de\/wp-content\/uploads\/1997\/10\/img343.jpg 1158w\" sizes=\"(max-width: 696px) 100vw, 696px\" \/><\/figure><\/li><li class=\"blocks-gallery-item\"><figure><img loading=\"lazy\" width=\"700\" height=\"1024\" src=\"http:\/\/www.urlaub-und-stadien.de\/wp-content\/uploads\/1997\/10\/img344-700x1024.jpg\" alt=\"\" data-id=\"5590\" data-link=\"http:\/\/www.urlaub-und-stadien.de\/?attachment_id=5590\" class=\"wp-image-5590\" srcset=\"http:\/\/www.urlaub-und-stadien.de\/wp-content\/uploads\/1997\/10\/img344-700x1024.jpg 700w, http:\/\/www.urlaub-und-stadien.de\/wp-content\/uploads\/1997\/10\/img344-205x300.jpg 205w, http:\/\/www.urlaub-und-stadien.de\/wp-content\/uploads\/1997\/10\/img344-768x1123.jpg 768w, http:\/\/www.urlaub-und-stadien.de\/wp-content\/uploads\/1997\/10\/img344.jpg 1169w\" sizes=\"(max-width: 700px) 100vw, 700px\" \/><\/figure><\/li><\/ul><\/figure>\n\n\n\n<p>Selbst als beim Kurven durch Br\u00fcssel ein sichtlich panischer Herr Schildt den Termin an der dortigen Uni gef\u00e4hrdet sieht, bleibt er die Ruhe selbst. Die Punktlandung gibt ihm schlie\u00dflich Recht. Dort gab\u2019s Sachen zum Nationalit\u00e4ten- und Sprachenproblem zwischen Wallonen und Flamen zu h\u00f6ren. Abgerundet wird Br\u00fcssel von der Innenstadt und M\u00e4nneken Piss. <\/p>\n\n\n\n<figure class=\"wp-block-gallery columns-1 is-cropped\"><ul class=\"blocks-gallery-grid\"><li class=\"blocks-gallery-item\"><figure><img loading=\"lazy\" width=\"683\" height=\"1024\" src=\"http:\/\/www.urlaub-und-stadien.de\/wp-content\/uploads\/1997\/10\/img334-683x1024.jpg\" alt=\"\" data-id=\"5580\" class=\"wp-image-5580\" srcset=\"http:\/\/www.urlaub-und-stadien.de\/wp-content\/uploads\/1997\/10\/img334-683x1024.jpg 683w, http:\/\/www.urlaub-und-stadien.de\/wp-content\/uploads\/1997\/10\/img334-200x300.jpg 200w, http:\/\/www.urlaub-und-stadien.de\/wp-content\/uploads\/1997\/10\/img334-768x1151.jpg 768w, http:\/\/www.urlaub-und-stadien.de\/wp-content\/uploads\/1997\/10\/img334.jpg 1140w\" sizes=\"(max-width: 683px) 100vw, 683px\" \/><\/figure><\/li><\/ul><\/figure>\n\n\n\n<p>Zur\u00fcck zu Br\u00fcgge. Eine bessere Wahl kann nicht getroffen werden. Was die Stadt zu bieten hat, ist herausragend. Karim und ich \u00fcberzeugen uns davon am Nachmittag der Ankunft, indem wir uns erfolgreich absentieren, um uns in einem der vielen Restaurants auf dem Marktplatz ein Bier zu genehmigen. Der Hauptteil der Gruppe erkundet indessen einen Teil von Br\u00fcgge, den wir in den n\u00e4chsten Tagen eh noch mehrmals zu sehen bekommen und schauen in irgendein Museum, welches uns nun irgendwie gar nicht zu reizen vermochte\u263a. An einem anderen Tag sieht das dann anders aus. Grote Markt, Belfried, Beginenhof, Sint-Salvator-Kathedrale und Kanal belegen nachhaltig eine hinrei\u00dfend sch\u00f6ne Stadt.<\/p>\n\n\n\n<figure class=\"wp-block-gallery columns-1 is-cropped\"><ul class=\"blocks-gallery-grid\"><li class=\"blocks-gallery-item\"><figure><img loading=\"lazy\" width=\"1024\" height=\"693\" src=\"http:\/\/www.urlaub-und-stadien.de\/wp-content\/uploads\/1997\/10\/img319-1024x693.jpg\" alt=\"\" data-id=\"5565\" data-link=\"http:\/\/www.urlaub-und-stadien.de\/?attachment_id=5565\" class=\"wp-image-5565\" srcset=\"http:\/\/www.urlaub-und-stadien.de\/wp-content\/uploads\/1997\/10\/img319-1024x693.jpg 1024w, http:\/\/www.urlaub-und-stadien.de\/wp-content\/uploads\/1997\/10\/img319-300x203.jpg 300w, http:\/\/www.urlaub-und-stadien.de\/wp-content\/uploads\/1997\/10\/img319-768x520.jpg 768w, http:\/\/www.urlaub-und-stadien.de\/wp-content\/uploads\/1997\/10\/img319.jpg 1691w\" sizes=\"(max-width: 1024px) 100vw, 1024px\" \/><\/figure><\/li><li class=\"blocks-gallery-item\"><figure><img loading=\"lazy\" width=\"1024\" height=\"688\" src=\"http:\/\/www.urlaub-und-stadien.de\/wp-content\/uploads\/1997\/10\/img325-1024x688.jpg\" alt=\"\" data-id=\"5571\" data-link=\"http:\/\/www.urlaub-und-stadien.de\/?attachment_id=5571\" class=\"wp-image-5571\" srcset=\"http:\/\/www.urlaub-und-stadien.de\/wp-content\/uploads\/1997\/10\/img325-1024x688.jpg 1024w, http:\/\/www.urlaub-und-stadien.de\/wp-content\/uploads\/1997\/10\/img325-300x202.jpg 300w, http:\/\/www.urlaub-und-stadien.de\/wp-content\/uploads\/1997\/10\/img325-768x516.jpg 768w, http:\/\/www.urlaub-und-stadien.de\/wp-content\/uploads\/1997\/10\/img325.jpg 1703w\" sizes=\"(max-width: 1024px) 100vw, 1024px\" \/><\/figure><\/li><li class=\"blocks-gallery-item\"><figure><img loading=\"lazy\" width=\"697\" height=\"1024\" src=\"http:\/\/www.urlaub-und-stadien.de\/wp-content\/uploads\/1997\/10\/img335-697x1024.jpg\" alt=\"\" data-id=\"5581\" data-link=\"http:\/\/www.urlaub-und-stadien.de\/?attachment_id=5581\" class=\"wp-image-5581\" srcset=\"http:\/\/www.urlaub-und-stadien.de\/wp-content\/uploads\/1997\/10\/img335-697x1024.jpg 697w, http:\/\/www.urlaub-und-stadien.de\/wp-content\/uploads\/1997\/10\/img335-204x300.jpg 204w, http:\/\/www.urlaub-und-stadien.de\/wp-content\/uploads\/1997\/10\/img335-768x1128.jpg 768w, http:\/\/www.urlaub-und-stadien.de\/wp-content\/uploads\/1997\/10\/img335.jpg 1164w\" sizes=\"(max-width: 697px) 100vw, 697px\" \/><\/figure><\/li><li class=\"blocks-gallery-item\"><figure><img loading=\"lazy\" width=\"710\" height=\"1024\" src=\"http:\/\/www.urlaub-und-stadien.de\/wp-content\/uploads\/1997\/10\/img336-710x1024.jpg\" alt=\"\" data-id=\"5582\" data-link=\"http:\/\/www.urlaub-und-stadien.de\/?attachment_id=5582\" class=\"wp-image-5582\" srcset=\"http:\/\/www.urlaub-und-stadien.de\/wp-content\/uploads\/1997\/10\/img336-710x1024.jpg 710w, http:\/\/www.urlaub-und-stadien.de\/wp-content\/uploads\/1997\/10\/img336-208x300.jpg 208w, http:\/\/www.urlaub-und-stadien.de\/wp-content\/uploads\/1997\/10\/img336-768x1107.jpg 768w, http:\/\/www.urlaub-und-stadien.de\/wp-content\/uploads\/1997\/10\/img336.jpg 1169w\" sizes=\"(max-width: 710px) 100vw, 710px\" \/><\/figure><\/li><\/ul><\/figure>\n\n\n\n<figure class=\"wp-block-gallery columns-1 is-cropped\"><ul class=\"blocks-gallery-grid\"><li class=\"blocks-gallery-item\"><figure><img loading=\"lazy\" width=\"711\" height=\"1024\" src=\"http:\/\/www.urlaub-und-stadien.de\/wp-content\/uploads\/1997\/10\/img330-711x1024.jpg\" alt=\"\" data-id=\"5576\" class=\"wp-image-5576\" srcset=\"http:\/\/www.urlaub-und-stadien.de\/wp-content\/uploads\/1997\/10\/img330-711x1024.jpg 711w, http:\/\/www.urlaub-und-stadien.de\/wp-content\/uploads\/1997\/10\/img330-208x300.jpg 208w, http:\/\/www.urlaub-und-stadien.de\/wp-content\/uploads\/1997\/10\/img330-768x1107.jpg 768w, http:\/\/www.urlaub-und-stadien.de\/wp-content\/uploads\/1997\/10\/img330.jpg 1170w\" sizes=\"(max-width: 711px) 100vw, 711px\" \/><\/figure><\/li><\/ul><\/figure>\n\n\n\n<p>Highlight ist mit Sicherheit nicht die Heilig-Blut-Kapelle, aber sie wird zumindest Thomas nachhaltig in Erinnerung bleiben. Und das nur, weil Katharina und ich die ausgestellte Phiole eher be\u00e4ugen wie ein x-beliebiges Ausstellungsst\u00fcck im Museum. Woher soll ich auch wissen, dass man der Phiole die entsprechende Ehrerbietung zukommen l\u00e4sst, indem man sie k\u00fcsst? Als Ungetaufter? Wie auch immer, der Vikar schaute uns reichlich irritiert hinterher und Thomas war entsetzt. <\/p>\n\n\n\n<figure class=\"wp-block-gallery columns-1 is-cropped\"><ul class=\"blocks-gallery-grid\"><li class=\"blocks-gallery-item\"><figure><img loading=\"lazy\" width=\"697\" height=\"1024\" src=\"http:\/\/www.urlaub-und-stadien.de\/wp-content\/uploads\/1997\/10\/img326-697x1024.jpg\" alt=\"\" data-id=\"5572\" class=\"wp-image-5572\" srcset=\"http:\/\/www.urlaub-und-stadien.de\/wp-content\/uploads\/1997\/10\/img326-697x1024.jpg 697w, http:\/\/www.urlaub-und-stadien.de\/wp-content\/uploads\/1997\/10\/img326-204x300.jpg 204w, http:\/\/www.urlaub-und-stadien.de\/wp-content\/uploads\/1997\/10\/img326-768x1128.jpg 768w, http:\/\/www.urlaub-und-stadien.de\/wp-content\/uploads\/1997\/10\/img326.jpg 1164w\" sizes=\"(max-width: 697px) 100vw, 697px\" \/><\/figure><\/li><\/ul><\/figure>\n\n\n\n<p>Als im Wesentlichen unspektakul\u00e4r habe ich Antwerpen in Erinnerung. Gro\u00dfer Marktplatz, sch\u00f6ne Kathedrale, belgische Pommes zum Mittag. Was vergessen? Ich wei\u00df nicht. <\/p>\n\n\n\n<figure class=\"wp-block-gallery columns-1 is-cropped\"><ul class=\"blocks-gallery-grid\"><li class=\"blocks-gallery-item\"><figure><img loading=\"lazy\" width=\"1024\" height=\"707\" src=\"http:\/\/www.urlaub-und-stadien.de\/wp-content\/uploads\/1997\/10\/img318-1024x707.jpg\" alt=\"\" data-id=\"5564\" data-link=\"http:\/\/www.urlaub-und-stadien.de\/?attachment_id=5564\" class=\"wp-image-5564\" srcset=\"http:\/\/www.urlaub-und-stadien.de\/wp-content\/uploads\/1997\/10\/img318-1024x707.jpg 1024w, http:\/\/www.urlaub-und-stadien.de\/wp-content\/uploads\/1997\/10\/img318-300x207.jpg 300w, http:\/\/www.urlaub-und-stadien.de\/wp-content\/uploads\/1997\/10\/img318-768x530.jpg 768w, http:\/\/www.urlaub-und-stadien.de\/wp-content\/uploads\/1997\/10\/img318.jpg 1685w\" sizes=\"(max-width: 1024px) 100vw, 1024px\" \/><\/figure><\/li><li class=\"blocks-gallery-item\"><figure><img loading=\"lazy\" width=\"1024\" height=\"699\" src=\"http:\/\/www.urlaub-und-stadien.de\/wp-content\/uploads\/1997\/10\/img317-1024x699.jpg\" alt=\"\" data-id=\"5563\" data-link=\"http:\/\/www.urlaub-und-stadien.de\/?attachment_id=5563\" class=\"wp-image-5563\" srcset=\"http:\/\/www.urlaub-und-stadien.de\/wp-content\/uploads\/1997\/10\/img317-1024x699.jpg 1024w, http:\/\/www.urlaub-und-stadien.de\/wp-content\/uploads\/1997\/10\/img317-300x205.jpg 300w, http:\/\/www.urlaub-und-stadien.de\/wp-content\/uploads\/1997\/10\/img317-768x525.jpg 768w, http:\/\/www.urlaub-und-stadien.de\/wp-content\/uploads\/1997\/10\/img317.jpg 1704w\" sizes=\"(max-width: 1024px) 100vw, 1024px\" \/><\/figure><\/li><\/ul><\/figure>\n\n\n\n<p>Aber es ist ja noch Gent. Im Nachhinein muss man den Abstecher nach Gent als hitverd\u00e4chtig beschreiben. W\u00e4hrend wir allerdings dort im Regen rumlaufen und uns immer wieder in irgendwelchen Hauseing\u00e4ngen rumdr\u00fccken, um dem Dauerregen wenigstens f\u00fcr Momente zu entgehen, kann das wohl keiner so sehen. Und auch w\u00e4hrend wir vor dem ber\u00fchmten Genter Altar in der Kathedrale St. Bavo stehen, will nur schwer Begeisterung aufkommen. Kunsthistorisch ist er zweifelsohne von hoher Bedeutung und sch\u00f6n anzusehen ist er ebenfalls. Ein kunsthistorischer Vortrag mit jedem auch noch so kleinem historischen Detail von \u00fcber einer Stunde ist hingegen schon grenzwertig. Nun gut, irgendwann ist das auch \u00fcberstanden und mittlerweile kommt schon bei der Erw\u00e4hnung der Stadt Heiterkeit auf. Positiv traumatisiert. Gl\u00fcck gehabt. <\/p>\n\n\n\n<figure class=\"wp-block-gallery columns-1 is-cropped\"><ul class=\"blocks-gallery-grid\"><li class=\"blocks-gallery-item\"><figure><img loading=\"lazy\" width=\"1024\" height=\"700\" src=\"http:\/\/www.urlaub-und-stadien.de\/wp-content\/uploads\/1997\/10\/img302-1024x700.jpg\" alt=\"\" data-id=\"5548\" class=\"wp-image-5548\" srcset=\"http:\/\/www.urlaub-und-stadien.de\/wp-content\/uploads\/1997\/10\/img302-1024x700.jpg 1024w, http:\/\/www.urlaub-und-stadien.de\/wp-content\/uploads\/1997\/10\/img302-300x205.jpg 300w, http:\/\/www.urlaub-und-stadien.de\/wp-content\/uploads\/1997\/10\/img302-768x525.jpg 768w, http:\/\/www.urlaub-und-stadien.de\/wp-content\/uploads\/1997\/10\/img302.jpg 1703w\" sizes=\"(max-width: 1024px) 100vw, 1024px\" \/><\/figure><\/li><\/ul><\/figure>\n\n\n\n<p>Was man \u00fcbrigens auch mit Abstrichen auf Waterloo beziehen kann. Erwartungsgem\u00e4\u00df hohe Informationsdichte von unserem ausgewiesenen Experten f\u00fcr Milit\u00e4rgeschichte Lothar. Einigen Vertreterinnen der weiblichen Fraktion will das gar nicht gefallen, was weniger an Lothar liegt, sondern mehr am fehlenden Zugang zur Milit\u00e4rgeschichte. <\/p>\n\n\n\n<p>Sei\u2019s drum, hier gibt\u2019s spannende Europageschichte auf freiem Feld, untermalt von schier unersch\u00f6pflichem, aber eben nicht nervt\u00f6tenden (siehe Genter Altar) Detailwissen, abgerundet von einem internen Napoleon Look-A-Like Contest. <\/p>\n\n\n\n<figure class=\"wp-block-gallery columns-1 is-cropped\"><ul class=\"blocks-gallery-grid\"><li class=\"blocks-gallery-item\"><figure><img loading=\"lazy\" width=\"1024\" height=\"700\" src=\"http:\/\/www.urlaub-und-stadien.de\/wp-content\/uploads\/1997\/10\/img314-1024x700.jpg\" alt=\"\" data-id=\"5560\" data-link=\"http:\/\/www.urlaub-und-stadien.de\/?attachment_id=5560\" class=\"wp-image-5560\" srcset=\"http:\/\/www.urlaub-und-stadien.de\/wp-content\/uploads\/1997\/10\/img314-1024x700.jpg 1024w, http:\/\/www.urlaub-und-stadien.de\/wp-content\/uploads\/1997\/10\/img314-300x205.jpg 300w, http:\/\/www.urlaub-und-stadien.de\/wp-content\/uploads\/1997\/10\/img314-768x525.jpg 768w, http:\/\/www.urlaub-und-stadien.de\/wp-content\/uploads\/1997\/10\/img314.jpg 1703w\" sizes=\"(max-width: 1024px) 100vw, 1024px\" \/><\/figure><\/li><li class=\"blocks-gallery-item\"><figure><img loading=\"lazy\" width=\"1024\" height=\"691\" src=\"http:\/\/www.urlaub-und-stadien.de\/wp-content\/uploads\/1997\/10\/img307-1024x691.jpg\" alt=\"\" data-id=\"5553\" data-link=\"http:\/\/www.urlaub-und-stadien.de\/?attachment_id=5553\" class=\"wp-image-5553\" srcset=\"http:\/\/www.urlaub-und-stadien.de\/wp-content\/uploads\/1997\/10\/img307-1024x691.jpg 1024w, http:\/\/www.urlaub-und-stadien.de\/wp-content\/uploads\/1997\/10\/img307-300x202.jpg 300w, http:\/\/www.urlaub-und-stadien.de\/wp-content\/uploads\/1997\/10\/img307-768x518.jpg 768w, http:\/\/www.urlaub-und-stadien.de\/wp-content\/uploads\/1997\/10\/img307.jpg 1697w\" sizes=\"(max-width: 1024px) 100vw, 1024px\" \/><\/figure><\/li><\/ul><\/figure>\n\n\n\n<figure class=\"wp-block-gallery columns-1 is-cropped\"><ul class=\"blocks-gallery-grid\"><li class=\"blocks-gallery-item\"><figure><img loading=\"lazy\" width=\"707\" height=\"1024\" src=\"http:\/\/www.urlaub-und-stadien.de\/wp-content\/uploads\/1997\/10\/img309-707x1024.jpg\" alt=\"\" data-id=\"5555\" data-link=\"http:\/\/www.urlaub-und-stadien.de\/?attachment_id=5555\" class=\"wp-image-5555\" srcset=\"http:\/\/www.urlaub-und-stadien.de\/wp-content\/uploads\/1997\/10\/img309-707x1024.jpg 707w, http:\/\/www.urlaub-und-stadien.de\/wp-content\/uploads\/1997\/10\/img309-207x300.jpg 207w, http:\/\/www.urlaub-und-stadien.de\/wp-content\/uploads\/1997\/10\/img309-768x1113.jpg 768w, http:\/\/www.urlaub-und-stadien.de\/wp-content\/uploads\/1997\/10\/img309.jpg 1176w\" sizes=\"(max-width: 707px) 100vw, 707px\" \/><\/figure><\/li><li class=\"blocks-gallery-item\"><figure><img loading=\"lazy\" width=\"688\" height=\"1024\" src=\"http:\/\/www.urlaub-und-stadien.de\/wp-content\/uploads\/1997\/10\/img313-688x1024.jpg\" alt=\"\" data-id=\"5559\" data-link=\"http:\/\/www.urlaub-und-stadien.de\/?attachment_id=5559\" class=\"wp-image-5559\" srcset=\"http:\/\/www.urlaub-und-stadien.de\/wp-content\/uploads\/1997\/10\/img313-688x1024.jpg 688w, http:\/\/www.urlaub-und-stadien.de\/wp-content\/uploads\/1997\/10\/img313-202x300.jpg 202w, http:\/\/www.urlaub-und-stadien.de\/wp-content\/uploads\/1997\/10\/img313-768x1142.jpg 768w, http:\/\/www.urlaub-und-stadien.de\/wp-content\/uploads\/1997\/10\/img313.jpg 1145w\" sizes=\"(max-width: 688px) 100vw, 688px\" \/><\/figure><\/li><li class=\"blocks-gallery-item\"><figure><img loading=\"lazy\" width=\"1024\" height=\"686\" src=\"http:\/\/www.urlaub-und-stadien.de\/wp-content\/uploads\/1997\/10\/img337-1024x686.jpg\" alt=\"\" data-id=\"5583\" data-link=\"http:\/\/www.urlaub-und-stadien.de\/?attachment_id=5583\" class=\"wp-image-5583\" srcset=\"http:\/\/www.urlaub-und-stadien.de\/wp-content\/uploads\/1997\/10\/img337-1024x686.jpg 1024w, http:\/\/www.urlaub-und-stadien.de\/wp-content\/uploads\/1997\/10\/img337-300x201.jpg 300w, http:\/\/www.urlaub-und-stadien.de\/wp-content\/uploads\/1997\/10\/img337-768x515.jpg 768w, http:\/\/www.urlaub-und-stadien.de\/wp-content\/uploads\/1997\/10\/img337.jpg 1709w\" sizes=\"(max-width: 1024px) 100vw, 1024px\" \/><\/figure><\/li><\/ul><\/figure>\n\n\n\n<p>Aber auch diese kultige Stammtischexkursion geht zu Ende und f\u00fchrt uns am Tag der R\u00fcckfahrt \u00fcber ich hab\u2019s vergessen&#8230; Es geht damit direkt hinein in die Industrieregion um L\u00fcttich und siehe da, das zu besuchende Industriemuseum pr\u00e4sentiert sich als ein Industrie-Sozial-Komplex nach englischem Vorbild. Manchester-Kapitalismus ist wohl das Wort, was hier erwartet wird. Standardisierte Wohnungen, einheitliche Wohnkomplexe, \u00fcberschaubarer Komfort, aber winzige Gr\u00fcnfl\u00e4chen am Haus; Fabrikkomplex mit aufeinander abgestimmten Arbeits- und Sozialgeb\u00e4uden. Haben wir das also auch. <\/p>\n\n\n\n<figure class=\"wp-block-gallery columns-1 is-cropped\"><ul class=\"blocks-gallery-grid\"><li class=\"blocks-gallery-item\"><figure><img loading=\"lazy\" width=\"1024\" height=\"698\" src=\"http:\/\/www.urlaub-und-stadien.de\/wp-content\/uploads\/1997\/10\/img333-1024x698.jpg\" alt=\"\" data-id=\"5579\" data-link=\"http:\/\/www.urlaub-und-stadien.de\/?attachment_id=5579\" class=\"wp-image-5579\" srcset=\"http:\/\/www.urlaub-und-stadien.de\/wp-content\/uploads\/1997\/10\/img333-1024x698.jpg 1024w, http:\/\/www.urlaub-und-stadien.de\/wp-content\/uploads\/1997\/10\/img333-300x205.jpg 300w, http:\/\/www.urlaub-und-stadien.de\/wp-content\/uploads\/1997\/10\/img333-768x524.jpg 768w, http:\/\/www.urlaub-und-stadien.de\/wp-content\/uploads\/1997\/10\/img333.jpg 1698w\" sizes=\"(max-width: 1024px) 100vw, 1024px\" \/><\/figure><\/li><li class=\"blocks-gallery-item\"><figure><img loading=\"lazy\" width=\"1024\" height=\"688\" src=\"http:\/\/www.urlaub-und-stadien.de\/wp-content\/uploads\/1997\/10\/img328-1024x688.jpg\" alt=\"\" data-id=\"5574\" data-link=\"http:\/\/www.urlaub-und-stadien.de\/?attachment_id=5574\" class=\"wp-image-5574\" srcset=\"http:\/\/www.urlaub-und-stadien.de\/wp-content\/uploads\/1997\/10\/img328-1024x688.jpg 1024w, http:\/\/www.urlaub-und-stadien.de\/wp-content\/uploads\/1997\/10\/img328-300x202.jpg 300w, http:\/\/www.urlaub-und-stadien.de\/wp-content\/uploads\/1997\/10\/img328-768x516.jpg 768w, http:\/\/www.urlaub-und-stadien.de\/wp-content\/uploads\/1997\/10\/img328.jpg 1703w\" sizes=\"(max-width: 1024px) 100vw, 1024px\" \/><\/figure><\/li><li class=\"blocks-gallery-item\"><figure><img loading=\"lazy\" width=\"1024\" height=\"700\" src=\"http:\/\/www.urlaub-und-stadien.de\/wp-content\/uploads\/1997\/10\/img329-1024x700.jpg\" alt=\"\" data-id=\"5575\" data-link=\"http:\/\/www.urlaub-und-stadien.de\/?attachment_id=5575\" class=\"wp-image-5575\" srcset=\"http:\/\/www.urlaub-und-stadien.de\/wp-content\/uploads\/1997\/10\/img329-1024x700.jpg 1024w, http:\/\/www.urlaub-und-stadien.de\/wp-content\/uploads\/1997\/10\/img329-300x205.jpg 300w, http:\/\/www.urlaub-und-stadien.de\/wp-content\/uploads\/1997\/10\/img329-768x525.jpg 768w, http:\/\/www.urlaub-und-stadien.de\/wp-content\/uploads\/1997\/10\/img329.jpg 1703w\" sizes=\"(max-width: 1024px) 100vw, 1024px\" \/><\/figure><\/li><li class=\"blocks-gallery-item\"><figure><img loading=\"lazy\" width=\"1024\" height=\"688\" src=\"http:\/\/www.urlaub-und-stadien.de\/wp-content\/uploads\/1997\/10\/img340-1024x688.jpg\" alt=\"\" data-id=\"5586\" data-link=\"http:\/\/www.urlaub-und-stadien.de\/?attachment_id=5586\" class=\"wp-image-5586\" srcset=\"http:\/\/www.urlaub-und-stadien.de\/wp-content\/uploads\/1997\/10\/img340-1024x688.jpg 1024w, http:\/\/www.urlaub-und-stadien.de\/wp-content\/uploads\/1997\/10\/img340-300x202.jpg 300w, http:\/\/www.urlaub-und-stadien.de\/wp-content\/uploads\/1997\/10\/img340-768x516.jpg 768w, http:\/\/www.urlaub-und-stadien.de\/wp-content\/uploads\/1997\/10\/img340.jpg 1703w\" sizes=\"(max-width: 1024px) 100vw, 1024px\" \/><\/figure><\/li><\/ul><\/figure>\n","protected":false},"excerpt":{"rendered":"","protected":false},"author":1,"featured_media":0,"comment_status":"open","ping_status":"open","sticky":false,"template":"","format":"standard","meta":[],"categories":[7,6],"tags":[],"_links":{"self":[{"href":"http:\/\/www.urlaub-und-stadien.de\/index.php?rest_route=\/wp\/v2\/posts\/5533"}],"collection":[{"href":"http:\/\/www.urlaub-und-stadien.de\/index.php?rest_route=\/wp\/v2\/posts"}],"about":[{"href":"http:\/\/www.urlaub-und-stadien.de\/index.php?rest_route=\/wp\/v2\/types\/post"}],"author":[{"embeddable":true,"href":"http:\/\/www.urlaub-und-stadien.de\/index.php?rest_route=\/wp\/v2\/users\/1"}],"replies":[{"embeddable":true,"href":"http:\/\/www.urlaub-und-stadien.de\/index.php?rest_route=%2Fwp%2Fv2%2Fcomments&post=5533"}],"version-history":[{"count":5,"href":"http:\/\/www.urlaub-und-stadien.de\/index.php?rest_route=\/wp\/v2\/posts\/5533\/revisions"}],"predecessor-version":[{"id":7087,"href":"http:\/\/www.urlaub-und-stadien.de\/index.php?rest_route=\/wp\/v2\/posts\/5533\/revisions\/7087"}],"wp:attachment":[{"href":"http:\/\/www.urlaub-und-stadien.de\/index.php?rest_route=%2Fwp%2Fv2%2Fmedia&parent=5533"}],"wp:term":[{"taxonomy":"category","embeddable":true,"href":"http:\/\/www.urlaub-und-stadien.de\/index.php?rest_route=%2Fwp%2Fv2%2Fcategories&post=5533"},{"taxonomy":"post_tag","embeddable":true,"href":"http:\/\/www.urlaub-und-stadien.de\/index.php?rest_route=%2Fwp%2Fv2%2Ftags&post=5533"}],"curies":[{"name":"wp","href":"https:\/\/api.w.org\/{rel}","templated":true}]}}