{"id":365,"date":"2012-09-25T09:27:25","date_gmt":"2012-09-25T09:27:25","guid":{"rendered":"http:\/\/www.urlaub-und-stadien.de\/?p=365"},"modified":"2020-04-21T19:55:36","modified_gmt":"2020-04-21T19:55:36","slug":"sarajevo-09-2012","status":"publish","type":"post","link":"http:\/\/www.urlaub-und-stadien.de\/?p=365","title":{"rendered":"SARAJEVO &#8211; September : 2012"},"content":{"rendered":"<h4 style=\"text-align: justify;\"><strong><a href=\"http:\/\/www.urlaub-und-stadien.de\/?attachment_id=901\"><img loading=\"lazy\" class=\"aligncenter wp-image-901 size-large\" src=\"http:\/\/www.urlaub-und-stadien.de\/wp-content\/uploads\/2012\/09\/Sarajevo_11-1024x768.jpg\" alt=\"Sarajevo_11\" width=\"640\" height=\"480\" srcset=\"http:\/\/www.urlaub-und-stadien.de\/wp-content\/uploads\/2012\/09\/Sarajevo_11-1024x768.jpg 1024w, http:\/\/www.urlaub-und-stadien.de\/wp-content\/uploads\/2012\/09\/Sarajevo_11-300x225.jpg 300w, http:\/\/www.urlaub-und-stadien.de\/wp-content\/uploads\/2012\/09\/Sarajevo_11-768x576.jpg 768w\" sizes=\"(max-width: 640px) 100vw, 640px\" \/><\/a><\/strong><\/h4>\n<h4 style=\"text-align: center;\"><strong>\u00dcberragender Fu\u00dfball l\u00e4utet die bevorstehende Tour auf den Balkan ein. Eintrachts Zweite bezwingt im Oberliga-Spitzenspiel Hansa L\u00fcneburg mit 5:1. Danach geht\u2018s direkt zum Magnifest mit dem \u00fcblichen Procedere.<\/strong><\/h4>\n<p style=\"text-align: justify;\"><!--more-->Trotz recht fr\u00fchen Weckerklingelns gelingt das Aufstehen problemfrei und so finden sich Robin und ich bei bestem sommerlichen Wetter des Mittags im Sektionsbus in Zwickau wieder. Es folgen 1.300 km Richtung Europas S\u00fcden. Die Balkanmetropole Sarajevo ist das Ziel. Die Zeit wird erfolgreich \u00fcberbr\u00fcckt mit diversen goldgelben Getr\u00e4nken, Pfeffi und der Vermittlung Braunschweigischen Liedgutes. Ein mittelschweres Wunder, dass sich unsere Hommage an Sylvie van der Vaart bisher noch nicht nach Chemnitz rumgesprochen hatte, aber nun, die Kulturbotschafter-Rolle haben wir nachweisbar erfolgreich wahrgenommen.<\/p>\n<p style=\"text-align: justify;\">W\u00e4hrend also Horst und Horst (warum haben Busfahrer eigentlich immer solch komische Namen?) den Bus durch die Nacht steuern, geben wir uns der Vorfreude auf Sarajevo hin und werden am n\u00e4chsten Morgen auch kein bisschen entt\u00e4uscht. Zun\u00e4chst f\u00e4llt auf, dass Sarajevo, von der Einwohnerzahl mit Braunschweig vergleichbar, sich konsequent in einen Talkessel der Karpaten eingefr\u00e4st hat und sich deswegen auch unendlich lang zieht. Doppelt so lang als real erscheint es, weil unsere Busfahrer recht wenig Plan haben und dementsprechend durch Sarajevo kurven. Nun denn, gegen 9:00 stellen wir unsere Taschen am Hotel ab und begeben uns auf eine erste Erkundungstour durch die Altstadt. Doch zuvor wird um die Ecke der Gott der Nahrung angerufen. Erwartungsgem\u00e4\u00df zeigt er sich hier in Balkann\u00e4he recht fleischig, zudem sehr schlicht. Das georderte Cevapcici entpuppt sich als eine Ansammlung von acht in ein aufgeschnittenes Fladenbrot hineingeworfenen Fleischk\u00f6tteln. Kein Salat, keine Paste, nur Fleisch und Brot. Abgefahrene Schlichtheit, bisschen trocken auf Dauer, aber sehr direkt. Fragen er\u00fcbrigen sich.<\/p>\n<p style=\"text-align: justify;\">Die Altstadt wei\u00df sehr zu gefallen. Kleine Gassen, kleine L\u00e4dchen, viel von dieser orientalisch anmutenden Goldschmiedekunst. Die Altstadt steht wie ich finde klar an verschiedenen Schwellen: sie geht ins Orientalische ohne orientalisch zu sein; sie widerspiegelt osmanische Einfl\u00fcsse, ohne den Besucher damit zu penetrieren; sie ist kleinteilig-verwinkelt ohne hektisch-un\u00fcbersichtlich zu sein. Es ist genau dieser ruhige Lebensfluss, der mich begeistert. Zudem sind die Leute hier extrem entspannt. Der Ladenbesitzer unseres Vertrauens bietet uns ganz selbstverst\u00e4ndlich die Bank vor seinem Gesch\u00e4ft zum Verweilen mit Sarajevskoje an, zuvor hat er dort noch seinen Tee getrunken.<\/p>\n\n\t\t<style type=\"text\/css\">\n\t\t\t#gallery-1 {\n\t\t\t\tmargin: auto;\n\t\t\t}\n\t\t\t#gallery-1 .gallery-item {\n\t\t\t\tfloat: left;\n\t\t\t\tmargin-top: 10px;\n\t\t\t\ttext-align: center;\n\t\t\t\twidth: 100%;\n\t\t\t}\n\t\t\t#gallery-1 img {\n\t\t\t\tborder: 2px solid #cfcfcf;\n\t\t\t}\n\t\t\t#gallery-1 .gallery-caption {\n\t\t\t\tmargin-left: 0;\n\t\t\t}\n\t\t\t\/* see gallery_shortcode() in wp-includes\/media.php *\/\n\t\t<\/style>\n\t\t<div id='gallery-1' class='gallery galleryid-365 gallery-columns-1 gallery-size-large'><dl class='gallery-item'>\n\t\t\t<dt class='gallery-icon landscape'>\n\t\t\t\t<a href='http:\/\/www.urlaub-und-stadien.de\/?attachment_id=891'><img width=\"640\" height=\"480\" src=\"http:\/\/www.urlaub-und-stadien.de\/wp-content\/uploads\/2012\/09\/Sarajevo_1-1024x768.jpg\" class=\"attachment-large size-large\" alt=\"\" loading=\"lazy\" srcset=\"http:\/\/www.urlaub-und-stadien.de\/wp-content\/uploads\/2012\/09\/Sarajevo_1-1024x768.jpg 1024w, http:\/\/www.urlaub-und-stadien.de\/wp-content\/uploads\/2012\/09\/Sarajevo_1-300x225.jpg 300w, http:\/\/www.urlaub-und-stadien.de\/wp-content\/uploads\/2012\/09\/Sarajevo_1-768x576.jpg 768w\" sizes=\"(max-width: 640px) 100vw, 640px\" \/><\/a>\n\t\t\t<\/dt><\/dl><br style=\"clear: both\" \/><dl class='gallery-item'>\n\t\t\t<dt class='gallery-icon landscape'>\n\t\t\t\t<a href='http:\/\/www.urlaub-und-stadien.de\/?attachment_id=894'><img width=\"640\" height=\"480\" src=\"http:\/\/www.urlaub-und-stadien.de\/wp-content\/uploads\/2012\/09\/Sarajevo_4-1024x768.jpg\" class=\"attachment-large size-large\" alt=\"\" loading=\"lazy\" srcset=\"http:\/\/www.urlaub-und-stadien.de\/wp-content\/uploads\/2012\/09\/Sarajevo_4-1024x768.jpg 1024w, http:\/\/www.urlaub-und-stadien.de\/wp-content\/uploads\/2012\/09\/Sarajevo_4-300x225.jpg 300w, http:\/\/www.urlaub-und-stadien.de\/wp-content\/uploads\/2012\/09\/Sarajevo_4-768x576.jpg 768w\" sizes=\"(max-width: 640px) 100vw, 640px\" \/><\/a>\n\t\t\t<\/dt><\/dl><br style=\"clear: both\" \/>\n\t\t<\/div>\n\n\n\t\t<style type=\"text\/css\">\n\t\t\t#gallery-2 {\n\t\t\t\tmargin: auto;\n\t\t\t}\n\t\t\t#gallery-2 .gallery-item {\n\t\t\t\tfloat: left;\n\t\t\t\tmargin-top: 10px;\n\t\t\t\ttext-align: center;\n\t\t\t\twidth: 100%;\n\t\t\t}\n\t\t\t#gallery-2 img {\n\t\t\t\tborder: 2px solid #cfcfcf;\n\t\t\t}\n\t\t\t#gallery-2 .gallery-caption {\n\t\t\t\tmargin-left: 0;\n\t\t\t}\n\t\t\t\/* see gallery_shortcode() in wp-includes\/media.php *\/\n\t\t<\/style>\n\t\t<div id='gallery-2' class='gallery galleryid-365 gallery-columns-1 gallery-size-large'><dl class='gallery-item'>\n\t\t\t<dt class='gallery-icon landscape'>\n\t\t\t\t<a href='http:\/\/www.urlaub-und-stadien.de\/?attachment_id=892'><img width=\"640\" height=\"480\" src=\"http:\/\/www.urlaub-und-stadien.de\/wp-content\/uploads\/2012\/09\/Sarajevo_2-1024x768.jpg\" class=\"attachment-large size-large\" alt=\"\" loading=\"lazy\" srcset=\"http:\/\/www.urlaub-und-stadien.de\/wp-content\/uploads\/2012\/09\/Sarajevo_2-1024x768.jpg 1024w, http:\/\/www.urlaub-und-stadien.de\/wp-content\/uploads\/2012\/09\/Sarajevo_2-300x225.jpg 300w, http:\/\/www.urlaub-und-stadien.de\/wp-content\/uploads\/2012\/09\/Sarajevo_2-768x576.jpg 768w\" sizes=\"(max-width: 640px) 100vw, 640px\" \/><\/a>\n\t\t\t<\/dt><\/dl><br style=\"clear: both\" \/>\n\t\t<\/div>\n\n<p style=\"text-align: justify;\">Es ist Biernationalit\u00e4t Nummero 2 auf der Sechs-L\u00e4nder-sechs-Biere-zwei-Stadien-Tour. Zun\u00e4chst z\u00e4hlen wir nur Deutschland und Bosnien, denn durch die anderen L\u00e4nder sind wir ja lediglich schlafend gefahren. Aber es folgen ja noch Stationen.<\/p>\n<p style=\"text-align: justify;\">Irgendwann machen wir uns auf den Weg zum Asim Ferhatovi\u0107 Hase Stadion, was nach einem bosnischen Fu\u00dfballer benannt ist. Nach der Altstadt kommen ein paar Regierungsgeb\u00e4ude, \u00fcberraschend ist, wie konsequent die Altstadt aufh\u00f6rt und die Neustadt beginnt. Krass wird\u2018s dann auf dem weiteren Weg zum fr\u00fcheren Olympiastadion, den wir bewusst zu Fu\u00df gehen, die Geschichte des jugoslawischen B\u00fcrgerkrieges weist eine vierj\u00e4hrige Belagerung Sarajevos aus und ganz klar interessieren uns die Spuren in der Stadt. Fassaden mit Einschussl\u00f6chern links und rechts wirken und stimmen nachdenklich, weit krasser aber sind die vielen Friedh\u00f6fe. Oberkrass allerdings ist ein Friedhof auf dem Stadiongel\u00e4nde, welcher bei n\u00e4herem Hinsehen eben nur Sterbedaten zwischen 1992 und 1996 ausweist. Es sind die Daten der Belagerung. F\u00fcr einen sehr sp\u00fcrbaren und nachhaltigen Moment wirkt hier nicht das Olympiagel\u00e4nde mit seinem Charme der 50er Jahre sondern einzig der B\u00fcrgerkrieg.<\/p>\n\n\t\t<style type=\"text\/css\">\n\t\t\t#gallery-3 {\n\t\t\t\tmargin: auto;\n\t\t\t}\n\t\t\t#gallery-3 .gallery-item {\n\t\t\t\tfloat: left;\n\t\t\t\tmargin-top: 10px;\n\t\t\t\ttext-align: center;\n\t\t\t\twidth: 100%;\n\t\t\t}\n\t\t\t#gallery-3 img {\n\t\t\t\tborder: 2px solid #cfcfcf;\n\t\t\t}\n\t\t\t#gallery-3 .gallery-caption {\n\t\t\t\tmargin-left: 0;\n\t\t\t}\n\t\t\t\/* see gallery_shortcode() in wp-includes\/media.php *\/\n\t\t<\/style>\n\t\t<div id='gallery-3' class='gallery galleryid-365 gallery-columns-1 gallery-size-large'><dl class='gallery-item'>\n\t\t\t<dt class='gallery-icon landscape'>\n\t\t\t\t<a href='http:\/\/www.urlaub-und-stadien.de\/?attachment_id=897'><img width=\"640\" height=\"480\" src=\"http:\/\/www.urlaub-und-stadien.de\/wp-content\/uploads\/2012\/09\/Sarajevo_7-1024x768.jpg\" class=\"attachment-large size-large\" alt=\"\" loading=\"lazy\" srcset=\"http:\/\/www.urlaub-und-stadien.de\/wp-content\/uploads\/2012\/09\/Sarajevo_7-1024x768.jpg 1024w, http:\/\/www.urlaub-und-stadien.de\/wp-content\/uploads\/2012\/09\/Sarajevo_7-300x225.jpg 300w, http:\/\/www.urlaub-und-stadien.de\/wp-content\/uploads\/2012\/09\/Sarajevo_7-768x576.jpg 768w\" sizes=\"(max-width: 640px) 100vw, 640px\" \/><\/a>\n\t\t\t<\/dt><\/dl><br style=\"clear: both\" \/><dl class='gallery-item'>\n\t\t\t<dt class='gallery-icon landscape'>\n\t\t\t\t<a href='http:\/\/www.urlaub-und-stadien.de\/?attachment_id=898'><img width=\"640\" height=\"480\" src=\"http:\/\/www.urlaub-und-stadien.de\/wp-content\/uploads\/2012\/09\/Sarajevo_8-1024x768.jpg\" class=\"attachment-large size-large\" alt=\"\" loading=\"lazy\" srcset=\"http:\/\/www.urlaub-und-stadien.de\/wp-content\/uploads\/2012\/09\/Sarajevo_8-1024x768.jpg 1024w, http:\/\/www.urlaub-und-stadien.de\/wp-content\/uploads\/2012\/09\/Sarajevo_8-300x225.jpg 300w, http:\/\/www.urlaub-und-stadien.de\/wp-content\/uploads\/2012\/09\/Sarajevo_8-768x576.jpg 768w\" sizes=\"(max-width: 640px) 100vw, 640px\" \/><\/a>\n\t\t\t<\/dt><\/dl><br style=\"clear: both\" \/>\n\t\t<\/div>\n\n\n\t\t<style type=\"text\/css\">\n\t\t\t#gallery-4 {\n\t\t\t\tmargin: auto;\n\t\t\t}\n\t\t\t#gallery-4 .gallery-item {\n\t\t\t\tfloat: left;\n\t\t\t\tmargin-top: 10px;\n\t\t\t\ttext-align: center;\n\t\t\t\twidth: 100%;\n\t\t\t}\n\t\t\t#gallery-4 img {\n\t\t\t\tborder: 2px solid #cfcfcf;\n\t\t\t}\n\t\t\t#gallery-4 .gallery-caption {\n\t\t\t\tmargin-left: 0;\n\t\t\t}\n\t\t\t\/* see gallery_shortcode() in wp-includes\/media.php *\/\n\t\t<\/style>\n\t\t<div id='gallery-4' class='gallery galleryid-365 gallery-columns-1 gallery-size-large'><dl class='gallery-item'>\n\t\t\t<dt class='gallery-icon landscape'>\n\t\t\t\t<a href='http:\/\/www.urlaub-und-stadien.de\/?attachment_id=896'><img width=\"640\" height=\"480\" src=\"http:\/\/www.urlaub-und-stadien.de\/wp-content\/uploads\/2012\/09\/Sarajevo_6-1024x768.jpg\" class=\"attachment-large size-large\" alt=\"\" loading=\"lazy\" srcset=\"http:\/\/www.urlaub-und-stadien.de\/wp-content\/uploads\/2012\/09\/Sarajevo_6-1024x768.jpg 1024w, http:\/\/www.urlaub-und-stadien.de\/wp-content\/uploads\/2012\/09\/Sarajevo_6-300x225.jpg 300w, http:\/\/www.urlaub-und-stadien.de\/wp-content\/uploads\/2012\/09\/Sarajevo_6-768x576.jpg 768w\" sizes=\"(max-width: 640px) 100vw, 640px\" \/><\/a>\n\t\t\t<\/dt><\/dl><br style=\"clear: both\" \/>\n\t\t<\/div>\n\n<p style=\"text-align: justify;\">Aber irgendwann z\u00e4hlt dann doch der Fu\u00dfball und der hei\u00dft hier und heute U-21-EM-Qualifikation mit Bosnien-Herzegowina vor 2.000 Zuschauern, denen ein unterhaltsames 4:4 geboten wird.<\/p>\n\n\t\t<style type=\"text\/css\">\n\t\t\t#gallery-5 {\n\t\t\t\tmargin: auto;\n\t\t\t}\n\t\t\t#gallery-5 .gallery-item {\n\t\t\t\tfloat: left;\n\t\t\t\tmargin-top: 10px;\n\t\t\t\ttext-align: center;\n\t\t\t\twidth: 100%;\n\t\t\t}\n\t\t\t#gallery-5 img {\n\t\t\t\tborder: 2px solid #cfcfcf;\n\t\t\t}\n\t\t\t#gallery-5 .gallery-caption {\n\t\t\t\tmargin-left: 0;\n\t\t\t}\n\t\t\t\/* see gallery_shortcode() in wp-includes\/media.php *\/\n\t\t<\/style>\n\t\t<div id='gallery-5' class='gallery galleryid-365 gallery-columns-1 gallery-size-large'><dl class='gallery-item'>\n\t\t\t<dt class='gallery-icon landscape'>\n\t\t\t\t<a href='http:\/\/www.urlaub-und-stadien.de\/?attachment_id=899'><img width=\"640\" height=\"480\" src=\"http:\/\/www.urlaub-und-stadien.de\/wp-content\/uploads\/2012\/09\/Sarajevo_9-1024x768.jpg\" class=\"attachment-large size-large\" alt=\"\" loading=\"lazy\" srcset=\"http:\/\/www.urlaub-und-stadien.de\/wp-content\/uploads\/2012\/09\/Sarajevo_9-1024x768.jpg 1024w, http:\/\/www.urlaub-und-stadien.de\/wp-content\/uploads\/2012\/09\/Sarajevo_9-300x225.jpg 300w, http:\/\/www.urlaub-und-stadien.de\/wp-content\/uploads\/2012\/09\/Sarajevo_9-768x576.jpg 768w\" sizes=\"(max-width: 640px) 100vw, 640px\" \/><\/a>\n\t\t\t<\/dt><\/dl><br style=\"clear: both\" \/><dl class='gallery-item'>\n\t\t\t<dt class='gallery-icon landscape'>\n\t\t\t\t<a href='http:\/\/www.urlaub-und-stadien.de\/?attachment_id=900'><img width=\"640\" height=\"498\" src=\"http:\/\/www.urlaub-und-stadien.de\/wp-content\/uploads\/2012\/09\/Sarajevo_10-1024x797.jpg\" class=\"attachment-large size-large\" alt=\"\" loading=\"lazy\" srcset=\"http:\/\/www.urlaub-und-stadien.de\/wp-content\/uploads\/2012\/09\/Sarajevo_10-1024x797.jpg 1024w, http:\/\/www.urlaub-und-stadien.de\/wp-content\/uploads\/2012\/09\/Sarajevo_10-300x234.jpg 300w, http:\/\/www.urlaub-und-stadien.de\/wp-content\/uploads\/2012\/09\/Sarajevo_10-768x598.jpg 768w, http:\/\/www.urlaub-und-stadien.de\/wp-content\/uploads\/2012\/09\/Sarajevo_10.jpg 1594w\" sizes=\"(max-width: 640px) 100vw, 640px\" \/><\/a>\n\t\t\t<\/dt><\/dl><br style=\"clear: both\" \/>\n\t\t<\/div>\n\n\n\t\t<style type=\"text\/css\">\n\t\t\t#gallery-6 {\n\t\t\t\tmargin: auto;\n\t\t\t}\n\t\t\t#gallery-6 .gallery-item {\n\t\t\t\tfloat: left;\n\t\t\t\tmargin-top: 10px;\n\t\t\t\ttext-align: center;\n\t\t\t\twidth: 100%;\n\t\t\t}\n\t\t\t#gallery-6 img {\n\t\t\t\tborder: 2px solid #cfcfcf;\n\t\t\t}\n\t\t\t#gallery-6 .gallery-caption {\n\t\t\t\tmargin-left: 0;\n\t\t\t}\n\t\t\t\/* see gallery_shortcode() in wp-includes\/media.php *\/\n\t\t<\/style>\n\t\t<div id='gallery-6' class='gallery galleryid-365 gallery-columns-1 gallery-size-large'><dl class='gallery-item'>\n\t\t\t<dt class='gallery-icon landscape'>\n\t\t\t\t<a href='http:\/\/www.urlaub-und-stadien.de\/?attachment_id=908'><img width=\"640\" height=\"159\" src=\"http:\/\/www.urlaub-und-stadien.de\/wp-content\/uploads\/2012\/09\/Sarajevo_13-1-1024x254.jpg\" class=\"attachment-large size-large\" alt=\"\" loading=\"lazy\" srcset=\"http:\/\/www.urlaub-und-stadien.de\/wp-content\/uploads\/2012\/09\/Sarajevo_13-1-1024x254.jpg 1024w, http:\/\/www.urlaub-und-stadien.de\/wp-content\/uploads\/2012\/09\/Sarajevo_13-1-300x74.jpg 300w, http:\/\/www.urlaub-und-stadien.de\/wp-content\/uploads\/2012\/09\/Sarajevo_13-1-768x190.jpg 768w\" sizes=\"(max-width: 640px) 100vw, 640px\" \/><\/a>\n\t\t\t<\/dt><\/dl><br style=\"clear: both\" \/>\n\t\t<\/div>\n\n<p style=\"text-align: justify;\">Am n\u00e4chsten Tag stehen lediglich 800 km an. Es geht von Sarajevo nach Wien, wo am n\u00e4chsten Tag, am 11. September das EM-Qualispiel gegen \u00d6sterreich ansteht. Und nun, auf dem Weg, kommen die L\u00e4nder und Biere drei und vier hinzu, denn es geht von Bosnien via Kroatien und Slowenien nach \u00d6sterreich. Abends sind wir dann in Wien, den ganzen Tag im Bus, es gibt sicher weniger aufw\u00e4ndige Reisen, aber wir wussten ja, worauf wir uns einlassen. Von Wien sehen wir nix weiter, springen am Stadion raus, sehen ein 2:1 von Deutschland und anschlie\u00dfend geht\u2019s ins Hotel irgendwo in der Vorstadt oder was wei\u00df ich wo. Jedenfalls ziemlich ab vom Schuss, ein Bier k\u00f6nnen wir nach langer langer Suche auftreiben und damit haben wir dann auch Nation f\u00fcnf mit Bier f\u00fcnf.<\/p>\n<p style=\"text-align: justify;\">Das sechste Bier kommt am n\u00e4chsten Tag hinzu. Durch die Tschechische Republik geht\u2019s zur\u00fcck nach Deutschland, diesmal kommen lediglich 600 km auf den Tacho, wenn man es eben nur auf Chemnitz bezieht. Eine Intensive Tour geht zu Ende, da Wien ja lediglich der Zusatz zu Sarajevo, dem erkl\u00e4rten Hauptziel war, passte auch alles. Ob knapp 3.000 km (jetzt mal die Transfers von und nach Braunschweig eingerechnet) f\u00fcr die kurze Zeit so richtig Sinn machen, sei dahingestellt, da aber der Bus okay war, die Zeit f\u00fcr Sarajevo ausreichend war und insgesamt alles sehr entspannt war, kann man nur sagen: Alles gut! Alles richtig gemacht! Die \u201eSechs-L\u00e4nder-sechs-Biere-zwei-Stadien-Tour\u201c ist erfolgreich gemeistert und hat Spa\u00df gemacht.<\/p>\n","protected":false},"excerpt":{"rendered":"<p>\u00dcberragender Fu\u00dfball l\u00e4utet die bevorstehende Tour auf den Balkan ein. Eintrachts Zweite bezwingt im Oberliga-Spitzenspiel Hansa L\u00fcneburg mit 5:1. Danach geht\u2018s direkt zum Magnifest mit dem \u00fcblichen Procedere.<\/p>\n","protected":false},"author":1,"featured_media":0,"comment_status":"open","ping_status":"open","sticky":false,"template":"","format":"standard","meta":[],"categories":[2],"tags":[],"_links":{"self":[{"href":"http:\/\/www.urlaub-und-stadien.de\/index.php?rest_route=\/wp\/v2\/posts\/365"}],"collection":[{"href":"http:\/\/www.urlaub-und-stadien.de\/index.php?rest_route=\/wp\/v2\/posts"}],"about":[{"href":"http:\/\/www.urlaub-und-stadien.de\/index.php?rest_route=\/wp\/v2\/types\/post"}],"author":[{"embeddable":true,"href":"http:\/\/www.urlaub-und-stadien.de\/index.php?rest_route=\/wp\/v2\/users\/1"}],"replies":[{"embeddable":true,"href":"http:\/\/www.urlaub-und-stadien.de\/index.php?rest_route=%2Fwp%2Fv2%2Fcomments&post=365"}],"version-history":[{"count":9,"href":"http:\/\/www.urlaub-und-stadien.de\/index.php?rest_route=\/wp\/v2\/posts\/365\/revisions"}],"predecessor-version":[{"id":6076,"href":"http:\/\/www.urlaub-und-stadien.de\/index.php?rest_route=\/wp\/v2\/posts\/365\/revisions\/6076"}],"wp:attachment":[{"href":"http:\/\/www.urlaub-und-stadien.de\/index.php?rest_route=%2Fwp%2Fv2%2Fmedia&parent=365"}],"wp:term":[{"taxonomy":"category","embeddable":true,"href":"http:\/\/www.urlaub-und-stadien.de\/index.php?rest_route=%2Fwp%2Fv2%2Fcategories&post=365"},{"taxonomy":"post_tag","embeddable":true,"href":"http:\/\/www.urlaub-und-stadien.de\/index.php?rest_route=%2Fwp%2Fv2%2Ftags&post=365"}],"curies":[{"name":"wp","href":"https:\/\/api.w.org\/{rel}","templated":true}]}}