{"id":157,"date":"2016-06-01T18:56:44","date_gmt":"2016-06-01T18:56:44","guid":{"rendered":"http:\/\/www.urlaub-und-stadien.de\/?p=157"},"modified":"2020-04-19T21:15:38","modified_gmt":"2020-04-19T21:15:38","slug":"albanien-05-2016","status":"publish","type":"post","link":"http:\/\/www.urlaub-und-stadien.de\/?p=157","title":{"rendered":"ALBANIEN &#8211; Mai : 2016"},"content":{"rendered":"<h4 style=\"text-align: justify;\"><a href=\"http:\/\/www.urlaub-und-stadien.de\/?attachment_id=173\"><img loading=\"lazy\" class=\"aligncenter wp-image-173 size-large\" src=\"http:\/\/www.urlaub-und-stadien.de\/wp-content\/uploads\/2016\/06\/DSCN2812-1024x576.jpg\" alt=\"DSCN2812\" width=\"640\" height=\"360\" srcset=\"http:\/\/www.urlaub-und-stadien.de\/wp-content\/uploads\/2016\/06\/DSCN2812-1024x576.jpg 1024w, http:\/\/www.urlaub-und-stadien.de\/wp-content\/uploads\/2016\/06\/DSCN2812-300x169.jpg 300w, http:\/\/www.urlaub-und-stadien.de\/wp-content\/uploads\/2016\/06\/DSCN2812-768x432.jpg 768w\" sizes=\"(max-width: 640px) 100vw, 640px\" \/><\/a><\/h4>\n<h4 style=\"text-align: center;\"><strong>Eigentlich sollte es neben Tirana auch tief in die Albanischen Alpen gehen, zum Koman-See oder in den Theti-Nationalpark. Gekommen aber ist alles ganz anders.<\/strong><!--more--><\/h4>\n<p style=\"text-align: justify;\">Schuld daran war ein eigentlich eher unscheinbarer Hinweis auf ein Restaurant in der Rruga 4 D\u00ebshmor\u00ebt, in mein Hotel in der gleichen Stra\u00dfe wollte ich nach dem Fu\u00dfball noch nicht. Damit fing alles an. Doch der Reihe nach.<\/p>\n<p style=\"text-align: justify;\">Mal abgesehen davon, dass f\u00fcr 2,5 Stunden Flugstrecke gesamt ein Zwischenstopp irgendwie ziemlich albern ist, ist der Flug zum Zwischenstopp Ljubljana mit lediglich 22 Passagieren, auf 88 Sitze verteilt, schon kurios. Mehr ist von dem Flug nicht erw\u00e4hnenswert, au\u00dfer dass sowohl Ljubljana als auch Tirana kleine \u00fcberschaubare Flugh\u00e4fen haben, die h\u00fcbsch von Bergen eingerahmt sind. P\u00fcnktliche Ankunft, Einchecken im Hotel und auf geht&#8217;s zum letzten Spieltag der Kategoria Superiore.<\/p>\n<p style=\"text-align: justify;\">Partizani hat noch Chancen auf die Meisterschaft, muss daf\u00fcr aber gewinnen und gleichzeitig muss Sk\u00ebnderbeu verlieren. Fast die Eintracht-Konstellation von 2008. Was damals wundersamerweise gelingt, funktioniert an diesem Tag nicht. Partizani verliert, Sk\u00ebnderbeu in Albaniens S\u00fcden wird Meister. M\u00f6glicherweise das letzte Spiel im Stadiumi Komb\u00ebtar Qemal Stafa. An gleicher Stelle soll eine neue Arena entstehen.<\/p>\n\n\t\t<style type=\"text\/css\">\n\t\t\t#gallery-1 {\n\t\t\t\tmargin: auto;\n\t\t\t}\n\t\t\t#gallery-1 .gallery-item {\n\t\t\t\tfloat: left;\n\t\t\t\tmargin-top: 10px;\n\t\t\t\ttext-align: center;\n\t\t\t\twidth: 100%;\n\t\t\t}\n\t\t\t#gallery-1 img {\n\t\t\t\tborder: 2px solid #cfcfcf;\n\t\t\t}\n\t\t\t#gallery-1 .gallery-caption {\n\t\t\t\tmargin-left: 0;\n\t\t\t}\n\t\t\t\/* see gallery_shortcode() in wp-includes\/media.php *\/\n\t\t<\/style>\n\t\t<div id='gallery-1' class='gallery galleryid-157 gallery-columns-1 gallery-size-large'><dl class='gallery-item'>\n\t\t\t<dt class='gallery-icon landscape'>\n\t\t\t\t<a href='http:\/\/www.urlaub-und-stadien.de\/?attachment_id=170'><img width=\"640\" height=\"360\" src=\"http:\/\/www.urlaub-und-stadien.de\/wp-content\/uploads\/2016\/06\/DSCN2790-1024x576.jpg\" class=\"attachment-large size-large\" alt=\"\" loading=\"lazy\" srcset=\"http:\/\/www.urlaub-und-stadien.de\/wp-content\/uploads\/2016\/06\/DSCN2790-1024x576.jpg 1024w, http:\/\/www.urlaub-und-stadien.de\/wp-content\/uploads\/2016\/06\/DSCN2790-300x169.jpg 300w, http:\/\/www.urlaub-und-stadien.de\/wp-content\/uploads\/2016\/06\/DSCN2790-768x432.jpg 768w\" sizes=\"(max-width: 640px) 100vw, 640px\" \/><\/a>\n\t\t\t<\/dt><\/dl><br style=\"clear: both\" \/><dl class='gallery-item'>\n\t\t\t<dt class='gallery-icon landscape'>\n\t\t\t\t<a href='http:\/\/www.urlaub-und-stadien.de\/?attachment_id=167'><img width=\"640\" height=\"360\" src=\"http:\/\/www.urlaub-und-stadien.de\/wp-content\/uploads\/2016\/06\/DSCN2718-1024x576.jpg\" class=\"attachment-large size-large\" alt=\"\" loading=\"lazy\" srcset=\"http:\/\/www.urlaub-und-stadien.de\/wp-content\/uploads\/2016\/06\/DSCN2718-1024x576.jpg 1024w, http:\/\/www.urlaub-und-stadien.de\/wp-content\/uploads\/2016\/06\/DSCN2718-300x169.jpg 300w, http:\/\/www.urlaub-und-stadien.de\/wp-content\/uploads\/2016\/06\/DSCN2718-768x432.jpg 768w\" sizes=\"(max-width: 640px) 100vw, 640px\" \/><\/a>\n\t\t\t<\/dt><\/dl><br style=\"clear: both\" \/>\n\t\t<\/div>\n\n\n\t\t<style type=\"text\/css\">\n\t\t\t#gallery-2 {\n\t\t\t\tmargin: auto;\n\t\t\t}\n\t\t\t#gallery-2 .gallery-item {\n\t\t\t\tfloat: left;\n\t\t\t\tmargin-top: 10px;\n\t\t\t\ttext-align: center;\n\t\t\t\twidth: 100%;\n\t\t\t}\n\t\t\t#gallery-2 img {\n\t\t\t\tborder: 2px solid #cfcfcf;\n\t\t\t}\n\t\t\t#gallery-2 .gallery-caption {\n\t\t\t\tmargin-left: 0;\n\t\t\t}\n\t\t\t\/* see gallery_shortcode() in wp-includes\/media.php *\/\n\t\t<\/style>\n\t\t<div id='gallery-2' class='gallery galleryid-157 gallery-columns-1 gallery-size-large'><dl class='gallery-item'>\n\t\t\t<dt class='gallery-icon landscape'>\n\t\t\t\t<a href='http:\/\/www.urlaub-und-stadien.de\/?attachment_id=186'><img width=\"640\" height=\"141\" src=\"http:\/\/www.urlaub-und-stadien.de\/wp-content\/uploads\/2016\/06\/Pano_Partizani_1-1024x225.jpg\" class=\"attachment-large size-large\" alt=\"\" loading=\"lazy\" srcset=\"http:\/\/www.urlaub-und-stadien.de\/wp-content\/uploads\/2016\/06\/Pano_Partizani_1-1024x225.jpg 1024w, http:\/\/www.urlaub-und-stadien.de\/wp-content\/uploads\/2016\/06\/Pano_Partizani_1-300x66.jpg 300w, http:\/\/www.urlaub-und-stadien.de\/wp-content\/uploads\/2016\/06\/Pano_Partizani_1-768x169.jpg 768w\" sizes=\"(max-width: 640px) 100vw, 640px\" \/><\/a>\n\t\t\t<\/dt><\/dl><br style=\"clear: both\" \/>\n\t\t<\/div>\n\n<p style=\"text-align: justify;\">Schon auf dem Hinweg wurde deutlich, dass der Verkehr hier neue Ma\u00dfst\u00e4be setzt, ich bin schon gespannt auf den n\u00e4chsten Tag, an dem ich meinen Mietwagen in Empfang nehmen will, um auch au\u00dferhalb Tiranas mobil seien zu k\u00f6nnen.<\/p>\n<p style=\"text-align: justify;\"><a href=\"http:\/\/www.urlaub-und-stadien.de\/?attachment_id=166\"><img loading=\"lazy\" class=\"alignleft wp-image-166\" src=\"http:\/\/www.urlaub-und-stadien.de\/wp-content\/uploads\/2016\/06\/13292810_1163147360396138_101460055_n.jpg\" alt=\"13292810_1163147360396138_101460055_n\" width=\"126\" height=\"200\" srcset=\"http:\/\/www.urlaub-und-stadien.de\/wp-content\/uploads\/2016\/06\/13292810_1163147360396138_101460055_n.jpg 480w, http:\/\/www.urlaub-und-stadien.de\/wp-content\/uploads\/2016\/06\/13292810_1163147360396138_101460055_n-189x300.jpg 189w\" sizes=\"(max-width: 126px) 100vw, 126px\" \/><\/a>Aber zun\u00e4chst ist noch die Frage nach dem Essen zu l\u00f6sen. Und wahrscheinlich ist es das Schicksal, welches meine F\u00fc\u00dfe lenkt &#8211; so richtig \u00fcberzeugt mich nichts am Wege &#8211; bis eben dieses unscheinbare Schild meinen Weg kreuzt. Ich stehe also in einem Restaurant, bin der einzige Gast und versuche einem Albaner zu erkl\u00e4ren, dass ich essen und ein Bier trinken m\u00f6chte. In diesem Falle kompliziert. Das alte Problem im Ausland. Er versteht mich nicht &#8211; ich verstehe ihn nicht. Aber Hilfe naht. Mittlerweile wei\u00df ich, dass es der Journalist Zenel \u00c7eliku ist. Und w\u00e4hrend wir auf mein Essen &#8211; \u00fcbrigens sehr lecker &#8211; warten, entsteht das, wovon Reisef\u00fchrer immer so wortreich abraten &#8211; ein Gespr\u00e4ch \u00fcber Politik. Aber ich merke, das hier ist gepr\u00e4gt von Neugier und gegenseitigem Respekt. Es macht Spa\u00df und ich beginne viel \u00fcber das Land und die Menschen zu erfahren. Kurze Zeit sp\u00e4ter kommt Altin hinzu. Aber auch seinen Namen werde ich erst sp\u00e4ter verinnerlichen. Ein intensiver Auftaktabend. Vom Vorhaben Koman-See wollen mich beide abbringen, zu kurz bemessen sei meine Zeit f\u00fcr den See und die Gegend da in Nordalbanien, aber das will ich mir nat\u00fcrlich nicht ausreden lassen.<\/p>\n<p style=\"text-align: justify;\">Ohnehin steht f\u00fcr mich erst mal das Abholen des Mietwagens am n\u00e4chsten Tag auf dem Plan. Und sich ein bisschen auf die Fahrgewohnheiten hier einlassen. So lang brauch ich aber letztlich nicht, also geht&#8217;s z\u00fcgig nach Kruj\u00eb. Das historische Herz und Zentrum Albaniens. Der Fixpunkt der Geschichte. Religi\u00f6s aufgeladen. Albanien w\u00e4re nicht Albanien ohne Skanderbeg, der hier seine Heimat hatte, von hier aus die T\u00fcrken von Albanien fernhielt und der hier heute verehrt wird und sein eigenes Museum bekommen hat.<\/p>\n<p style=\"text-align: justify;\">Klingt nach ein bisschen viel und die Gefahr der Folklore ist ja bei sowas auch nicht weit, aber das sehe ich hier nicht. Die strategische Lage und Bedeutung von Kruj\u00eb ist \u00fcberdeutlich.<\/p>\n\n\t\t<style type=\"text\/css\">\n\t\t\t#gallery-3 {\n\t\t\t\tmargin: auto;\n\t\t\t}\n\t\t\t#gallery-3 .gallery-item {\n\t\t\t\tfloat: left;\n\t\t\t\tmargin-top: 10px;\n\t\t\t\ttext-align: center;\n\t\t\t\twidth: 100%;\n\t\t\t}\n\t\t\t#gallery-3 img {\n\t\t\t\tborder: 2px solid #cfcfcf;\n\t\t\t}\n\t\t\t#gallery-3 .gallery-caption {\n\t\t\t\tmargin-left: 0;\n\t\t\t}\n\t\t\t\/* see gallery_shortcode() in wp-includes\/media.php *\/\n\t\t<\/style>\n\t\t<div id='gallery-3' class='gallery galleryid-157 gallery-columns-1 gallery-size-large'><dl class='gallery-item'>\n\t\t\t<dt class='gallery-icon landscape'>\n\t\t\t\t<a href='http:\/\/www.urlaub-und-stadien.de\/?attachment_id=183'><img width=\"640\" height=\"164\" src=\"http:\/\/www.urlaub-und-stadien.de\/wp-content\/uploads\/2016\/06\/K1-1024x262.jpg\" class=\"attachment-large size-large\" alt=\"\" loading=\"lazy\" srcset=\"http:\/\/www.urlaub-und-stadien.de\/wp-content\/uploads\/2016\/06\/K1-1024x262.jpg 1024w, http:\/\/www.urlaub-und-stadien.de\/wp-content\/uploads\/2016\/06\/K1-300x77.jpg 300w, http:\/\/www.urlaub-und-stadien.de\/wp-content\/uploads\/2016\/06\/K1-768x197.jpg 768w\" sizes=\"(max-width: 640px) 100vw, 640px\" \/><\/a>\n\t\t\t<\/dt><\/dl><br style=\"clear: both\" \/>\n\t\t<\/div>\n\n<p style=\"text-align: justify;\">Strategische Bedeutung sollten auch die komischen 1-Mann-Bunker irgendwann mal erlangen, von denen wohl mal 700.000 gebaut worden sein sollen und noch einige im Lande rumstehen. Auf einen sto\u00dfe ich bei der R\u00fcckfahrt. Ich frage mich, wie paranoid Enver Hoxha gewesen sein muss, dass er solche Dinger f\u00fcr den Fall einer Verteidigung des Kommunismus gegen die \u00e4u\u00dferen Feinde errichten lie\u00df. Ob sie gro\u00df geholfen h\u00e4tten? Ich wei\u00df nicht. Auf jeden Fall kurios an dieser Stelle. Mitten in einem Olivenhain, irgendwo dazwischen grasen die Schafe, und dann so ein Bunker.<\/p>\n\n\t\t<style type=\"text\/css\">\n\t\t\t#gallery-4 {\n\t\t\t\tmargin: auto;\n\t\t\t}\n\t\t\t#gallery-4 .gallery-item {\n\t\t\t\tfloat: left;\n\t\t\t\tmargin-top: 10px;\n\t\t\t\ttext-align: center;\n\t\t\t\twidth: 100%;\n\t\t\t}\n\t\t\t#gallery-4 img {\n\t\t\t\tborder: 2px solid #cfcfcf;\n\t\t\t}\n\t\t\t#gallery-4 .gallery-caption {\n\t\t\t\tmargin-left: 0;\n\t\t\t}\n\t\t\t\/* see gallery_shortcode() in wp-includes\/media.php *\/\n\t\t<\/style>\n\t\t<div id='gallery-4' class='gallery galleryid-157 gallery-columns-1 gallery-size-large'><dl class='gallery-item'>\n\t\t\t<dt class='gallery-icon landscape'>\n\t\t\t\t<a href='http:\/\/www.urlaub-und-stadien.de\/?attachment_id=177'><img width=\"640\" height=\"360\" src=\"http:\/\/www.urlaub-und-stadien.de\/wp-content\/uploads\/2016\/06\/DSCN2898-1024x576.jpg\" class=\"attachment-large size-large\" alt=\"\" loading=\"lazy\" srcset=\"http:\/\/www.urlaub-und-stadien.de\/wp-content\/uploads\/2016\/06\/DSCN2898-1024x576.jpg 1024w, http:\/\/www.urlaub-und-stadien.de\/wp-content\/uploads\/2016\/06\/DSCN2898-300x169.jpg 300w, http:\/\/www.urlaub-und-stadien.de\/wp-content\/uploads\/2016\/06\/DSCN2898-768x432.jpg 768w\" sizes=\"(max-width: 640px) 100vw, 640px\" \/><\/a>\n\t\t\t<\/dt><\/dl><br style=\"clear: both\" \/><dl class='gallery-item'>\n\t\t\t<dt class='gallery-icon landscape'>\n\t\t\t\t<a href='http:\/\/www.urlaub-und-stadien.de\/?attachment_id=176'><img width=\"640\" height=\"360\" src=\"http:\/\/www.urlaub-und-stadien.de\/wp-content\/uploads\/2016\/06\/DSCN2889-1024x576.jpg\" class=\"attachment-large size-large\" alt=\"\" loading=\"lazy\" srcset=\"http:\/\/www.urlaub-und-stadien.de\/wp-content\/uploads\/2016\/06\/DSCN2889-1024x576.jpg 1024w, http:\/\/www.urlaub-und-stadien.de\/wp-content\/uploads\/2016\/06\/DSCN2889-300x169.jpg 300w, http:\/\/www.urlaub-und-stadien.de\/wp-content\/uploads\/2016\/06\/DSCN2889-768x432.jpg 768w\" sizes=\"(max-width: 640px) 100vw, 640px\" \/><\/a>\n\t\t\t<\/dt><\/dl><br style=\"clear: both\" \/>\n\t\t<\/div>\n\n<p style=\"text-align: justify;\">Ohnehin komischer Typ dieser Hoxha. In letzter Konsequenz daf\u00fcr verantwortlich, dass auch f\u00fcr mich Albanien lange Zeit nicht wirklich auf dem Plan stand. Konsequent hat er sein Land abgeschirmt; als ob ne K\u00e4seglocke \u00fcber dem Land war. L\u00e4sst sich mitten in Tirana eine Pyramide bauen von seiner Tochter und als Hoxha-Museum einrichten, was es dann auch f\u00fcr paar Jahre war, aber sein Tod und der Tod des Kommunismus setzten dem Museum ein Ende. Und so steht das Dingen da rum und gammelt vor sich hin.<\/p>\n<p style=\"text-align: justify;\">Abends treffe ich Altin, Zenel und Arjan auf ein zwei Bier, ehe es mich ins Hotel zieht. Mir gef\u00e4llt diese Offenheit, positive Neugier und Herzlichkeit sehr. Wir sprechen wieder \u00fcber den Koman-See, den ich f\u00fcr den n\u00e4chsten Tag ins Auge fasse. Ich bin auch heute nicht gewillt, mich von dem Plan abbringen zu lassen.<\/p>\n<p style=\"text-align: justify;\">Das erledigt dann der n\u00e4chste Tag f\u00fcr mich. Es regnet in Str\u00f6men und bin ich anfangs noch guter Hoffnung, vlt. in den Bergen irgendwie besseres Wetter zu haben, gebe ich das Vorhaben bald entnervt auf. Stattdessen Tirana mit dem Blloku-Viertel. Das ehemalige Hoxha-Haus steht hier ungenutzt und wenig sch\u00f6n rum, fr\u00fcher war es abgeschirmt, aber das ist nun ja vorbei. Viel sch\u00f6ner aber sind die vielen Bars, Kneipen, und Kaffees. Bei Dauerregen aber auch irgendwie bl\u00f6d.<\/p>\n<p style=\"text-align: justify;\">Insgesamt habe ich Tirana als gro\u00dfen chaotischen Stilmix empfunden. Es sind Bauten aus der Zeit des Kommunismus, die \u201ePlatte\u201c, es sind H\u00e4user j\u00fcngeren Datums und immer wieder auch kleinere H\u00e4user, um die irgendwie herumgebaut wurde. Dazu kommen Stra\u00dfen, deren Zustand dem Fahrer zuweilen einiges abverlangen oder Fu\u00dfwege, die von quasi nicht existent bis zum vergessenen Gullydeckel ein paar \u00dcberraschungen bereithalten. Mich st\u00f6rt das bekanntlich nicht weiter, f\u00e4llt aber eben auf, wenn man aus dem Land mit den \u00fcberregulierten B\u00fcrgersteigen kommt.<\/p>\n<p style=\"text-align: justify;\">Etwas krasser wird es in den Au\u00dfenbezirken, in denen sichtbar wird, dass Tirana nicht mit Reichtum gesegnet ist. Die Stra\u00dfen verlangen schon viel von Fahrer und Auto und als in bestem Zustand kann man viele der H\u00e4user auch nicht bezeichnen.\u00a0Jetzt wird mir auch klar, warum mein Mietwagen so aussieht wie er aussieht.\u00a0Dennoch &#8211; ich habe\u00a0eine lebendige Stadt erlebt, ich will jetzt nicht den abgenutzten Begriff von \u201eim Aufbruch\u201c benutzen. Aber ich meine gesp\u00fcrt zu haben, dass hier Bewegung ist, dass hier der Wille zur Gestaltung, der Wille zur Zukunft ist. Wie sie allerdings aussehen soll, wei\u00df ich auch nicht so genau. Wie aber auch nach 6 Tagen.<\/p>\n\n\t\t<style type=\"text\/css\">\n\t\t\t#gallery-5 {\n\t\t\t\tmargin: auto;\n\t\t\t}\n\t\t\t#gallery-5 .gallery-item {\n\t\t\t\tfloat: left;\n\t\t\t\tmargin-top: 10px;\n\t\t\t\ttext-align: center;\n\t\t\t\twidth: 100%;\n\t\t\t}\n\t\t\t#gallery-5 img {\n\t\t\t\tborder: 2px solid #cfcfcf;\n\t\t\t}\n\t\t\t#gallery-5 .gallery-caption {\n\t\t\t\tmargin-left: 0;\n\t\t\t}\n\t\t\t\/* see gallery_shortcode() in wp-includes\/media.php *\/\n\t\t<\/style>\n\t\t<div id='gallery-5' class='gallery galleryid-157 gallery-columns-1 gallery-size-large'><dl class='gallery-item'>\n\t\t\t<dt class='gallery-icon landscape'>\n\t\t\t\t<a href='http:\/\/www.urlaub-und-stadien.de\/?attachment_id=171'><img width=\"640\" height=\"360\" src=\"http:\/\/www.urlaub-und-stadien.de\/wp-content\/uploads\/2016\/06\/DSCN2794-1024x576.jpg\" class=\"attachment-large size-large\" alt=\"\" loading=\"lazy\" srcset=\"http:\/\/www.urlaub-und-stadien.de\/wp-content\/uploads\/2016\/06\/DSCN2794-1024x576.jpg 1024w, http:\/\/www.urlaub-und-stadien.de\/wp-content\/uploads\/2016\/06\/DSCN2794-300x169.jpg 300w, http:\/\/www.urlaub-und-stadien.de\/wp-content\/uploads\/2016\/06\/DSCN2794-768x432.jpg 768w\" sizes=\"(max-width: 640px) 100vw, 640px\" \/><\/a>\n\t\t\t<\/dt><\/dl><br style=\"clear: both\" \/><dl class='gallery-item'>\n\t\t\t<dt class='gallery-icon landscape'>\n\t\t\t\t<a href='http:\/\/www.urlaub-und-stadien.de\/?attachment_id=172'><img width=\"640\" height=\"360\" src=\"http:\/\/www.urlaub-und-stadien.de\/wp-content\/uploads\/2016\/06\/DSCN2807-1024x576.jpg\" class=\"attachment-large size-large\" alt=\"\" loading=\"lazy\" srcset=\"http:\/\/www.urlaub-und-stadien.de\/wp-content\/uploads\/2016\/06\/DSCN2807-1024x576.jpg 1024w, http:\/\/www.urlaub-und-stadien.de\/wp-content\/uploads\/2016\/06\/DSCN2807-300x169.jpg 300w, http:\/\/www.urlaub-und-stadien.de\/wp-content\/uploads\/2016\/06\/DSCN2807-768x432.jpg 768w\" sizes=\"(max-width: 640px) 100vw, 640px\" \/><\/a>\n\t\t\t<\/dt><\/dl><br style=\"clear: both\" \/>\n\t\t<\/div>\n\n<p style=\"text-align: justify;\">Bleibt noch das Zentrum. Bestimmt wird es vom Skanderbeg-Platz mit Nationalmuseum an der Stirnseite und alter Oper an der einen Seite. Mediterran sieht es hier aus und es zieht sich weiter den Bulevardi D\u00ebshmor\u00ebt e Kombit entlang. Es ist der Prachtboulevard, der auch auf das Qemal Stafa Stadion zuf\u00fchrt. Hier liegen Ministerien und die Pyramide, aber auch ein Park und nur kurz entfernt das Blloku-Viertel. Kurzum, Tirana wei\u00df schon zu beeindrucken.<\/p>\n\n\t\t<style type=\"text\/css\">\n\t\t\t#gallery-6 {\n\t\t\t\tmargin: auto;\n\t\t\t}\n\t\t\t#gallery-6 .gallery-item {\n\t\t\t\tfloat: left;\n\t\t\t\tmargin-top: 10px;\n\t\t\t\ttext-align: center;\n\t\t\t\twidth: 100%;\n\t\t\t}\n\t\t\t#gallery-6 img {\n\t\t\t\tborder: 2px solid #cfcfcf;\n\t\t\t}\n\t\t\t#gallery-6 .gallery-caption {\n\t\t\t\tmargin-left: 0;\n\t\t\t}\n\t\t\t\/* see gallery_shortcode() in wp-includes\/media.php *\/\n\t\t<\/style>\n\t\t<div id='gallery-6' class='gallery galleryid-157 gallery-columns-1 gallery-size-large'><dl class='gallery-item'>\n\t\t\t<dt class='gallery-icon landscape'>\n\t\t\t\t<a href='http:\/\/www.urlaub-und-stadien.de\/?attachment_id=174'><img width=\"640\" height=\"360\" src=\"http:\/\/www.urlaub-und-stadien.de\/wp-content\/uploads\/2016\/06\/DSCN2827-1024x576.jpg\" class=\"attachment-large size-large\" alt=\"\" loading=\"lazy\" srcset=\"http:\/\/www.urlaub-und-stadien.de\/wp-content\/uploads\/2016\/06\/DSCN2827-1024x576.jpg 1024w, http:\/\/www.urlaub-und-stadien.de\/wp-content\/uploads\/2016\/06\/DSCN2827-300x169.jpg 300w, http:\/\/www.urlaub-und-stadien.de\/wp-content\/uploads\/2016\/06\/DSCN2827-768x432.jpg 768w\" sizes=\"(max-width: 640px) 100vw, 640px\" \/><\/a>\n\t\t\t<\/dt><\/dl><br style=\"clear: both\" \/>\n\t\t<\/div>\n\n<p style=\"text-align: justify;\">Es zieht mich abends wieder in die Bar und w\u00e4hrend die W\u00fcrzburger ihre Relegation gegen Duisburg spielen, entwickelt sich ein Gespr\u00e4ch, was deutlich \u00fcber den Urlaubstalk hinausgeht. Fu\u00dfball, Kommunismus, Religion, Geschichte \u2013 das ganze Paket. Ich bin begeistert und irgendwann ist das Relispiel nicht mehr wirklich wichtig. Es ist so, wie ich es Altin auch irgendwann sage: das Interesse und die Hilfsbereitschaft hier gehen weit \u00fcber das hinaus, was ich jemals erwartet habe. Selbst im Hotel empfinde ich es als weit mehr als den sog. professionellen Umgang mit dem Gast. Der Vergleich zwischen Albanien und Deutschland interessiert, meine Sicht auf Albanien, mein Wohlergehen, \u00fcberhaupt alles, was ich hier so mache und warum. Wow.<\/p>\n<p style=\"text-align: justify;\">Nat\u00fcrlich kommt auch wieder der Koman-See zur Sprache. Wieder lasse ich mich nicht abbringen vom Ziel, aber ich biete Altin an, einfach mitzukommen. Wir werden sehen.<\/p>\n<p style=\"text-align: justify;\">Will ja ohnehin erstmal nach Montenegro am n\u00e4chsten Tag. Fast immer die Alpen rechter Hand geht es zun\u00e4chst Richtung Shkod\u00ebr. So ein bisschen ins Hinterland von Shkod\u00ebr fahre ich, aber es \u00fcberzeugt mich nicht sooo sehr. Okay, wahrscheinlich ist es kein Wunder, wenn man die ganze Zeit ein ziemlich fettes Bergpanorama vor und neben sich hatte.<\/p>\n<p style=\"text-align: justify;\">So pl\u00e4tschert also die Fahrt dahin. Bis zur Grenze. Ich hab ja schon fast vergessen, wie es ist, an einer Grenze in einer Schlange von Autos Einlass in ein anderes Land zu begehren. Gut, brauch ich jetzt auch nicht st\u00e4ndig, aber war mal wieder eine quasi neue Erfahrung.<\/p>\n<p style=\"text-align: justify;\">N\u00e4chste Erfahrung dann kurz nach der Grenze. Polizei. Anhalten. Irritation. Aber die meinen gar nicht mich pers\u00f6nlich. Alle Autos, selbst Fahrradfahrer m\u00fcssen von der Bahn. Dann irgendwann Blaulicht, paar schwarze Limousinen, nochmal Blaulicht. Und dann ist auch schon alles wieder vorbei. Irgendein Regierungsmokel sicherlich. Das hat mir nat\u00fcrlich ordentlich Zeit von der Uhr genommen, die City von Stari Bar muss ausfallen, es geht direkt zum Stadion. Das kann mit traumhafter Lage punkten. FK Mornar auch, sie drehen sogar ein 0:1 in ein 3:1, absteigen m\u00fcssen sie dennoch. Tickets gibt&#8217;s hier nicht, das Stadion ist von allen Seiten leicht zug\u00e4nglich und die Z\u00e4une sind kein Sichthindernis, da hat man sich das gespart. Die Trib\u00fcne hat man dann auch gleich au\u00dferhalb des Zauns errichtet. Mein Ticket habe ich ja quasi schon an der Grenze gel\u00f6st, es wurde ne \u00fcberfl\u00fcssige und bescheuerte Auslands-Versicherung f\u00e4llig.<\/p>\n\n\t\t<style type=\"text\/css\">\n\t\t\t#gallery-7 {\n\t\t\t\tmargin: auto;\n\t\t\t}\n\t\t\t#gallery-7 .gallery-item {\n\t\t\t\tfloat: left;\n\t\t\t\tmargin-top: 10px;\n\t\t\t\ttext-align: center;\n\t\t\t\twidth: 100%;\n\t\t\t}\n\t\t\t#gallery-7 img {\n\t\t\t\tborder: 2px solid #cfcfcf;\n\t\t\t}\n\t\t\t#gallery-7 .gallery-caption {\n\t\t\t\tmargin-left: 0;\n\t\t\t}\n\t\t\t\/* see gallery_shortcode() in wp-includes\/media.php *\/\n\t\t<\/style>\n\t\t<div id='gallery-7' class='gallery galleryid-157 gallery-columns-1 gallery-size-large'><dl class='gallery-item'>\n\t\t\t<dt class='gallery-icon landscape'>\n\t\t\t\t<a href='http:\/\/www.urlaub-und-stadien.de\/?attachment_id=179'><img width=\"640\" height=\"360\" src=\"http:\/\/www.urlaub-und-stadien.de\/wp-content\/uploads\/2016\/06\/DSCN2971-1024x576.jpg\" class=\"attachment-large size-large\" alt=\"\" loading=\"lazy\" srcset=\"http:\/\/www.urlaub-und-stadien.de\/wp-content\/uploads\/2016\/06\/DSCN2971-1024x576.jpg 1024w, http:\/\/www.urlaub-und-stadien.de\/wp-content\/uploads\/2016\/06\/DSCN2971-300x169.jpg 300w, http:\/\/www.urlaub-und-stadien.de\/wp-content\/uploads\/2016\/06\/DSCN2971-768x432.jpg 768w\" sizes=\"(max-width: 640px) 100vw, 640px\" \/><\/a>\n\t\t\t<\/dt><\/dl><br style=\"clear: both\" \/><dl class='gallery-item'>\n\t\t\t<dt class='gallery-icon landscape'>\n\t\t\t\t<a href='http:\/\/www.urlaub-und-stadien.de\/?attachment_id=180'><img width=\"640\" height=\"360\" src=\"http:\/\/www.urlaub-und-stadien.de\/wp-content\/uploads\/2016\/06\/DSCN2975-1024x576.jpg\" class=\"attachment-large size-large\" alt=\"\" loading=\"lazy\" srcset=\"http:\/\/www.urlaub-und-stadien.de\/wp-content\/uploads\/2016\/06\/DSCN2975-1024x576.jpg 1024w, http:\/\/www.urlaub-und-stadien.de\/wp-content\/uploads\/2016\/06\/DSCN2975-300x169.jpg 300w, http:\/\/www.urlaub-und-stadien.de\/wp-content\/uploads\/2016\/06\/DSCN2975-768x432.jpg 768w\" sizes=\"(max-width: 640px) 100vw, 640px\" \/><\/a>\n\t\t\t<\/dt><\/dl><br style=\"clear: both\" \/>\n\t\t<\/div>\n\n\n\t\t<style type=\"text\/css\">\n\t\t\t#gallery-8 {\n\t\t\t\tmargin: auto;\n\t\t\t}\n\t\t\t#gallery-8 .gallery-item {\n\t\t\t\tfloat: left;\n\t\t\t\tmargin-top: 10px;\n\t\t\t\ttext-align: center;\n\t\t\t\twidth: 100%;\n\t\t\t}\n\t\t\t#gallery-8 img {\n\t\t\t\tborder: 2px solid #cfcfcf;\n\t\t\t}\n\t\t\t#gallery-8 .gallery-caption {\n\t\t\t\tmargin-left: 0;\n\t\t\t}\n\t\t\t\/* see gallery_shortcode() in wp-includes\/media.php *\/\n\t\t<\/style>\n\t\t<div id='gallery-8' class='gallery galleryid-157 gallery-columns-1 gallery-size-large'><dl class='gallery-item'>\n\t\t\t<dt class='gallery-icon landscape'>\n\t\t\t\t<a href='http:\/\/www.urlaub-und-stadien.de\/?attachment_id=185'><img width=\"640\" height=\"141\" src=\"http:\/\/www.urlaub-und-stadien.de\/wp-content\/uploads\/2016\/06\/N2-1024x226.jpg\" class=\"attachment-large size-large\" alt=\"\" loading=\"lazy\" srcset=\"http:\/\/www.urlaub-und-stadien.de\/wp-content\/uploads\/2016\/06\/N2-1024x226.jpg 1024w, http:\/\/www.urlaub-und-stadien.de\/wp-content\/uploads\/2016\/06\/N2-300x66.jpg 300w, http:\/\/www.urlaub-und-stadien.de\/wp-content\/uploads\/2016\/06\/N2-768x169.jpg 768w\" sizes=\"(max-width: 640px) 100vw, 640px\" \/><\/a>\n\t\t\t<\/dt><\/dl><br style=\"clear: both\" \/>\n\t\t<\/div>\n\n<p style=\"text-align: justify;\">P\u00fcnktlich zur Verl\u00e4ngerung vom DFB-Pokalfinale 2016 bin ich wieder in der Bar in Tirana. Aber nach der aufregenden Tour von heute langweile ich mich dann ins 11-m-Schie\u00dfen. Mit Altin einige ich mich dann auf 9.30\/10.00 Uhr Abfahrt f\u00fcr den n\u00e4chsten Tag. Es soll wirklich zum Koman-See gehen. Letzte Versuche, mir das auszureden, fruchten nicht. Altin und Zenel sind hartn\u00e4ckig. Ich habe schon verstanden, dass eine \u00dcbernachtung dort Sinn macht, aber die Zeit habe ich halt nicht eingeplant. Es soll eine Tagestour hin und zur\u00fcck werden.<\/p>\n<p style=\"text-align: justify;\">Und so startet die Tour in den Hochgebirgsnorden Albaniens. Es dauert heute noch l\u00e4nger aus Tirana herauszukommen als die anderen Tage. Scheint alles auf den Beinen zu sein am Sonntag.<\/p>\n<p style=\"text-align: justify;\">Ohnehin der Verkehr hier in Tirana. Eines der Themen dieser Tour. Ein letztes gro\u00dfes Abenteuer. Ich hatte bei den G\u00e4ngen durch die Stadt schon Gelegenheit, mir das gelassen anzuschauen, aber als der Mietwagen abgeholt ist, gilt es auch f\u00fcr mich. Alles passiert hier gleichzeitig. Zebrastreifen haben bestenfalls empfehlenden Charakter, der bevorzugte Ort gegenseitiger R\u00fccksichtnahme sind sie jedenfalls nicht. Dabei wird eigentlich nicht aggressiv gefahren, sondern nur konsequent. Es gibt eigentlich nur die Regel, dass keine Regel beachtet wird. So ergibt sich ein wundervolles Chaos, welches sich aber auf wundersame Weise immer wieder selbst entknotet.<\/p>\n<p style=\"text-align: justify;\">Faszinierendes Beispiel ist der Skanderbeg-Platz im Zentrum. Um den Platz herum kreiseln fr\u00f6hlich die Autos und an den zuf\u00fchrenden Stra\u00dfen kommen st\u00e4ndig weitere Autos hinzu. Jeder scheint ein Auto zu besitzen, nachdem in der Hoxha-Zeit Autos f\u00fcr das Volk verboten waren. Zu gro\u00df w\u00e4re bei einem solchen Luxusgegenstand die N\u00e4he zum Kapitalismus gewesen. Galt nat\u00fcrlich nicht f\u00fcr die Bonzen. Im aktuellen Stra\u00dfenbild ergibt sich eben die angesprochene Gleichzeitigkeit. Man muss sich arrangieren, wenn ein Wagen geradeaus will und der andere die Richtung hat, die den Fahrweg kreuzt. Aber es funktioniert mit einer bemerkenswerten Leichtigkeit. Ebenso funktioniert es, eigentlich komplett ohne Blinker zu fahren. Macht hier kaum einer. Lasse ich dann auch sehr schnell; letztlich kann ja jeder sehen, wo ich hinfahre.<\/p>\n<p style=\"text-align: justify;\">Dazu kommen die Stra\u00dfen mit bemerkenswert wenigen Stra\u00dfenschildern aus. Aber nach nur wenigen Minuten in und mit diesem Verkehr bin ich davon \u00fcberzeugt, dass die eh gr\u00f6\u00dftenteils ignoriert w\u00fcrden. Bereit sein sollte man \u00fcbrigens immer f\u00fcr abrupte Fahrman\u00f6ver, entweder der Vordermann \u00fcberholt gerade da, wo man es nicht erwartet oder er biegt pl\u00f6tzlich ab oder er weicht einem Schlagloch aus.<\/p>\n<p style=\"text-align: justify;\">Gerade in den Au\u00dfenbezirken sind &#8211; wie geschrieben &#8211; viele Stra\u00dfen in einem bemitleidenswerten Zustand. Wenn ich von einer Tour zur\u00fcckkomme lotst mich mein Navi wundersamerweise immer wieder einen anderen Weg durch Tirana und da kann ich mit der einen oder anderen Stra\u00dfe, mit dem einen oder anderen Schlagloch Bekanntschaft machen. Nat\u00fcrlich ist es nicht sch\u00f6n im \u00e4sthetischen Sinne, und warum mein Mietwagen schon die eine oder andere Macke hat verstehe ich nun auch, aber ich finde es \u00fcberaus spannend. Allerdings ist Geduld und Langmut in diesen Ecken sehr angebracht. Sehr sch\u00f6n finde ich die Br\u00fccke \u00fcber die Tirana, die die Unaza e Madhe und die Rruga Siri Kodra verbindet. Auch hier die Gleichzeitigkeit. Alles geht \u00fcber die einspurige Br\u00fccke, ob Fu\u00dfg\u00e4nger, Fahrradfahrer, Moped oder Auto. Ein wundervolles Durcheinander.<\/p>\n\n\t\t<style type=\"text\/css\">\n\t\t\t#gallery-9 {\n\t\t\t\tmargin: auto;\n\t\t\t}\n\t\t\t#gallery-9 .gallery-item {\n\t\t\t\tfloat: left;\n\t\t\t\tmargin-top: 10px;\n\t\t\t\ttext-align: center;\n\t\t\t\twidth: 100%;\n\t\t\t}\n\t\t\t#gallery-9 img {\n\t\t\t\tborder: 2px solid #cfcfcf;\n\t\t\t}\n\t\t\t#gallery-9 .gallery-caption {\n\t\t\t\tmargin-left: 0;\n\t\t\t}\n\t\t\t\/* see gallery_shortcode() in wp-includes\/media.php *\/\n\t\t<\/style>\n\t\t<div id='gallery-9' class='gallery galleryid-157 gallery-columns-1 gallery-size-large'><dl class='gallery-item'>\n\t\t\t<dt class='gallery-icon landscape'>\n\t\t\t\t<a href='http:\/\/www.urlaub-und-stadien.de\/?attachment_id=178'><img width=\"640\" height=\"360\" src=\"http:\/\/www.urlaub-und-stadien.de\/wp-content\/uploads\/2016\/06\/DSCN2906-1024x576.jpg\" class=\"attachment-large size-large\" alt=\"\" loading=\"lazy\" srcset=\"http:\/\/www.urlaub-und-stadien.de\/wp-content\/uploads\/2016\/06\/DSCN2906-1024x576.jpg 1024w, http:\/\/www.urlaub-und-stadien.de\/wp-content\/uploads\/2016\/06\/DSCN2906-300x169.jpg 300w, http:\/\/www.urlaub-und-stadien.de\/wp-content\/uploads\/2016\/06\/DSCN2906-768x432.jpg 768w\" sizes=\"(max-width: 640px) 100vw, 640px\" \/><\/a>\n\t\t\t<\/dt><\/dl><br style=\"clear: both\" \/>\n\t\t<\/div>\n\n<p style=\"text-align: justify;\">Aber ich war bei der Tour. Nach einem letzten Gedankenaustausch \u00fcber Sinn und Unsinn einer Tour zum Koman-See ist mein Mietwagen auf dem Weg, wie geschrieben nicht allzu schnell. Ein aktueller Zeit-Ziel-Abgleich im z\u00e4hen Verkehr ergibt f\u00fcr mich, dass die Tour in den Norden nun doch nicht mehr sooo leicht zu schaffen sein wird. Nun gut, es geht auch anders. Die spontane \u00c4nderung der Pl\u00e4ne \u00fcberlasse ich Altin, ich bin mit der \u00c4nderung der Fahrtrichtung im Gegenverkehr besch\u00e4ftigt.<\/p>\n<p style=\"text-align: justify;\">Altin schl\u00e4gt Kruj\u00eb vor und so bin ich ein zweites Mal auf dem Weg in Richtung des historischen Zentrums Albaniens. Aber es geht nicht zur Burg, es geht weiter und weiter, hoch in die Berge oberhalb von Kruj\u00eb. Der gemietete Fiat hat arg zu k\u00e4mpfen in den Bergen. Oben bietet sich ein berauschender Blick \u00fcber einen Teil Albaniens von Kruj\u00eb bis hin nach Tirana.<\/p>\n<p style=\"text-align: justify;\">Die Berge bieten sich an, hier Zeit zu verbringen und sich zu bewegen, was wir dann auch machen. Ich genie\u00dfe es, hier ohne Zeitlimit, ohne Ziel herumzulaufen und die Gegend, den Moment, die Gastfreundschaft, die Gesellschaft von Altin, der seit 25 Jahren nicht hier oben war, zu haben. Es ist ein besonderer Moment meiner Reise, es ist ein religi\u00f6ser Ort f\u00fcr viele Albaner und auch f\u00fcr Altin. Ich halte mich so weit es geht im Hintergrund. Respekt hei\u00dft f\u00fcr mich, gerade an solch religi\u00f6sen Orten, die f\u00fcr andere so bedeutsam sind, mich zur\u00fcckzuhalten.<\/p>\n<p style=\"text-align: justify;\">Es ist schon ein ganz besonderer Moment hier oben. Ich wollte m\u00f6glichst viel von Albanien kennenlernen, dachte dabei aber eher an ein paar Ausfl\u00fcge in die Berge uns vlt. ans Mittelmeer. Und nun darf ich als Tourist einen Albanier mitnehmen auf eine Reise zu seinen pers\u00f6nlichen Wurzeln und zu den Wurzeln seines Landes.<\/p>\n\n\t\t<style type=\"text\/css\">\n\t\t\t#gallery-10 {\n\t\t\t\tmargin: auto;\n\t\t\t}\n\t\t\t#gallery-10 .gallery-item {\n\t\t\t\tfloat: left;\n\t\t\t\tmargin-top: 10px;\n\t\t\t\ttext-align: center;\n\t\t\t\twidth: 100%;\n\t\t\t}\n\t\t\t#gallery-10 img {\n\t\t\t\tborder: 2px solid #cfcfcf;\n\t\t\t}\n\t\t\t#gallery-10 .gallery-caption {\n\t\t\t\tmargin-left: 0;\n\t\t\t}\n\t\t\t\/* see gallery_shortcode() in wp-includes\/media.php *\/\n\t\t<\/style>\n\t\t<div id='gallery-10' class='gallery galleryid-157 gallery-columns-1 gallery-size-large'><dl class='gallery-item'>\n\t\t\t<dt class='gallery-icon landscape'>\n\t\t\t\t<a href='http:\/\/www.urlaub-und-stadien.de\/?attachment_id=182'><img width=\"640\" height=\"360\" src=\"http:\/\/www.urlaub-und-stadien.de\/wp-content\/uploads\/2016\/06\/DSCN3065-1024x576.jpg\" class=\"attachment-large size-large\" alt=\"\" loading=\"lazy\" srcset=\"http:\/\/www.urlaub-und-stadien.de\/wp-content\/uploads\/2016\/06\/DSCN3065-1024x576.jpg 1024w, http:\/\/www.urlaub-und-stadien.de\/wp-content\/uploads\/2016\/06\/DSCN3065-300x169.jpg 300w, http:\/\/www.urlaub-und-stadien.de\/wp-content\/uploads\/2016\/06\/DSCN3065-768x432.jpg 768w\" sizes=\"(max-width: 640px) 100vw, 640px\" \/><\/a>\n\t\t\t<\/dt><\/dl><br style=\"clear: both\" \/>\n\t\t<\/div>\n\n<p style=\"text-align: justify;\">Ohne diese Tour h\u00e4tte ich nicht Kruj\u00eb auf eine ganz andere Weise kennengelernt. Ohne diese Tour h\u00e4tte ich nicht die Herzlichkeit der Albanier aus dem Hinterland kennengelernt. Ohne diese Tour h\u00e4tte ich nicht Onkels und Tanten von Altin kennengelernt. Die so unglaublich herzlich sind. Die mein Herz ber\u00fchren, obwohl wir kein Wort voneinander verstehen. Aber manchmal versteht man sich ja auch ohne Sprache.<\/p>\n\n\t\t<style type=\"text\/css\">\n\t\t\t#gallery-11 {\n\t\t\t\tmargin: auto;\n\t\t\t}\n\t\t\t#gallery-11 .gallery-item {\n\t\t\t\tfloat: left;\n\t\t\t\tmargin-top: 10px;\n\t\t\t\ttext-align: center;\n\t\t\t\twidth: 100%;\n\t\t\t}\n\t\t\t#gallery-11 img {\n\t\t\t\tborder: 2px solid #cfcfcf;\n\t\t\t}\n\t\t\t#gallery-11 .gallery-caption {\n\t\t\t\tmargin-left: 0;\n\t\t\t}\n\t\t\t\/* see gallery_shortcode() in wp-includes\/media.php *\/\n\t\t<\/style>\n\t\t<div id='gallery-11' class='gallery galleryid-157 gallery-columns-1 gallery-size-large'><dl class='gallery-item'>\n\t\t\t<dt class='gallery-icon landscape'>\n\t\t\t\t<a href='http:\/\/www.urlaub-und-stadien.de\/?attachment_id=184'><img width=\"640\" height=\"209\" src=\"http:\/\/www.urlaub-und-stadien.de\/wp-content\/uploads\/2016\/06\/K4-1024x335.jpg\" class=\"attachment-large size-large\" alt=\"\" loading=\"lazy\" srcset=\"http:\/\/www.urlaub-und-stadien.de\/wp-content\/uploads\/2016\/06\/K4-1024x335.jpg 1024w, http:\/\/www.urlaub-und-stadien.de\/wp-content\/uploads\/2016\/06\/K4-300x98.jpg 300w, http:\/\/www.urlaub-und-stadien.de\/wp-content\/uploads\/2016\/06\/K4-768x251.jpg 768w\" sizes=\"(max-width: 640px) 100vw, 640px\" \/><\/a>\n\t\t\t<\/dt><\/dl><br style=\"clear: both\" \/>\n\t\t<\/div>\n\n<p style=\"text-align: justify;\">Altin erz\u00e4hlt mir auf der Fahrt viel \u00fcber die Geschichte von Albanien und auch wenn ich das eine oder andere schon irgendwo gelesen habe, ist es aus dieser Perspektive noch einmal anders. Ganz anders. Authentischer. Direkter. Ein zu Recht stolzes Volk mit langer langer Geschichte. Man merkt in all den Gespr\u00e4chen den Stolz auf das eigene Land, den Stolz auf die Sch\u00f6nheit des Landes und auch die Geschichte dieses Landes. Und genau mit diesem stolzen, aber auch irgendwie frohen Blick sitzen wir, w\u00e4hrend die Sonne langsam alles in r\u00f6tlich-g\u00fcldene Farben taucht, auf der Burg von Petrele und sehen auf eine Talsenke, in der Tirana liegt. Weit entfernt, aber doch sichtbar ist die Burg von Kruj\u00eb. Und schlagartig wird klar, welcher Stratege Skanderbeg war: nur ein Feuer auf der Burg des gegen\u00fcberliegenden Berges reichte, um quasi mittels Leuchtfeuer den ganzen Landstrich binnen kurzer Zeit zu alarmieren; von Burg zu Burg ging das Feuer, weithin sichtbar. Einfallende t\u00fcrkische Heerscharen hatten so keine Chance. Zumindest solange Skanderbeg am Leben war. Danach \u00e4nderte sich das halt.<\/p>\n\n\t\t<style type=\"text\/css\">\n\t\t\t#gallery-12 {\n\t\t\t\tmargin: auto;\n\t\t\t}\n\t\t\t#gallery-12 .gallery-item {\n\t\t\t\tfloat: left;\n\t\t\t\tmargin-top: 10px;\n\t\t\t\ttext-align: center;\n\t\t\t\twidth: 100%;\n\t\t\t}\n\t\t\t#gallery-12 img {\n\t\t\t\tborder: 2px solid #cfcfcf;\n\t\t\t}\n\t\t\t#gallery-12 .gallery-caption {\n\t\t\t\tmargin-left: 0;\n\t\t\t}\n\t\t\t\/* see gallery_shortcode() in wp-includes\/media.php *\/\n\t\t<\/style>\n\t\t<div id='gallery-12' class='gallery galleryid-157 gallery-columns-1 gallery-size-large'><dl class='gallery-item'>\n\t\t\t<dt class='gallery-icon landscape'>\n\t\t\t\t<a href='http:\/\/www.urlaub-und-stadien.de\/?attachment_id=187'><img width=\"640\" height=\"181\" src=\"http:\/\/www.urlaub-und-stadien.de\/wp-content\/uploads\/2016\/06\/Pet5-1024x289.jpg\" class=\"attachment-large size-large\" alt=\"\" loading=\"lazy\" srcset=\"http:\/\/www.urlaub-und-stadien.de\/wp-content\/uploads\/2016\/06\/Pet5-1024x289.jpg 1024w, http:\/\/www.urlaub-und-stadien.de\/wp-content\/uploads\/2016\/06\/Pet5-300x85.jpg 300w, http:\/\/www.urlaub-und-stadien.de\/wp-content\/uploads\/2016\/06\/Pet5-768x217.jpg 768w\" sizes=\"(max-width: 640px) 100vw, 640px\" \/><\/a>\n\t\t\t<\/dt><\/dl><br style=\"clear: both\" \/>\n\t\t<\/div>\n\n<p style=\"text-align: justify;\">Es war ein intensiver Urlaub, ein unglaublich herzlicher und ein unglaublich bereichernder. Ich bin also nicht in den Norden gefahren, nicht zum Koman-See, das war gut so und das war richtig so, denn ich hab faszinierende Menschen kennengelernt, faszinierende Gastgeber, faszinierende Hilfsbereitschaft, letztendlich Freunde. Ich kam als Fremder und ging als Freund. Und das ist deutlich mehr wert als eine Reise zum Koman-See. Die man ja immer noch nachholen kann.<\/p>\n<p style=\"text-align: justify;\">Albanien z\u00e4hlt sicher nicht zu den reicheren L\u00e4ndern. Albanien hat aber unglaublich viel zu bieten: \u00fcberw\u00e4ltigende Natur, \u00fcberw\u00e4ltigende Berge mit direktem Blick aufs Meer, mit kurzen Wegen zum Meer aber auch in die Berge. Aber viel viel wichtiger sind eine \u00fcberw\u00e4ltigende Gastfreundschaft und Herzlichkeit und Hilfsbereitschaft mit sehr offenen und interessierten Menschen. Insofern ist Albanien ein sehr reiches Land.<\/p>\n\n\t\t<style type=\"text\/css\">\n\t\t\t#gallery-13 {\n\t\t\t\tmargin: auto;\n\t\t\t}\n\t\t\t#gallery-13 .gallery-item {\n\t\t\t\tfloat: left;\n\t\t\t\tmargin-top: 10px;\n\t\t\t\ttext-align: center;\n\t\t\t\twidth: 100%;\n\t\t\t}\n\t\t\t#gallery-13 img {\n\t\t\t\tborder: 2px solid #cfcfcf;\n\t\t\t}\n\t\t\t#gallery-13 .gallery-caption {\n\t\t\t\tmargin-left: 0;\n\t\t\t}\n\t\t\t\/* see gallery_shortcode() in wp-includes\/media.php *\/\n\t\t<\/style>\n\t\t<div id='gallery-13' class='gallery galleryid-157 gallery-columns-1 gallery-size-large'><dl class='gallery-item'>\n\t\t\t<dt class='gallery-icon landscape'>\n\t\t\t\t<a href='http:\/\/www.urlaub-und-stadien.de\/?attachment_id=181'><img width=\"640\" height=\"360\" src=\"http:\/\/www.urlaub-und-stadien.de\/wp-content\/uploads\/2016\/06\/DSCN3050-1024x576.jpg\" class=\"attachment-large size-large\" alt=\"\" loading=\"lazy\" srcset=\"http:\/\/www.urlaub-und-stadien.de\/wp-content\/uploads\/2016\/06\/DSCN3050-1024x576.jpg 1024w, http:\/\/www.urlaub-und-stadien.de\/wp-content\/uploads\/2016\/06\/DSCN3050-300x169.jpg 300w, http:\/\/www.urlaub-und-stadien.de\/wp-content\/uploads\/2016\/06\/DSCN3050-768x432.jpg 768w\" sizes=\"(max-width: 640px) 100vw, 640px\" \/><\/a>\n\t\t\t<\/dt><\/dl><br style=\"clear: both\" \/>\n\t\t<\/div>\n\n<p style=\"text-align: justify;\">\n","protected":false},"excerpt":{"rendered":"<p>Eigentlich sollte es neben Tirana auch tief in die Albanischen Alpen gehen, zum Koman-See oder in den Theti-Nationalpark. Gekommen aber ist alles ganz anders.<\/p>\n","protected":false},"author":1,"featured_media":0,"comment_status":"open","ping_status":"open","sticky":false,"template":"","format":"standard","meta":[],"categories":[2,7,6],"tags":[],"_links":{"self":[{"href":"http:\/\/www.urlaub-und-stadien.de\/index.php?rest_route=\/wp\/v2\/posts\/157"}],"collection":[{"href":"http:\/\/www.urlaub-und-stadien.de\/index.php?rest_route=\/wp\/v2\/posts"}],"about":[{"href":"http:\/\/www.urlaub-und-stadien.de\/index.php?rest_route=\/wp\/v2\/types\/post"}],"author":[{"embeddable":true,"href":"http:\/\/www.urlaub-und-stadien.de\/index.php?rest_route=\/wp\/v2\/users\/1"}],"replies":[{"embeddable":true,"href":"http:\/\/www.urlaub-und-stadien.de\/index.php?rest_route=%2Fwp%2Fv2%2Fcomments&post=157"}],"version-history":[{"count":30,"href":"http:\/\/www.urlaub-und-stadien.de\/index.php?rest_route=\/wp\/v2\/posts\/157\/revisions"}],"predecessor-version":[{"id":6053,"href":"http:\/\/www.urlaub-und-stadien.de\/index.php?rest_route=\/wp\/v2\/posts\/157\/revisions\/6053"}],"wp:attachment":[{"href":"http:\/\/www.urlaub-und-stadien.de\/index.php?rest_route=%2Fwp%2Fv2%2Fmedia&parent=157"}],"wp:term":[{"taxonomy":"category","embeddable":true,"href":"http:\/\/www.urlaub-und-stadien.de\/index.php?rest_route=%2Fwp%2Fv2%2Fcategories&post=157"},{"taxonomy":"post_tag","embeddable":true,"href":"http:\/\/www.urlaub-und-stadien.de\/index.php?rest_route=%2Fwp%2Fv2%2Ftags&post=157"}],"curies":[{"name":"wp","href":"https:\/\/api.w.org\/{rel}","templated":true}]}}