{"id":1136,"date":"2007-07-12T11:19:41","date_gmt":"2007-07-12T11:19:41","guid":{"rendered":"http:\/\/www.urlaub-und-stadien.de\/?p=1136"},"modified":"2024-11-16T18:04:30","modified_gmt":"2024-11-16T18:04:30","slug":"bayern-20072009","status":"publish","type":"post","link":"http:\/\/www.urlaub-und-stadien.de\/?p=1136","title":{"rendered":"BAYERN &#8211; Oktober : 2006 + Juli : 2007"},"content":{"rendered":"<h4><strong><a href=\"http:\/\/www.urlaub-und-stadien.de\/?attachment_id=3364\"><img loading=\"lazy\" class=\"aligncenter wp-image-3364 size-large\" src=\"http:\/\/www.urlaub-und-stadien.de\/wp-content\/uploads\/2007\/06\/Bayern-2007-088-1024x682.jpg\" alt=\"\" width=\"640\" height=\"426\" srcset=\"http:\/\/www.urlaub-und-stadien.de\/wp-content\/uploads\/2007\/06\/Bayern-2007-088-1024x682.jpg 1024w, http:\/\/www.urlaub-und-stadien.de\/wp-content\/uploads\/2007\/06\/Bayern-2007-088-300x200.jpg 300w, http:\/\/www.urlaub-und-stadien.de\/wp-content\/uploads\/2007\/06\/Bayern-2007-088-768x512.jpg 768w\" sizes=\"(max-width: 640px) 100vw, 640px\" \/><\/a><\/strong><\/h4>\n<h4 style=\"text-align: center;\"><strong>Ein goldener Herbst mit angenehmsten Temperaturen beginnt&nbsp;in Ramsau und schon&nbsp;bei&nbsp;der sonnt\u00e4glichen Anreise zeigen sich die hinrei\u00dfende Gegend wie auch die hinrei\u00dfende Lage des Hotels. Der eine oder andere Eindruck der Alpengegend rund um Watzmann &amp; Co. l\u00e4sst sich in den n\u00e4chsten Tagen vertiefen.<\/strong><\/h4>\n<p><!--more--><\/p>\n<p>So erkunde ich das&nbsp;Berchtesgadener Land. Schon die n\u00e4here Umgebung von Ramsau ist schon mal ergreifend sch\u00f6n; insbesondere bei dem Sonnenschein, der mich ja begleitet. Fahren, schauen, anhalten, laufen, genie\u00dfen.<\/p>\n\n\t\t<style type=\"text\/css\">\n\t\t\t#gallery-1 {\n\t\t\t\tmargin: auto;\n\t\t\t}\n\t\t\t#gallery-1 .gallery-item {\n\t\t\t\tfloat: left;\n\t\t\t\tmargin-top: 10px;\n\t\t\t\ttext-align: center;\n\t\t\t\twidth: 100%;\n\t\t\t}\n\t\t\t#gallery-1 img {\n\t\t\t\tborder: 2px solid #cfcfcf;\n\t\t\t}\n\t\t\t#gallery-1 .gallery-caption {\n\t\t\t\tmargin-left: 0;\n\t\t\t}\n\t\t\t\/* see gallery_shortcode() in wp-includes\/media.php *\/\n\t\t<\/style>\n\t\t<div id='gallery-1' class='gallery galleryid-1136 gallery-columns-1 gallery-size-large'><dl class='gallery-item'>\n\t\t\t<dt class='gallery-icon landscape'>\n\t\t\t\t<a href='http:\/\/www.urlaub-und-stadien.de\/?attachment_id=3348'><img width=\"640\" height=\"426\" src=\"http:\/\/www.urlaub-und-stadien.de\/wp-content\/uploads\/2007\/06\/Berchtechtesgadener-Land-006-1024x682.jpg\" class=\"attachment-large size-large\" alt=\"\" loading=\"lazy\" srcset=\"http:\/\/www.urlaub-und-stadien.de\/wp-content\/uploads\/2007\/06\/Berchtechtesgadener-Land-006-1024x682.jpg 1024w, http:\/\/www.urlaub-und-stadien.de\/wp-content\/uploads\/2007\/06\/Berchtechtesgadener-Land-006-300x200.jpg 300w, http:\/\/www.urlaub-und-stadien.de\/wp-content\/uploads\/2007\/06\/Berchtechtesgadener-Land-006-768x512.jpg 768w, http:\/\/www.urlaub-und-stadien.de\/wp-content\/uploads\/2007\/06\/Berchtechtesgadener-Land-006.jpg 1594w\" sizes=\"(max-width: 640px) 100vw, 640px\" \/><\/a>\n\t\t\t<\/dt><\/dl><br style=\"clear: both\" \/><dl class='gallery-item'>\n\t\t\t<dt class='gallery-icon landscape'>\n\t\t\t\t<a href='http:\/\/www.urlaub-und-stadien.de\/?attachment_id=3349'><img width=\"640\" height=\"426\" src=\"http:\/\/www.urlaub-und-stadien.de\/wp-content\/uploads\/2007\/06\/Berchtechtesgadener-Land-010.jpg\" class=\"attachment-large size-large\" alt=\"\" loading=\"lazy\" srcset=\"http:\/\/www.urlaub-und-stadien.de\/wp-content\/uploads\/2007\/06\/Berchtechtesgadener-Land-010.jpg 902w, http:\/\/www.urlaub-und-stadien.de\/wp-content\/uploads\/2007\/06\/Berchtechtesgadener-Land-010-300x200.jpg 300w, http:\/\/www.urlaub-und-stadien.de\/wp-content\/uploads\/2007\/06\/Berchtechtesgadener-Land-010-768x512.jpg 768w\" sizes=\"(max-width: 640px) 100vw, 640px\" \/><\/a>\n\t\t\t<\/dt><\/dl><br style=\"clear: both\" \/><dl class='gallery-item'>\n\t\t\t<dt class='gallery-icon landscape'>\n\t\t\t\t<a href='http:\/\/www.urlaub-und-stadien.de\/?attachment_id=3350'><img width=\"640\" height=\"426\" src=\"http:\/\/www.urlaub-und-stadien.de\/wp-content\/uploads\/2007\/06\/Berchtechtesgadener-Land-012-1024x682.jpg\" class=\"attachment-large size-large\" alt=\"\" loading=\"lazy\" srcset=\"http:\/\/www.urlaub-und-stadien.de\/wp-content\/uploads\/2007\/06\/Berchtechtesgadener-Land-012-1024x682.jpg 1024w, http:\/\/www.urlaub-und-stadien.de\/wp-content\/uploads\/2007\/06\/Berchtechtesgadener-Land-012-300x200.jpg 300w, http:\/\/www.urlaub-und-stadien.de\/wp-content\/uploads\/2007\/06\/Berchtechtesgadener-Land-012-768x512.jpg 768w\" sizes=\"(max-width: 640px) 100vw, 640px\" \/><\/a>\n\t\t\t<\/dt><\/dl><br style=\"clear: both\" \/><dl class='gallery-item'>\n\t\t\t<dt class='gallery-icon landscape'>\n\t\t\t\t<a href='http:\/\/www.urlaub-und-stadien.de\/?attachment_id=3355'><img width=\"640\" height=\"426\" src=\"http:\/\/www.urlaub-und-stadien.de\/wp-content\/uploads\/2007\/06\/Ramsau-003.jpg\" class=\"attachment-large size-large\" alt=\"\" loading=\"lazy\" srcset=\"http:\/\/www.urlaub-und-stadien.de\/wp-content\/uploads\/2007\/06\/Ramsau-003.jpg 756w, http:\/\/www.urlaub-und-stadien.de\/wp-content\/uploads\/2007\/06\/Ramsau-003-300x200.jpg 300w\" sizes=\"(max-width: 640px) 100vw, 640px\" \/><\/a>\n\t\t\t<\/dt><\/dl><br style=\"clear: both\" \/><dl class='gallery-item'>\n\t\t\t<dt class='gallery-icon landscape'>\n\t\t\t\t<a href='http:\/\/www.urlaub-und-stadien.de\/?attachment_id=3356'><img width=\"640\" height=\"426\" src=\"http:\/\/www.urlaub-und-stadien.de\/wp-content\/uploads\/2007\/06\/Ramsau-006-1024x682.jpg\" class=\"attachment-large size-large\" alt=\"\" loading=\"lazy\" srcset=\"http:\/\/www.urlaub-und-stadien.de\/wp-content\/uploads\/2007\/06\/Ramsau-006-1024x682.jpg 1024w, http:\/\/www.urlaub-und-stadien.de\/wp-content\/uploads\/2007\/06\/Ramsau-006-300x200.jpg 300w, http:\/\/www.urlaub-und-stadien.de\/wp-content\/uploads\/2007\/06\/Ramsau-006-768x512.jpg 768w\" sizes=\"(max-width: 640px) 100vw, 640px\" \/><\/a>\n\t\t\t<\/dt><\/dl><br style=\"clear: both\" \/><dl class='gallery-item'>\n\t\t\t<dt class='gallery-icon landscape'>\n\t\t\t\t<a href='http:\/\/www.urlaub-und-stadien.de\/?attachment_id=3357'><img width=\"640\" height=\"426\" src=\"http:\/\/www.urlaub-und-stadien.de\/wp-content\/uploads\/2007\/06\/Ramsau-008-1024x682.jpg\" class=\"attachment-large size-large\" alt=\"\" loading=\"lazy\" srcset=\"http:\/\/www.urlaub-und-stadien.de\/wp-content\/uploads\/2007\/06\/Ramsau-008-1024x682.jpg 1024w, http:\/\/www.urlaub-und-stadien.de\/wp-content\/uploads\/2007\/06\/Ramsau-008-300x200.jpg 300w, http:\/\/www.urlaub-und-stadien.de\/wp-content\/uploads\/2007\/06\/Ramsau-008-768x512.jpg 768w\" sizes=\"(max-width: 640px) 100vw, 640px\" \/><\/a>\n\t\t\t<\/dt><\/dl><br style=\"clear: both\" \/>\n\t\t<\/div>\n\n\n\t\t<style type=\"text\/css\">\n\t\t\t#gallery-2 {\n\t\t\t\tmargin: auto;\n\t\t\t}\n\t\t\t#gallery-2 .gallery-item {\n\t\t\t\tfloat: left;\n\t\t\t\tmargin-top: 10px;\n\t\t\t\ttext-align: center;\n\t\t\t\twidth: 100%;\n\t\t\t}\n\t\t\t#gallery-2 img {\n\t\t\t\tborder: 2px solid #cfcfcf;\n\t\t\t}\n\t\t\t#gallery-2 .gallery-caption {\n\t\t\t\tmargin-left: 0;\n\t\t\t}\n\t\t\t\/* see gallery_shortcode() in wp-includes\/media.php *\/\n\t\t<\/style>\n\t\t<div id='gallery-2' class='gallery galleryid-1136 gallery-columns-1 gallery-size-large'><dl class='gallery-item'>\n\t\t\t<dt class='gallery-icon landscape'>\n\t\t\t\t<a href='http:\/\/www.urlaub-und-stadien.de\/?attachment_id=3351'><img width=\"640\" height=\"308\" src=\"http:\/\/www.urlaub-und-stadien.de\/wp-content\/uploads\/2007\/06\/Berchtechtesgadener-Land-013-1024x492.jpg\" class=\"attachment-large size-large\" alt=\"\" loading=\"lazy\" srcset=\"http:\/\/www.urlaub-und-stadien.de\/wp-content\/uploads\/2007\/06\/Berchtechtesgadener-Land-013-1024x492.jpg 1024w, http:\/\/www.urlaub-und-stadien.de\/wp-content\/uploads\/2007\/06\/Berchtechtesgadener-Land-013-300x144.jpg 300w, http:\/\/www.urlaub-und-stadien.de\/wp-content\/uploads\/2007\/06\/Berchtechtesgadener-Land-013-768x369.jpg 768w\" sizes=\"(max-width: 640px) 100vw, 640px\" \/><\/a>\n\t\t\t<\/dt><\/dl><br style=\"clear: both\" \/><dl class='gallery-item'>\n\t\t\t<dt class='gallery-icon landscape'>\n\t\t\t\t<a href='http:\/\/www.urlaub-und-stadien.de\/?attachment_id=3359'><img width=\"640\" height=\"224\" src=\"http:\/\/www.urlaub-und-stadien.de\/wp-content\/uploads\/2007\/06\/Ramsau-gen-Traunstein-001-1024x358.jpg\" class=\"attachment-large size-large\" alt=\"\" loading=\"lazy\" srcset=\"http:\/\/www.urlaub-und-stadien.de\/wp-content\/uploads\/2007\/06\/Ramsau-gen-Traunstein-001-1024x358.jpg 1024w, http:\/\/www.urlaub-und-stadien.de\/wp-content\/uploads\/2007\/06\/Ramsau-gen-Traunstein-001-300x105.jpg 300w, http:\/\/www.urlaub-und-stadien.de\/wp-content\/uploads\/2007\/06\/Ramsau-gen-Traunstein-001-768x269.jpg 768w\" sizes=\"(max-width: 640px) 100vw, 640px\" \/><\/a>\n\t\t\t<\/dt><\/dl><br style=\"clear: both\" \/>\n\t\t<\/div>\n\n<p>Hoher Entspannungsfaktor, die mich fast unmerklich zum K\u00f6nigssee f\u00fchrt. Der ist eingerahmt von heftigen Felsw\u00e4nden und damit auch nicht so leicht zug\u00e4nglich. Geh\u00f6rt sich ja eigentlich auch so f\u00fcr einen Gletschersee. Eine Autorundfahrt um den See? Fehlanzeige. F\u00fcr die n\u00e4here Erkundung und vor allem f\u00fcr einen kurzen Blick auf die Wallfahrtskirche Sankt Bartholom\u00e4, soll \u201ezweifelsohne die ber\u00fchmteste Wallfahrtskirche im Berchtesgadener Land\u201c sein, so verschiedene Reisef\u00fchrer, bliebe nur ein beschwerlicher und langer Kletterweg, den ich mangels Zeit sehr kritisch sehe. Also eine der inflation\u00e4r angebotenen Bootstouren? Ich rechne die Zeit gegen und entscheide mich daf\u00fcr, was gut ist, so bleibt noch Zeit f\u00fcr das Umland.<\/p>\n\n\t\t<style type=\"text\/css\">\n\t\t\t#gallery-3 {\n\t\t\t\tmargin: auto;\n\t\t\t}\n\t\t\t#gallery-3 .gallery-item {\n\t\t\t\tfloat: left;\n\t\t\t\tmargin-top: 10px;\n\t\t\t\ttext-align: center;\n\t\t\t\twidth: 100%;\n\t\t\t}\n\t\t\t#gallery-3 img {\n\t\t\t\tborder: 2px solid #cfcfcf;\n\t\t\t}\n\t\t\t#gallery-3 .gallery-caption {\n\t\t\t\tmargin-left: 0;\n\t\t\t}\n\t\t\t\/* see gallery_shortcode() in wp-includes\/media.php *\/\n\t\t<\/style>\n\t\t<div id='gallery-3' class='gallery galleryid-1136 gallery-columns-1 gallery-size-large'><dl class='gallery-item'>\n\t\t\t<dt class='gallery-icon landscape'>\n\t\t\t\t<a href='http:\/\/www.urlaub-und-stadien.de\/?attachment_id=3352'><img width=\"640\" height=\"426\" src=\"http:\/\/www.urlaub-und-stadien.de\/wp-content\/uploads\/2007\/06\/K\u00f6nigssee-007-1024x682.jpg\" class=\"attachment-large size-large\" alt=\"\" loading=\"lazy\" srcset=\"http:\/\/www.urlaub-und-stadien.de\/wp-content\/uploads\/2007\/06\/K\u00f6nigssee-007-1024x682.jpg 1024w, http:\/\/www.urlaub-und-stadien.de\/wp-content\/uploads\/2007\/06\/K\u00f6nigssee-007-300x200.jpg 300w, http:\/\/www.urlaub-und-stadien.de\/wp-content\/uploads\/2007\/06\/K\u00f6nigssee-007-768x512.jpg 768w\" sizes=\"(max-width: 640px) 100vw, 640px\" \/><\/a>\n\t\t\t<\/dt><\/dl><br style=\"clear: both\" \/><dl class='gallery-item'>\n\t\t\t<dt class='gallery-icon landscape'>\n\t\t\t\t<a href='http:\/\/www.urlaub-und-stadien.de\/?attachment_id=3354'><img width=\"640\" height=\"426\" src=\"http:\/\/www.urlaub-und-stadien.de\/wp-content\/uploads\/2007\/06\/K\u00f6nigssee-012.jpg\" class=\"attachment-large size-large\" alt=\"\" loading=\"lazy\" srcset=\"http:\/\/www.urlaub-und-stadien.de\/wp-content\/uploads\/2007\/06\/K\u00f6nigssee-012.jpg 902w, http:\/\/www.urlaub-und-stadien.de\/wp-content\/uploads\/2007\/06\/K\u00f6nigssee-012-300x200.jpg 300w, http:\/\/www.urlaub-und-stadien.de\/wp-content\/uploads\/2007\/06\/K\u00f6nigssee-012-768x512.jpg 768w\" sizes=\"(max-width: 640px) 100vw, 640px\" \/><\/a>\n\t\t\t<\/dt><\/dl><br style=\"clear: both\" \/>\n\t\t<\/div>\n\n<p>Auf dem Weg zur\u00fcck Abstecher&nbsp;nach Freising,&nbsp;gerade etwas bekannter&nbsp;durch Benedikt XVI., hier ja vielleicht immer noch besser bekannt als Kardinal Ratzinger. Die Stadt ist einfach kompakter und weniger d\u00f6rflich zusammengesetzt als Erding. Damit ist der Intensivkurs s\u00fcdliches Bayern aber auch schon vorbei.<\/p>\n<p>Eine Fortsetzung folgt im Sommer 2007. Landshut w\u00e4re da zu nennen. Nach einigen verregneten Tagen in der letzten Zeit zeigt sich rechtzeitig die Sonne und unterstreicht, dass es sich auch in Landshut gut leben lassen w\u00fcrde.<\/p>\n<p>Peiting und Schongau sind da ein kleineres Kaliber. Ruhiger, beschaulicher, l\u00e4ndlicher. Aber hier ist halt Fu\u00dfball:-) Am 03.07. spielt im Stadion Birkenried (eher Sportplatz) in Peiting der TSV Peiting gegen den 1. FC N\u00fcrnberg vor 1.000 Zuschauern. 0:12 hei\u00dft es am Ende.<\/p>\n\n\t\t<style type=\"text\/css\">\n\t\t\t#gallery-4 {\n\t\t\t\tmargin: auto;\n\t\t\t}\n\t\t\t#gallery-4 .gallery-item {\n\t\t\t\tfloat: left;\n\t\t\t\tmargin-top: 10px;\n\t\t\t\ttext-align: center;\n\t\t\t\twidth: 100%;\n\t\t\t}\n\t\t\t#gallery-4 img {\n\t\t\t\tborder: 2px solid #cfcfcf;\n\t\t\t}\n\t\t\t#gallery-4 .gallery-caption {\n\t\t\t\tmargin-left: 0;\n\t\t\t}\n\t\t\t\/* see gallery_shortcode() in wp-includes\/media.php *\/\n\t\t<\/style>\n\t\t<div id='gallery-4' class='gallery galleryid-1136 gallery-columns-1 gallery-size-large'><dl class='gallery-item'>\n\t\t\t<dt class='gallery-icon landscape'>\n\t\t\t\t<a href='http:\/\/www.urlaub-und-stadien.de\/?attachment_id=3360'><img width=\"640\" height=\"426\" src=\"http:\/\/www.urlaub-und-stadien.de\/wp-content\/uploads\/2007\/06\/Bayern-2007-036-1024x682.jpg\" class=\"attachment-large size-large\" alt=\"\" loading=\"lazy\" srcset=\"http:\/\/www.urlaub-und-stadien.de\/wp-content\/uploads\/2007\/06\/Bayern-2007-036-1024x682.jpg 1024w, http:\/\/www.urlaub-und-stadien.de\/wp-content\/uploads\/2007\/06\/Bayern-2007-036-300x200.jpg 300w, http:\/\/www.urlaub-und-stadien.de\/wp-content\/uploads\/2007\/06\/Bayern-2007-036-768x512.jpg 768w, http:\/\/www.urlaub-und-stadien.de\/wp-content\/uploads\/2007\/06\/Bayern-2007-036.jpg 1082w\" sizes=\"(max-width: 640px) 100vw, 640px\" \/><\/a>\n\t\t\t<\/dt><\/dl><br style=\"clear: both\" \/><dl class='gallery-item'>\n\t\t\t<dt class='gallery-icon landscape'>\n\t\t\t\t<a href='http:\/\/www.urlaub-und-stadien.de\/?attachment_id=3361'><img width=\"640\" height=\"426\" src=\"http:\/\/www.urlaub-und-stadien.de\/wp-content\/uploads\/2007\/06\/Bayern-2007-042-1024x682.jpg\" class=\"attachment-large size-large\" alt=\"\" loading=\"lazy\" srcset=\"http:\/\/www.urlaub-und-stadien.de\/wp-content\/uploads\/2007\/06\/Bayern-2007-042-1024x682.jpg 1024w, http:\/\/www.urlaub-und-stadien.de\/wp-content\/uploads\/2007\/06\/Bayern-2007-042-300x200.jpg 300w, http:\/\/www.urlaub-und-stadien.de\/wp-content\/uploads\/2007\/06\/Bayern-2007-042-768x512.jpg 768w, http:\/\/www.urlaub-und-stadien.de\/wp-content\/uploads\/2007\/06\/Bayern-2007-042.jpg 1082w\" sizes=\"(max-width: 640px) 100vw, 640px\" \/><\/a>\n\t\t\t<\/dt><\/dl><br style=\"clear: both\" \/>\n\t\t<\/div>\n\n<p>Weiter geht&#8217;s. Auf der zeitweilig parallel laufenden Stra\u00dfe der Romantik und der Deutschen Alpenstra\u00dfe bewege ich mich teils entlang des legend\u00e4ren Lech.<\/p>\n<p>Die Schlacht auf dem Lechfeld 955 z\u00e4hlt hier:&nbsp;Es&nbsp;war der Endpunkt der Ungarnkriege und gr\u00f6\u00dfte milit\u00e4rische Sieg Ottos des Gro\u00dfen gegen die ungarischen Reiter. Zuvor hatten die ungarischen Reiter weite Teile Mitteleuropas gepl\u00fcndert. Eine der&nbsp;gr\u00f6\u00dften milit\u00e4rischen Auseinandersetzung im Heiligen R\u00f6mischen Reich und einer&nbsp;der bedeutendsten Siege&nbsp;in der deutschen Geschichte.<\/p>\n<p>Unweigerlich bewege ich mich&nbsp;auf Neuschwanstein zu, was ich bisher nur mit Kitsch in Reinkultur in Verbindung gebracht habe. Aber wenn ich schon mal da bin&#8230;&nbsp;Ich nehme den Aufstieg zur Burg und werde entspannter und entspannter.&nbsp;Feinste Einblicke in die Gedankenwelt von Ludwig II. gibt es auf der Burg. Er war nicht nur ein begeisterter Liebhaber der Mythenwelt von Tristan, Lohengrin, Tannh\u00e4user usw.; er war gleicherma\u00dfen ein begeisterter Wagner-Verehrer, den er finanziell unterst\u00fctzte. Ein M\u00e4zen wie man ihn sich vorstellt.<\/p>\n\n\t\t<style type=\"text\/css\">\n\t\t\t#gallery-5 {\n\t\t\t\tmargin: auto;\n\t\t\t}\n\t\t\t#gallery-5 .gallery-item {\n\t\t\t\tfloat: left;\n\t\t\t\tmargin-top: 10px;\n\t\t\t\ttext-align: center;\n\t\t\t\twidth: 100%;\n\t\t\t}\n\t\t\t#gallery-5 img {\n\t\t\t\tborder: 2px solid #cfcfcf;\n\t\t\t}\n\t\t\t#gallery-5 .gallery-caption {\n\t\t\t\tmargin-left: 0;\n\t\t\t}\n\t\t\t\/* see gallery_shortcode() in wp-includes\/media.php *\/\n\t\t<\/style>\n\t\t<div id='gallery-5' class='gallery galleryid-1136 gallery-columns-1 gallery-size-large'><dl class='gallery-item'>\n\t\t\t<dt class='gallery-icon landscape'>\n\t\t\t\t<a href='http:\/\/www.urlaub-und-stadien.de\/?attachment_id=3362'><img width=\"640\" height=\"426\" src=\"http:\/\/www.urlaub-und-stadien.de\/wp-content\/uploads\/2007\/06\/Bayern-2007-075-1024x682.jpg\" class=\"attachment-large size-large\" alt=\"\" loading=\"lazy\" srcset=\"http:\/\/www.urlaub-und-stadien.de\/wp-content\/uploads\/2007\/06\/Bayern-2007-075-1024x682.jpg 1024w, http:\/\/www.urlaub-und-stadien.de\/wp-content\/uploads\/2007\/06\/Bayern-2007-075-300x200.jpg 300w, http:\/\/www.urlaub-und-stadien.de\/wp-content\/uploads\/2007\/06\/Bayern-2007-075-768x512.jpg 768w\" sizes=\"(max-width: 640px) 100vw, 640px\" \/><\/a>\n\t\t\t<\/dt><\/dl><br style=\"clear: both\" \/><dl class='gallery-item'>\n\t\t\t<dt class='gallery-icon landscape'>\n\t\t\t\t<a href='http:\/\/www.urlaub-und-stadien.de\/?attachment_id=3364'><img width=\"640\" height=\"426\" src=\"http:\/\/www.urlaub-und-stadien.de\/wp-content\/uploads\/2007\/06\/Bayern-2007-088-1024x682.jpg\" class=\"attachment-large size-large\" alt=\"\" loading=\"lazy\" srcset=\"http:\/\/www.urlaub-und-stadien.de\/wp-content\/uploads\/2007\/06\/Bayern-2007-088-1024x682.jpg 1024w, http:\/\/www.urlaub-und-stadien.de\/wp-content\/uploads\/2007\/06\/Bayern-2007-088-300x200.jpg 300w, http:\/\/www.urlaub-und-stadien.de\/wp-content\/uploads\/2007\/06\/Bayern-2007-088-768x512.jpg 768w\" sizes=\"(max-width: 640px) 100vw, 640px\" \/><\/a>\n\t\t\t<\/dt><\/dl><br style=\"clear: both\" \/>\n\t\t<\/div>\n\n<p>Dazu aus der hervorragenden Wagner-Biographie von Walter Hansen: Richard Wagner. Biographie. M\u00fcnchen: dtv 2006.<\/p>\n<blockquote><p>\u201eZeit f\u00fcr eine profane Frage: Wieviel Geld hat Wagner von Ludwig bekommen? Insgesamt? Alle vom K\u00f6nig in verschiedenen W\u00e4hrungen gezahlten Zuwendungen \u2013 Mieten, Geldgeschenke, Schulden\u00fcbernahmen und das noch immer \u00fcberwiesene Jahresgehalt \u2013 ergaben 562.914 Mark. [&#8230;] Wagner war hemmungslos in seinen Forderungen, [revanchierte sich aber, indem er dem K\u00f6nig diverse Partituren seiner Opern und Orchesterskizzen schenkte]. Die Frage wird gelegentlich gestellt: Wer hat mehr gegeben, wer hat mehr genommen? Sei\u2019s drum. Entscheidend ist: Ludwig half, als keiner mehr half. Ohne Ludwig II. g\u00e4b\u2019s wohl keine \u201aMeistersinger\u2019, keine Auff\u00fchrung des als unauff\u00fchrbar eingesch\u00e4tzten \u201aTristan\u2019, keinen vollendeten \u201aRing des Nibelungen\u2019, keine ersten Bayreuther Festspiele, keine zweiten Bayreuther Festspiele, keine Urauff\u00fchrung von \u201aParsifal\u2019. Es g\u00e4be wohl \u00fcberhaupt keine Richard-Wagner-Festspiele in Bayreuth ohne den K\u00f6nig von Bayern.\u201c<\/p><\/blockquote>\n<p>Nach einem komplizierten Berechnungsschl\u00fcssel entsprechen die 500.000 Mark gut 4 Mio \u20ac. Eine schier unglaubliche Summe, die allerdings \u00fcber einen Zeitraum von fast 20 Jahren zusammengekommen ist. Eine der ersten Amtshandlungen Ludwigs nach der Thronbesteigung 1864 war, Richard Wagner an seinen Hof zu holen. Diese Verbindung hielt bis zum Tode Wagners 1883.<\/p>\n\n\t\t<style type=\"text\/css\">\n\t\t\t#gallery-6 {\n\t\t\t\tmargin: auto;\n\t\t\t}\n\t\t\t#gallery-6 .gallery-item {\n\t\t\t\tfloat: left;\n\t\t\t\tmargin-top: 10px;\n\t\t\t\ttext-align: center;\n\t\t\t\twidth: 100%;\n\t\t\t}\n\t\t\t#gallery-6 img {\n\t\t\t\tborder: 2px solid #cfcfcf;\n\t\t\t}\n\t\t\t#gallery-6 .gallery-caption {\n\t\t\t\tmargin-left: 0;\n\t\t\t}\n\t\t\t\/* see gallery_shortcode() in wp-includes\/media.php *\/\n\t\t<\/style>\n\t\t<div id='gallery-6' class='gallery galleryid-1136 gallery-columns-1 gallery-size-large'><dl class='gallery-item'>\n\t\t\t<dt class='gallery-icon landscape'>\n\t\t\t\t<a href='http:\/\/www.urlaub-und-stadien.de\/?attachment_id=3365'><img width=\"640\" height=\"426\" src=\"http:\/\/www.urlaub-und-stadien.de\/wp-content\/uploads\/2007\/06\/Bayern-2007-090.jpg\" class=\"attachment-large size-large\" alt=\"\" loading=\"lazy\" srcset=\"http:\/\/www.urlaub-und-stadien.de\/wp-content\/uploads\/2007\/06\/Bayern-2007-090.jpg 902w, http:\/\/www.urlaub-und-stadien.de\/wp-content\/uploads\/2007\/06\/Bayern-2007-090-300x200.jpg 300w, http:\/\/www.urlaub-und-stadien.de\/wp-content\/uploads\/2007\/06\/Bayern-2007-090-768x512.jpg 768w\" sizes=\"(max-width: 640px) 100vw, 640px\" \/><\/a>\n\t\t\t<\/dt><\/dl><br style=\"clear: both\" \/><dl class='gallery-item'>\n\t\t\t<dt class='gallery-icon landscape'>\n\t\t\t\t<a href='http:\/\/www.urlaub-und-stadien.de\/?attachment_id=3366'><img width=\"640\" height=\"426\" src=\"http:\/\/www.urlaub-und-stadien.de\/wp-content\/uploads\/2007\/06\/Bayern-2007-105-1024x682.jpg\" class=\"attachment-large size-large\" alt=\"\" loading=\"lazy\" srcset=\"http:\/\/www.urlaub-und-stadien.de\/wp-content\/uploads\/2007\/06\/Bayern-2007-105-1024x682.jpg 1024w, http:\/\/www.urlaub-und-stadien.de\/wp-content\/uploads\/2007\/06\/Bayern-2007-105-300x200.jpg 300w, http:\/\/www.urlaub-und-stadien.de\/wp-content\/uploads\/2007\/06\/Bayern-2007-105-768x512.jpg 768w\" sizes=\"(max-width: 640px) 100vw, 640px\" \/><\/a>\n\t\t\t<\/dt><\/dl><br style=\"clear: both\" \/>\n\t\t<\/div>\n\n<p>Die Beschreibungen, dass er Neuschwanstein v.a. nach den Vorstellungen von der Wartburg und als eine Art M\u00e4rchenschloss bauen lie\u00df, um seine Vorstellungen der Wagner-Opern real werden zu lassen und auf diesem Schloss st\u00e4ndig in seiner Opern-Mythen-Sagen-Fantasien-Welt schwelgen zu k\u00f6nnen, sind beredtes Zeugnis. Klingt zwar irgendwie kitschig und h\u00e4ngt wohl auch mit dem vielbeschriebenen r\u00e4tselhaften Ludwig II. zusammen. Dennoch: alle R\u00e4ume im Schloss&nbsp;sind&nbsp;mit diesen Sagen und Mythen unterlegt. Belegt ist, dass die Entw\u00fcrfe von Neuschwanstein von einem B\u00fchnenbildner sind, genauso wie belegt ist, dass Ludwig mit Wagner \u00fcber seine Idee Neuschwanstein korrespondiert hat.&nbsp;Nochmal die Biographie auf&nbsp;S. 263:<\/p>\n<blockquote><p>\u201eLudwigs krankhafte Bausucht lie\u00df sich nicht eind\u00e4mmen. Kaum hatte man ihm das Wagner Festtheater weggenommen [ein Plan f\u00fcr M\u00fcnchen, der den letztlich gescheiterten kostspieligen Hochzeitsvorbereitungen Ludwigs zum Opfer fiel], gab er Auftrag, das M\u00e4rchenschloss Neuschwanstein zu bauen: als Huldigung f\u00fcr Richard Wagner! Es solle \u201aein w\u00fcrdiger Tempel f\u00fcr den g\u00f6ttlichen Freund\u2019 werden, so steht es geschrieben in einem K\u00f6nigsbrief vom 13. Mai 1868. (Schloss Neuschwanstein, von zwei B\u00fchnenbildnern entworfen, Christian Jank und Angelo Quaglio, ist eine architektonisch unerh\u00f6rt geschickte Kombination von B\u00fchnenbildern der Wagner-Inszenierungen in M\u00fcnchen und Bayreuth. Ludwig II. betrachtete das Schloss als einen sakralen Bau, als seine pers\u00f6nliche Gralsburg. Richard Wagner hat die Fertigstellung 1886 nicht erlebt und seinen \u201aw\u00fcrdigen Tempel\u2019 Neuschwanstein auch w\u00e4hrend der Bauphase nie betreten.)\u201c<\/p><\/blockquote>\n<p>Kurzum, mich als Wagner-Fan hat das Ganze schwer beeindruckt und Neuschwanstein sehe ich seit meinem Besuch aus einer anderen Perspektive.<\/p>\n\n\t\t<style type=\"text\/css\">\n\t\t\t#gallery-7 {\n\t\t\t\tmargin: auto;\n\t\t\t}\n\t\t\t#gallery-7 .gallery-item {\n\t\t\t\tfloat: left;\n\t\t\t\tmargin-top: 10px;\n\t\t\t\ttext-align: center;\n\t\t\t\twidth: 100%;\n\t\t\t}\n\t\t\t#gallery-7 img {\n\t\t\t\tborder: 2px solid #cfcfcf;\n\t\t\t}\n\t\t\t#gallery-7 .gallery-caption {\n\t\t\t\tmargin-left: 0;\n\t\t\t}\n\t\t\t\/* see gallery_shortcode() in wp-includes\/media.php *\/\n\t\t<\/style>\n\t\t<div id='gallery-7' class='gallery galleryid-1136 gallery-columns-1 gallery-size-large'><dl class='gallery-item'>\n\t\t\t<dt class='gallery-icon portrait'>\n\t\t\t\t<a href='http:\/\/www.urlaub-und-stadien.de\/?attachment_id=3363'><img width=\"640\" height=\"961\" src=\"http:\/\/www.urlaub-und-stadien.de\/wp-content\/uploads\/2007\/06\/Bayern-2007-086-682x1024.jpg\" class=\"attachment-large size-large\" alt=\"\" loading=\"lazy\" srcset=\"http:\/\/www.urlaub-und-stadien.de\/wp-content\/uploads\/2007\/06\/Bayern-2007-086-682x1024.jpg 682w, http:\/\/www.urlaub-und-stadien.de\/wp-content\/uploads\/2007\/06\/Bayern-2007-086-200x300.jpg 200w, http:\/\/www.urlaub-und-stadien.de\/wp-content\/uploads\/2007\/06\/Bayern-2007-086-768x1153.jpg 768w, http:\/\/www.urlaub-und-stadien.de\/wp-content\/uploads\/2007\/06\/Bayern-2007-086.jpg 1443w\" sizes=\"(max-width: 640px) 100vw, 640px\" \/><\/a>\n\t\t\t<\/dt><\/dl><br style=\"clear: both\" \/>\n\t\t<\/div>\n\n<p>Sp\u00e4ter gen Tegernsee mit Abstecher \u00fcber Kloster Andechs, 1455 gegr\u00fcndet, Wallfahrtsort seit dem 12. Jhdt.<\/p>\n<p>Die Rundfahrt um den Tegernsee zeigt: hier l\u00e4sst es sich gut leben. Okay, ich bin nicht der erste, der das erkannt hat. Kr\u00f6nung der Rundfahrt ist der Wallberg, eigentlich ja eher der Blick von dort oben. Der Tegernsee liegt einem zu F\u00fc\u00dfen und der Rundblick auf die Alpen l\u00e4sst mich vergessen, dass ich wieder mal nicht daran gedacht habe, dass die Temperaturen und Windverh\u00e4ltnisse auf dem Gipfel in H\u00f6he von 1700 m nicht der von 730 m in Rottach-Egern entsprechen. Von einigen Profiwanderern werde ich auch komisch angeschaut, was mir aber egal ist, obwohl ich zugeben muss, dass es nur im T-Shirt und Hemd ein wenig k\u00fchl werden kann da oben. Ob ich Wanderschuhe unbedingt brauch, wei\u00df ich immer noch nicht, es gab ein P\u00e4rchen, welches ob meiner leichten Turnschuhe geradezu schockiert dreinblickte.<\/p>\n\n\t\t<style type=\"text\/css\">\n\t\t\t#gallery-8 {\n\t\t\t\tmargin: auto;\n\t\t\t}\n\t\t\t#gallery-8 .gallery-item {\n\t\t\t\tfloat: left;\n\t\t\t\tmargin-top: 10px;\n\t\t\t\ttext-align: center;\n\t\t\t\twidth: 100%;\n\t\t\t}\n\t\t\t#gallery-8 img {\n\t\t\t\tborder: 2px solid #cfcfcf;\n\t\t\t}\n\t\t\t#gallery-8 .gallery-caption {\n\t\t\t\tmargin-left: 0;\n\t\t\t}\n\t\t\t\/* see gallery_shortcode() in wp-includes\/media.php *\/\n\t\t<\/style>\n\t\t<div id='gallery-8' class='gallery galleryid-1136 gallery-columns-1 gallery-size-large'><dl class='gallery-item'>\n\t\t\t<dt class='gallery-icon landscape'>\n\t\t\t\t<a href='http:\/\/www.urlaub-und-stadien.de\/?attachment_id=3369'><img width=\"640\" height=\"426\" src=\"http:\/\/www.urlaub-und-stadien.de\/wp-content\/uploads\/2007\/06\/Bayern-2007-156-1024x682.jpg\" class=\"attachment-large size-large\" alt=\"\" loading=\"lazy\" srcset=\"http:\/\/www.urlaub-und-stadien.de\/wp-content\/uploads\/2007\/06\/Bayern-2007-156-1024x682.jpg 1024w, http:\/\/www.urlaub-und-stadien.de\/wp-content\/uploads\/2007\/06\/Bayern-2007-156-300x200.jpg 300w, http:\/\/www.urlaub-und-stadien.de\/wp-content\/uploads\/2007\/06\/Bayern-2007-156-768x512.jpg 768w\" sizes=\"(max-width: 640px) 100vw, 640px\" \/><\/a>\n\t\t\t<\/dt><\/dl><br style=\"clear: both\" \/>\n\t\t<\/div>\n\n\n\t\t<style type=\"text\/css\">\n\t\t\t#gallery-9 {\n\t\t\t\tmargin: auto;\n\t\t\t}\n\t\t\t#gallery-9 .gallery-item {\n\t\t\t\tfloat: left;\n\t\t\t\tmargin-top: 10px;\n\t\t\t\ttext-align: center;\n\t\t\t\twidth: 100%;\n\t\t\t}\n\t\t\t#gallery-9 img {\n\t\t\t\tborder: 2px solid #cfcfcf;\n\t\t\t}\n\t\t\t#gallery-9 .gallery-caption {\n\t\t\t\tmargin-left: 0;\n\t\t\t}\n\t\t\t\/* see gallery_shortcode() in wp-includes\/media.php *\/\n\t\t<\/style>\n\t\t<div id='gallery-9' class='gallery galleryid-1136 gallery-columns-1 gallery-size-large'><dl class='gallery-item'>\n\t\t\t<dt class='gallery-icon landscape'>\n\t\t\t\t<a href='http:\/\/www.urlaub-und-stadien.de\/?attachment_id=3368'><img width=\"640\" height=\"426\" src=\"http:\/\/www.urlaub-und-stadien.de\/wp-content\/uploads\/2007\/06\/Bayern-2007-143-1024x682.jpg\" class=\"attachment-large size-large\" alt=\"\" loading=\"lazy\" srcset=\"http:\/\/www.urlaub-und-stadien.de\/wp-content\/uploads\/2007\/06\/Bayern-2007-143-1024x682.jpg 1024w, http:\/\/www.urlaub-und-stadien.de\/wp-content\/uploads\/2007\/06\/Bayern-2007-143-300x200.jpg 300w, http:\/\/www.urlaub-und-stadien.de\/wp-content\/uploads\/2007\/06\/Bayern-2007-143-768x512.jpg 768w\" sizes=\"(max-width: 640px) 100vw, 640px\" \/><\/a>\n\t\t\t<\/dt><\/dl><br style=\"clear: both\" \/><dl class='gallery-item'>\n\t\t\t<dt class='gallery-icon landscape'>\n\t\t\t\t<a href='http:\/\/www.urlaub-und-stadien.de\/?attachment_id=3370'><img width=\"640\" height=\"426\" src=\"http:\/\/www.urlaub-und-stadien.de\/wp-content\/uploads\/2007\/06\/Bayern-2007-165-1024x682.jpg\" class=\"attachment-large size-large\" alt=\"\" loading=\"lazy\" srcset=\"http:\/\/www.urlaub-und-stadien.de\/wp-content\/uploads\/2007\/06\/Bayern-2007-165-1024x682.jpg 1024w, http:\/\/www.urlaub-und-stadien.de\/wp-content\/uploads\/2007\/06\/Bayern-2007-165-300x200.jpg 300w, http:\/\/www.urlaub-und-stadien.de\/wp-content\/uploads\/2007\/06\/Bayern-2007-165-768x512.jpg 768w\" sizes=\"(max-width: 640px) 100vw, 640px\" \/><\/a>\n\t\t\t<\/dt><\/dl><br style=\"clear: both\" \/><dl class='gallery-item'>\n\t\t\t<dt class='gallery-icon landscape'>\n\t\t\t\t<a href='http:\/\/www.urlaub-und-stadien.de\/?attachment_id=3371'><img width=\"640\" height=\"426\" src=\"http:\/\/www.urlaub-und-stadien.de\/wp-content\/uploads\/2007\/06\/Bayern-2007-167-1024x682.jpg\" class=\"attachment-large size-large\" alt=\"\" loading=\"lazy\" srcset=\"http:\/\/www.urlaub-und-stadien.de\/wp-content\/uploads\/2007\/06\/Bayern-2007-167-1024x682.jpg 1024w, http:\/\/www.urlaub-und-stadien.de\/wp-content\/uploads\/2007\/06\/Bayern-2007-167-300x200.jpg 300w, http:\/\/www.urlaub-und-stadien.de\/wp-content\/uploads\/2007\/06\/Bayern-2007-167-768x512.jpg 768w\" sizes=\"(max-width: 640px) 100vw, 640px\" \/><\/a>\n\t\t\t<\/dt><\/dl><br style=\"clear: both\" \/><dl class='gallery-item'>\n\t\t\t<dt class='gallery-icon landscape'>\n\t\t\t\t<a href='http:\/\/www.urlaub-und-stadien.de\/?attachment_id=3372'><img width=\"640\" height=\"426\" src=\"http:\/\/www.urlaub-und-stadien.de\/wp-content\/uploads\/2007\/06\/Bayern-2007-171-1024x682.jpg\" class=\"attachment-large size-large\" alt=\"\" loading=\"lazy\" srcset=\"http:\/\/www.urlaub-und-stadien.de\/wp-content\/uploads\/2007\/06\/Bayern-2007-171-1024x682.jpg 1024w, http:\/\/www.urlaub-und-stadien.de\/wp-content\/uploads\/2007\/06\/Bayern-2007-171-300x200.jpg 300w, http:\/\/www.urlaub-und-stadien.de\/wp-content\/uploads\/2007\/06\/Bayern-2007-171-768x512.jpg 768w\" sizes=\"(max-width: 640px) 100vw, 640px\" \/><\/a>\n\t\t\t<\/dt><\/dl><br style=\"clear: both\" \/>\n\t\t<\/div>\n\n<p>\u00dcber M\u00fcnchen geht es weiter nach Seefeld-M\u00f6sern in \u00d6sterreich. Zun\u00e4chst will ich das St\u00e4dtische Stadion an der Dantestra\u00dfe sehen. 10.000 kommen zum Testkick FT Gern M\u00fcnchen gegen Bayern. 0:18 gehts aus.<\/p>\n\n\t\t<style type=\"text\/css\">\n\t\t\t#gallery-10 {\n\t\t\t\tmargin: auto;\n\t\t\t}\n\t\t\t#gallery-10 .gallery-item {\n\t\t\t\tfloat: left;\n\t\t\t\tmargin-top: 10px;\n\t\t\t\ttext-align: center;\n\t\t\t\twidth: 100%;\n\t\t\t}\n\t\t\t#gallery-10 img {\n\t\t\t\tborder: 2px solid #cfcfcf;\n\t\t\t}\n\t\t\t#gallery-10 .gallery-caption {\n\t\t\t\tmargin-left: 0;\n\t\t\t}\n\t\t\t\/* see gallery_shortcode() in wp-includes\/media.php *\/\n\t\t<\/style>\n\t\t<div id='gallery-10' class='gallery galleryid-1136 gallery-columns-1 gallery-size-large'><dl class='gallery-item'>\n\t\t\t<dt class='gallery-icon landscape'>\n\t\t\t\t<a href='http:\/\/www.urlaub-und-stadien.de\/?attachment_id=3375'><img width=\"640\" height=\"426\" src=\"http:\/\/www.urlaub-und-stadien.de\/wp-content\/uploads\/2007\/06\/Bayern-2007-178-1024x682.jpg\" class=\"attachment-large size-large\" alt=\"\" loading=\"lazy\" srcset=\"http:\/\/www.urlaub-und-stadien.de\/wp-content\/uploads\/2007\/06\/Bayern-2007-178-1024x682.jpg 1024w, http:\/\/www.urlaub-und-stadien.de\/wp-content\/uploads\/2007\/06\/Bayern-2007-178-300x200.jpg 300w, http:\/\/www.urlaub-und-stadien.de\/wp-content\/uploads\/2007\/06\/Bayern-2007-178-768x512.jpg 768w, http:\/\/www.urlaub-und-stadien.de\/wp-content\/uploads\/2007\/06\/Bayern-2007-178.jpg 1082w\" sizes=\"(max-width: 640px) 100vw, 640px\" \/><\/a>\n\t\t\t<\/dt><\/dl><br style=\"clear: both\" \/><dl class='gallery-item'>\n\t\t\t<dt class='gallery-icon landscape'>\n\t\t\t\t<a href='http:\/\/www.urlaub-und-stadien.de\/?attachment_id=3374'><img width=\"640\" height=\"426\" src=\"http:\/\/www.urlaub-und-stadien.de\/wp-content\/uploads\/2007\/06\/Bayern-2007-177-1024x682.jpg\" class=\"attachment-large size-large\" alt=\"\" loading=\"lazy\" srcset=\"http:\/\/www.urlaub-und-stadien.de\/wp-content\/uploads\/2007\/06\/Bayern-2007-177-1024x682.jpg 1024w, http:\/\/www.urlaub-und-stadien.de\/wp-content\/uploads\/2007\/06\/Bayern-2007-177-300x200.jpg 300w, http:\/\/www.urlaub-und-stadien.de\/wp-content\/uploads\/2007\/06\/Bayern-2007-177-768x512.jpg 768w, http:\/\/www.urlaub-und-stadien.de\/wp-content\/uploads\/2007\/06\/Bayern-2007-177.jpg 1082w\" sizes=\"(max-width: 640px) 100vw, 640px\" \/><\/a>\n\t\t\t<\/dt><\/dl><br style=\"clear: both\" \/>\n\t\t<\/div>\n\n\n\t\t<style type=\"text\/css\">\n\t\t\t#gallery-11 {\n\t\t\t\tmargin: auto;\n\t\t\t}\n\t\t\t#gallery-11 .gallery-item {\n\t\t\t\tfloat: left;\n\t\t\t\tmargin-top: 10px;\n\t\t\t\ttext-align: center;\n\t\t\t\twidth: 100%;\n\t\t\t}\n\t\t\t#gallery-11 img {\n\t\t\t\tborder: 2px solid #cfcfcf;\n\t\t\t}\n\t\t\t#gallery-11 .gallery-caption {\n\t\t\t\tmargin-left: 0;\n\t\t\t}\n\t\t\t\/* see gallery_shortcode() in wp-includes\/media.php *\/\n\t\t<\/style>\n\t\t<div id='gallery-11' class='gallery galleryid-1136 gallery-columns-1 gallery-size-large'><dl class='gallery-item'>\n\t\t\t<dt class='gallery-icon landscape'>\n\t\t\t\t<a href='http:\/\/www.urlaub-und-stadien.de\/?attachment_id=3373'><img width=\"640\" height=\"179\" src=\"http:\/\/www.urlaub-und-stadien.de\/wp-content\/uploads\/2007\/06\/Bayern-2007-173-1024x286.jpg\" class=\"attachment-large size-large\" alt=\"\" loading=\"lazy\" srcset=\"http:\/\/www.urlaub-und-stadien.de\/wp-content\/uploads\/2007\/06\/Bayern-2007-173-1024x286.jpg 1024w, http:\/\/www.urlaub-und-stadien.de\/wp-content\/uploads\/2007\/06\/Bayern-2007-173-300x84.jpg 300w, http:\/\/www.urlaub-und-stadien.de\/wp-content\/uploads\/2007\/06\/Bayern-2007-173-768x215.jpg 768w\" sizes=\"(max-width: 640px) 100vw, 640px\" \/><\/a>\n\t\t\t<\/dt><\/dl><br style=\"clear: both\" \/>\n\t\t<\/div>\n\n<p>Das gebuchte Landhotel \u201eTyrol\u201c wirbt mit phantastischer Lage in Nordtiroler Bergwelt und grandiosem Blick aufs mittlere Oberinntal. Selten hat eine selbstgew\u00e4hlte Lagebeschreibung eines Hotels so gestimmt. Phantastisch ist untertrieben, ganz klar. Schon allein der Blick auf das Panorama erf\u00fcllt mit seliger Zufriedenheit. Dazu kommt unendliche, absolute Stille in 1250 m H\u00f6he.<\/p>\n\n\t\t<style type=\"text\/css\">\n\t\t\t#gallery-12 {\n\t\t\t\tmargin: auto;\n\t\t\t}\n\t\t\t#gallery-12 .gallery-item {\n\t\t\t\tfloat: left;\n\t\t\t\tmargin-top: 10px;\n\t\t\t\ttext-align: center;\n\t\t\t\twidth: 100%;\n\t\t\t}\n\t\t\t#gallery-12 img {\n\t\t\t\tborder: 2px solid #cfcfcf;\n\t\t\t}\n\t\t\t#gallery-12 .gallery-caption {\n\t\t\t\tmargin-left: 0;\n\t\t\t}\n\t\t\t\/* see gallery_shortcode() in wp-includes\/media.php *\/\n\t\t<\/style>\n\t\t<div id='gallery-12' class='gallery galleryid-1136 gallery-columns-1 gallery-size-large'><dl class='gallery-item'>\n\t\t\t<dt class='gallery-icon landscape'>\n\t\t\t\t<a href='http:\/\/www.urlaub-und-stadien.de\/?attachment_id=3376'><img width=\"640\" height=\"426\" src=\"http:\/\/www.urlaub-und-stadien.de\/wp-content\/uploads\/2007\/06\/Bayern-2007-185.jpg\" class=\"attachment-large size-large\" alt=\"\" loading=\"lazy\" srcset=\"http:\/\/www.urlaub-und-stadien.de\/wp-content\/uploads\/2007\/06\/Bayern-2007-185.jpg 902w, http:\/\/www.urlaub-und-stadien.de\/wp-content\/uploads\/2007\/06\/Bayern-2007-185-300x200.jpg 300w, http:\/\/www.urlaub-und-stadien.de\/wp-content\/uploads\/2007\/06\/Bayern-2007-185-768x512.jpg 768w\" sizes=\"(max-width: 640px) 100vw, 640px\" \/><\/a>\n\t\t\t<\/dt><\/dl><br style=\"clear: both\" \/><dl class='gallery-item'>\n\t\t\t<dt class='gallery-icon landscape'>\n\t\t\t\t<a href='http:\/\/www.urlaub-und-stadien.de\/?attachment_id=3384'><img width=\"640\" height=\"426\" src=\"http:\/\/www.urlaub-und-stadien.de\/wp-content\/uploads\/2007\/06\/Bayern-2007-274.jpg\" class=\"attachment-large size-large\" alt=\"\" loading=\"lazy\" srcset=\"http:\/\/www.urlaub-und-stadien.de\/wp-content\/uploads\/2007\/06\/Bayern-2007-274.jpg 902w, http:\/\/www.urlaub-und-stadien.de\/wp-content\/uploads\/2007\/06\/Bayern-2007-274-300x200.jpg 300w, http:\/\/www.urlaub-und-stadien.de\/wp-content\/uploads\/2007\/06\/Bayern-2007-274-768x512.jpg 768w\" sizes=\"(max-width: 640px) 100vw, 640px\" \/><\/a>\n\t\t\t<\/dt><\/dl><br style=\"clear: both\" \/>\n\t\t<\/div>\n\n<p>Passend zur Fahrt zum Zugspitzmassiv begleitet mich Wagners gewaltige Musik. Man kommt, wie ich finde, angesichts dieses gewaltig-harmonischen Gebirgszuges unweigerlich auf den Gedanken, dass die Inspiration f\u00fcr Wagners Musik neben der Mythenwelt mindestens auch von solchen Naturgewalten kommen muss. In beidem finde ich gleicherma\u00dfen eine komplett offenbare, umfassende, vereinnahmende Gewalt und oft fast gleichzeitig eine zur\u00fcckgenommene, gleichsam nur angedeutete sanfte Spielerei, quasi jederzeit bereit, einen sofort und ohne Vorwarnung zu \u00fcberw\u00e4ltigen. Ganz banal steckt dann die Zugspitze inmitten einer Wolkendecke, was nat\u00fcrlich schade ist, aber Wetter hat eben seine eigene Choreographie. Zum Gl\u00fcck gibt es aber 300 m tiefer eine weitere Station mit Blick auf Gletscher und grandiosem Rundumblick. Habe ich noch schwer geschluckt bei 47 \u20ac f\u00fcr hoch und runter, sehe ich das nunmehr als leidlich annehmbare Investition f\u00fcr immerhin 2000 zu \u00fcberwindende H\u00f6henmeter und immerhin den h\u00f6chsten Berg Deutschlands, schlie\u00dflich will ich mich ja entspannen und mich nicht dauernd \u00fcber diesen Preis aufregen, obwohl dieser mehr als dreist ist.<\/p>\n\n\t\t<style type=\"text\/css\">\n\t\t\t#gallery-13 {\n\t\t\t\tmargin: auto;\n\t\t\t}\n\t\t\t#gallery-13 .gallery-item {\n\t\t\t\tfloat: left;\n\t\t\t\tmargin-top: 10px;\n\t\t\t\ttext-align: center;\n\t\t\t\twidth: 100%;\n\t\t\t}\n\t\t\t#gallery-13 img {\n\t\t\t\tborder: 2px solid #cfcfcf;\n\t\t\t}\n\t\t\t#gallery-13 .gallery-caption {\n\t\t\t\tmargin-left: 0;\n\t\t\t}\n\t\t\t\/* see gallery_shortcode() in wp-includes\/media.php *\/\n\t\t<\/style>\n\t\t<div id='gallery-13' class='gallery galleryid-1136 gallery-columns-1 gallery-size-large'><dl class='gallery-item'>\n\t\t\t<dt class='gallery-icon landscape'>\n\t\t\t\t<a href='http:\/\/www.urlaub-und-stadien.de\/?attachment_id=3377'><img width=\"640\" height=\"426\" src=\"http:\/\/www.urlaub-und-stadien.de\/wp-content\/uploads\/2007\/06\/Bayern-2007-216-1024x682.jpg\" class=\"attachment-large size-large\" alt=\"\" loading=\"lazy\" srcset=\"http:\/\/www.urlaub-und-stadien.de\/wp-content\/uploads\/2007\/06\/Bayern-2007-216-1024x682.jpg 1024w, http:\/\/www.urlaub-und-stadien.de\/wp-content\/uploads\/2007\/06\/Bayern-2007-216-300x200.jpg 300w, http:\/\/www.urlaub-und-stadien.de\/wp-content\/uploads\/2007\/06\/Bayern-2007-216-768x512.jpg 768w\" sizes=\"(max-width: 640px) 100vw, 640px\" \/><\/a>\n\t\t\t<\/dt><\/dl><br style=\"clear: both\" \/><dl class='gallery-item'>\n\t\t\t<dt class='gallery-icon landscape'>\n\t\t\t\t<a href='http:\/\/www.urlaub-und-stadien.de\/?attachment_id=3378'><img width=\"640\" height=\"426\" src=\"http:\/\/www.urlaub-und-stadien.de\/wp-content\/uploads\/2007\/06\/Bayern-2007-219-1024x682.jpg\" class=\"attachment-large size-large\" alt=\"\" loading=\"lazy\" srcset=\"http:\/\/www.urlaub-und-stadien.de\/wp-content\/uploads\/2007\/06\/Bayern-2007-219-1024x682.jpg 1024w, http:\/\/www.urlaub-und-stadien.de\/wp-content\/uploads\/2007\/06\/Bayern-2007-219-300x200.jpg 300w, http:\/\/www.urlaub-und-stadien.de\/wp-content\/uploads\/2007\/06\/Bayern-2007-219-768x512.jpg 768w\" sizes=\"(max-width: 640px) 100vw, 640px\" \/><\/a>\n\t\t\t<\/dt><\/dl><br style=\"clear: both\" \/><dl class='gallery-item'>\n\t\t\t<dt class='gallery-icon landscape'>\n\t\t\t\t<a href='http:\/\/www.urlaub-und-stadien.de\/?attachment_id=3380'><img width=\"640\" height=\"426\" src=\"http:\/\/www.urlaub-und-stadien.de\/wp-content\/uploads\/2007\/06\/Bayern-2007-236-1024x682.jpg\" class=\"attachment-large size-large\" alt=\"\" loading=\"lazy\" srcset=\"http:\/\/www.urlaub-und-stadien.de\/wp-content\/uploads\/2007\/06\/Bayern-2007-236-1024x682.jpg 1024w, http:\/\/www.urlaub-und-stadien.de\/wp-content\/uploads\/2007\/06\/Bayern-2007-236-300x200.jpg 300w, http:\/\/www.urlaub-und-stadien.de\/wp-content\/uploads\/2007\/06\/Bayern-2007-236-768x512.jpg 768w\" sizes=\"(max-width: 640px) 100vw, 640px\" \/><\/a>\n\t\t\t<\/dt><\/dl><br style=\"clear: both\" \/><dl class='gallery-item'>\n\t\t\t<dt class='gallery-icon landscape'>\n\t\t\t\t<a href='http:\/\/www.urlaub-und-stadien.de\/?attachment_id=3385'><img width=\"640\" height=\"426\" src=\"http:\/\/www.urlaub-und-stadien.de\/wp-content\/uploads\/2007\/06\/Bayern-2007-275.jpg\" class=\"attachment-large size-large\" alt=\"\" loading=\"lazy\" srcset=\"http:\/\/www.urlaub-und-stadien.de\/wp-content\/uploads\/2007\/06\/Bayern-2007-275.jpg 902w, http:\/\/www.urlaub-und-stadien.de\/wp-content\/uploads\/2007\/06\/Bayern-2007-275-300x200.jpg 300w, http:\/\/www.urlaub-und-stadien.de\/wp-content\/uploads\/2007\/06\/Bayern-2007-275-768x512.jpg 768w\" sizes=\"(max-width: 640px) 100vw, 640px\" \/><\/a>\n\t\t\t<\/dt><\/dl><br style=\"clear: both\" \/><dl class='gallery-item'>\n\t\t\t<dt class='gallery-icon landscape'>\n\t\t\t\t<a href='http:\/\/www.urlaub-und-stadien.de\/?attachment_id=3381'><img width=\"640\" height=\"426\" src=\"http:\/\/www.urlaub-und-stadien.de\/wp-content\/uploads\/2007\/06\/Bayern-2007-257-1024x682.jpg\" class=\"attachment-large size-large\" alt=\"\" loading=\"lazy\" srcset=\"http:\/\/www.urlaub-und-stadien.de\/wp-content\/uploads\/2007\/06\/Bayern-2007-257-1024x682.jpg 1024w, http:\/\/www.urlaub-und-stadien.de\/wp-content\/uploads\/2007\/06\/Bayern-2007-257-300x200.jpg 300w, http:\/\/www.urlaub-und-stadien.de\/wp-content\/uploads\/2007\/06\/Bayern-2007-257-768x512.jpg 768w\" sizes=\"(max-width: 640px) 100vw, 640px\" \/><\/a>\n\t\t\t<\/dt><\/dl><br style=\"clear: both\" \/><dl class='gallery-item'>\n\t\t\t<dt class='gallery-icon landscape'>\n\t\t\t\t<a href='http:\/\/www.urlaub-und-stadien.de\/?attachment_id=3382'><img width=\"640\" height=\"426\" src=\"http:\/\/www.urlaub-und-stadien.de\/wp-content\/uploads\/2007\/06\/Bayern-2007-258.jpg\" class=\"attachment-large size-large\" alt=\"\" loading=\"lazy\" srcset=\"http:\/\/www.urlaub-und-stadien.de\/wp-content\/uploads\/2007\/06\/Bayern-2007-258.jpg 902w, http:\/\/www.urlaub-und-stadien.de\/wp-content\/uploads\/2007\/06\/Bayern-2007-258-300x200.jpg 300w, http:\/\/www.urlaub-und-stadien.de\/wp-content\/uploads\/2007\/06\/Bayern-2007-258-768x512.jpg 768w\" sizes=\"(max-width: 640px) 100vw, 640px\" \/><\/a>\n\t\t\t<\/dt><\/dl><br style=\"clear: both\" \/>\n\t\t<\/div>\n\n<p>Nicht weit entfernt ist Schloss Linderhof; ein weiteres Mal kreuzt Ludwig II. also abschlie\u00dfend meinen Weg.<\/p>\n\n\t\t<style type=\"text\/css\">\n\t\t\t#gallery-14 {\n\t\t\t\tmargin: auto;\n\t\t\t}\n\t\t\t#gallery-14 .gallery-item {\n\t\t\t\tfloat: left;\n\t\t\t\tmargin-top: 10px;\n\t\t\t\ttext-align: center;\n\t\t\t\twidth: 100%;\n\t\t\t}\n\t\t\t#gallery-14 img {\n\t\t\t\tborder: 2px solid #cfcfcf;\n\t\t\t}\n\t\t\t#gallery-14 .gallery-caption {\n\t\t\t\tmargin-left: 0;\n\t\t\t}\n\t\t\t\/* see gallery_shortcode() in wp-includes\/media.php *\/\n\t\t<\/style>\n\t\t<div id='gallery-14' class='gallery galleryid-1136 gallery-columns-1 gallery-size-large'><dl class='gallery-item'>\n\t\t\t<dt class='gallery-icon landscape'>\n\t\t\t\t<a href='http:\/\/www.urlaub-und-stadien.de\/?attachment_id=3379'><img width=\"640\" height=\"168\" src=\"http:\/\/www.urlaub-und-stadien.de\/wp-content\/uploads\/2007\/06\/Bayern-2007-224-1024x268.jpg\" class=\"attachment-large size-large\" alt=\"\" loading=\"lazy\" srcset=\"http:\/\/www.urlaub-und-stadien.de\/wp-content\/uploads\/2007\/06\/Bayern-2007-224-1024x268.jpg 1024w, http:\/\/www.urlaub-und-stadien.de\/wp-content\/uploads\/2007\/06\/Bayern-2007-224-300x79.jpg 300w, http:\/\/www.urlaub-und-stadien.de\/wp-content\/uploads\/2007\/06\/Bayern-2007-224-768x201.jpg 768w\" sizes=\"(max-width: 640px) 100vw, 640px\" \/><\/a>\n\t\t\t<\/dt><\/dl><br style=\"clear: both\" \/>\n\t\t<\/div>\n\n","protected":false},"excerpt":{"rendered":"<p>Ein goldener Herbst mit angenehmsten Temperaturen beginnt&nbsp;in Ramsau und schon&nbsp;bei&nbsp;der sonnt\u00e4glichen Anreise zeigen sich die hinrei\u00dfende Gegend wie auch die hinrei\u00dfende Lage des Hotels. Der eine oder andere Eindruck der Alpengegend rund um Watzmann &amp; Co. l\u00e4sst sich in den n\u00e4chsten Tagen vertiefen.<\/p>\n","protected":false},"author":1,"featured_media":0,"comment_status":"open","ping_status":"open","sticky":false,"template":"","format":"standard","meta":[],"categories":[21,2,7,3],"tags":[],"_links":{"self":[{"href":"http:\/\/www.urlaub-und-stadien.de\/index.php?rest_route=\/wp\/v2\/posts\/1136"}],"collection":[{"href":"http:\/\/www.urlaub-und-stadien.de\/index.php?rest_route=\/wp\/v2\/posts"}],"about":[{"href":"http:\/\/www.urlaub-und-stadien.de\/index.php?rest_route=\/wp\/v2\/types\/post"}],"author":[{"embeddable":true,"href":"http:\/\/www.urlaub-und-stadien.de\/index.php?rest_route=\/wp\/v2\/users\/1"}],"replies":[{"embeddable":true,"href":"http:\/\/www.urlaub-und-stadien.de\/index.php?rest_route=%2Fwp%2Fv2%2Fcomments&post=1136"}],"version-history":[{"count":10,"href":"http:\/\/www.urlaub-und-stadien.de\/index.php?rest_route=\/wp\/v2\/posts\/1136\/revisions"}],"predecessor-version":[{"id":10314,"href":"http:\/\/www.urlaub-und-stadien.de\/index.php?rest_route=\/wp\/v2\/posts\/1136\/revisions\/10314"}],"wp:attachment":[{"href":"http:\/\/www.urlaub-und-stadien.de\/index.php?rest_route=%2Fwp%2Fv2%2Fmedia&parent=1136"}],"wp:term":[{"taxonomy":"category","embeddable":true,"href":"http:\/\/www.urlaub-und-stadien.de\/index.php?rest_route=%2Fwp%2Fv2%2Fcategories&post=1136"},{"taxonomy":"post_tag","embeddable":true,"href":"http:\/\/www.urlaub-und-stadien.de\/index.php?rest_route=%2Fwp%2Fv2%2Ftags&post=1136"}],"curies":[{"name":"wp","href":"https:\/\/api.w.org\/{rel}","templated":true}]}}