{"id":10615,"date":"2024-10-18T19:48:00","date_gmt":"2024-10-18T19:48:00","guid":{"rendered":"https:\/\/www.urlaub-und-stadien.de\/?p=10615"},"modified":"2025-09-16T20:02:12","modified_gmt":"2025-09-16T20:02:12","slug":"corbusierhaus-berlin-18-oktober-2024","status":"publish","type":"post","link":"http:\/\/www.urlaub-und-stadien.de\/?p=10615","title":{"rendered":"Corbusierhaus Berlin &#8211; 18. Oktober 2024"},"content":{"rendered":"\n<figure class=\"wp-block-gallery columns-1 is-cropped\"><ul class=\"blocks-gallery-grid\"><li class=\"blocks-gallery-item\"><figure><a href=\"https:\/\/www.urlaub-und-stadien.de\/?attachment_id=10616\"><img loading=\"lazy\" width=\"1024\" height=\"576\" src=\"https:\/\/www.urlaub-und-stadien.de\/wp-content\/uploads\/2025\/01\/IMG_0330-1024x576.jpg\" alt=\"\" data-id=\"10616\" data-full-url=\"https:\/\/www.urlaub-und-stadien.de\/wp-content\/uploads\/2025\/01\/IMG_0330-scaled.jpg\" data-link=\"https:\/\/www.urlaub-und-stadien.de\/?attachment_id=10616\" class=\"wp-image-10616\" srcset=\"http:\/\/www.urlaub-und-stadien.de\/wp-content\/uploads\/2025\/01\/IMG_0330-1024x576.jpg 1024w, http:\/\/www.urlaub-und-stadien.de\/wp-content\/uploads\/2025\/01\/IMG_0330-300x169.jpg 300w, http:\/\/www.urlaub-und-stadien.de\/wp-content\/uploads\/2025\/01\/IMG_0330-768x432.jpg 768w, http:\/\/www.urlaub-und-stadien.de\/wp-content\/uploads\/2025\/01\/IMG_0330-1536x864.jpg 1536w, http:\/\/www.urlaub-und-stadien.de\/wp-content\/uploads\/2025\/01\/IMG_0330-2048x1152.jpg 2048w\" sizes=\"(max-width: 1024px) 100vw, 1024px\" \/><\/a><\/figure><\/li><\/ul><\/figure>\n\n\n\n<p class=\"has-text-align-center\"><strong>Schon lange auf der Liste ergibt sich das Corbusierhaus Berlin endlich vor dem Spiel in Berlin.<\/strong><\/p>\n\n\n\n<!--more-->\n\n\n\n<figure class=\"wp-block-gallery columns-1 is-cropped\"><ul class=\"blocks-gallery-grid\"><li class=\"blocks-gallery-item\"><figure><a href=\"https:\/\/www.urlaub-und-stadien.de\/?attachment_id=11074\"><img loading=\"lazy\" width=\"1024\" height=\"576\" src=\"https:\/\/www.urlaub-und-stadien.de\/wp-content\/uploads\/2025\/09\/IMG_4761-1024x576.jpg\" alt=\"\" data-id=\"11074\" data-full-url=\"https:\/\/www.urlaub-und-stadien.de\/wp-content\/uploads\/2025\/09\/IMG_4761-scaled.jpg\" data-link=\"https:\/\/www.urlaub-und-stadien.de\/?attachment_id=11074\" class=\"wp-image-11074\" srcset=\"http:\/\/www.urlaub-und-stadien.de\/wp-content\/uploads\/2025\/09\/IMG_4761-1024x576.jpg 1024w, http:\/\/www.urlaub-und-stadien.de\/wp-content\/uploads\/2025\/09\/IMG_4761-300x169.jpg 300w, http:\/\/www.urlaub-und-stadien.de\/wp-content\/uploads\/2025\/09\/IMG_4761-768x432.jpg 768w, http:\/\/www.urlaub-und-stadien.de\/wp-content\/uploads\/2025\/09\/IMG_4761-1536x864.jpg 1536w, http:\/\/www.urlaub-und-stadien.de\/wp-content\/uploads\/2025\/09\/IMG_4761-2048x1152.jpg 2048w\" sizes=\"(max-width: 1024px) 100vw, 1024px\" \/><\/a><\/figure><\/li><\/ul><\/figure>\n\n\n\n<p class=\"has-background\" style=\"background-color:#baccd9\">Allen Architekturinteressierten d\u00fcrfte das Corbusierhaus nahe dem Berliner Olympiastadion ein Begriff sein: F\u00fcr die Internationale Bauausstellung 1957 wurde es nach Pl\u00e4nen des Architekten Le Corbusier (1887&nbsp;\u2013 1965) realisiert und sollte damals das zuk\u00fcnftige Bauen zeigen. Das Wohnhaus ist eine abgewandelte Form des Corbusierschen Entwurfs der Unit\u00e9 d&#8217;Habitation, wie sie in Marseille, Briey-en-F\u00f4ret, Firminy und Nantes-Rez\u00e9 gebaut wurde.<\/p>\n\n\n\n<figure class=\"wp-block-gallery columns-2 is-cropped\"><ul class=\"blocks-gallery-grid\"><li class=\"blocks-gallery-item\"><figure><a href=\"https:\/\/www.urlaub-und-stadien.de\/?attachment_id=10617\"><img loading=\"lazy\" width=\"576\" height=\"1024\" src=\"https:\/\/www.urlaub-und-stadien.de\/wp-content\/uploads\/2025\/01\/IMG_0273-576x1024.jpg\" alt=\"\" data-id=\"10617\" data-full-url=\"https:\/\/www.urlaub-und-stadien.de\/wp-content\/uploads\/2025\/01\/IMG_0273-scaled.jpg\" data-link=\"https:\/\/www.urlaub-und-stadien.de\/?attachment_id=10617\" class=\"wp-image-10617\" srcset=\"http:\/\/www.urlaub-und-stadien.de\/wp-content\/uploads\/2025\/01\/IMG_0273-576x1024.jpg 576w, http:\/\/www.urlaub-und-stadien.de\/wp-content\/uploads\/2025\/01\/IMG_0273-169x300.jpg 169w, http:\/\/www.urlaub-und-stadien.de\/wp-content\/uploads\/2025\/01\/IMG_0273-768x1365.jpg 768w, http:\/\/www.urlaub-und-stadien.de\/wp-content\/uploads\/2025\/01\/IMG_0273-864x1536.jpg 864w, http:\/\/www.urlaub-und-stadien.de\/wp-content\/uploads\/2025\/01\/IMG_0273-1152x2048.jpg 1152w, http:\/\/www.urlaub-und-stadien.de\/wp-content\/uploads\/2025\/01\/IMG_0273-scaled.jpg 1440w\" sizes=\"(max-width: 576px) 100vw, 576px\" \/><\/a><\/figure><\/li><li class=\"blocks-gallery-item\"><figure><a href=\"https:\/\/www.urlaub-und-stadien.de\/?attachment_id=10618\"><img loading=\"lazy\" width=\"576\" height=\"1024\" src=\"https:\/\/www.urlaub-und-stadien.de\/wp-content\/uploads\/2025\/01\/IMG_0275-576x1024.jpg\" alt=\"\" data-id=\"10618\" data-full-url=\"https:\/\/www.urlaub-und-stadien.de\/wp-content\/uploads\/2025\/01\/IMG_0275-scaled.jpg\" data-link=\"https:\/\/www.urlaub-und-stadien.de\/?attachment_id=10618\" class=\"wp-image-10618\" srcset=\"http:\/\/www.urlaub-und-stadien.de\/wp-content\/uploads\/2025\/01\/IMG_0275-576x1024.jpg 576w, http:\/\/www.urlaub-und-stadien.de\/wp-content\/uploads\/2025\/01\/IMG_0275-169x300.jpg 169w, http:\/\/www.urlaub-und-stadien.de\/wp-content\/uploads\/2025\/01\/IMG_0275-768x1365.jpg 768w, http:\/\/www.urlaub-und-stadien.de\/wp-content\/uploads\/2025\/01\/IMG_0275-864x1536.jpg 864w, http:\/\/www.urlaub-und-stadien.de\/wp-content\/uploads\/2025\/01\/IMG_0275-1152x2048.jpg 1152w, http:\/\/www.urlaub-und-stadien.de\/wp-content\/uploads\/2025\/01\/IMG_0275-scaled.jpg 1440w\" sizes=\"(max-width: 576px) 100vw, 576px\" \/><\/a><\/figure><\/li><\/ul><\/figure>\n\n\n\n<p class=\"has-background\" style=\"background-color:#baccd9\">Auf 17 Geschossen beherbergt das Geb\u00e4ude insgesamt 530 Wohnungen in unterschiedlichen Gr\u00f6\u00dfen, die zun\u00e4chst vermietet und ab 1979 verkauft wurden. Bis auf die 173 Einzimmerwohnungen sind alle Wohnungen (267 Zwei-, 85 Drei-, vier Vier- und eine F\u00fcnfzimmerwohnung) als Maisonette ausgebildet. Erschlossen werden sie \u00fcber innen liegende Mittelflure, sogenannte Rues Int\u00e9rieures (franz. Innenstra\u00dfen). Die gro\u00dfen Wohnungen sind zudem durch das gesamte Geb\u00e4ude hindurchgesteckt, wodurch auf einigen Geschossen die Mittelflure entfallen.<\/p>\n\n\n\n<figure class=\"wp-block-gallery columns-1 is-cropped\"><ul class=\"blocks-gallery-grid\"><li class=\"blocks-gallery-item\"><figure><a href=\"https:\/\/www.urlaub-und-stadien.de\/?attachment_id=10619\"><img loading=\"lazy\" width=\"1024\" height=\"576\" src=\"https:\/\/www.urlaub-und-stadien.de\/wp-content\/uploads\/2025\/01\/IMG_0282-1024x576.jpg\" alt=\"\" data-id=\"10619\" data-full-url=\"https:\/\/www.urlaub-und-stadien.de\/wp-content\/uploads\/2025\/01\/IMG_0282-scaled.jpg\" data-link=\"https:\/\/www.urlaub-und-stadien.de\/?attachment_id=10619\" class=\"wp-image-10619\" srcset=\"http:\/\/www.urlaub-und-stadien.de\/wp-content\/uploads\/2025\/01\/IMG_0282-1024x576.jpg 1024w, http:\/\/www.urlaub-und-stadien.de\/wp-content\/uploads\/2025\/01\/IMG_0282-300x169.jpg 300w, http:\/\/www.urlaub-und-stadien.de\/wp-content\/uploads\/2025\/01\/IMG_0282-768x432.jpg 768w, http:\/\/www.urlaub-und-stadien.de\/wp-content\/uploads\/2025\/01\/IMG_0282-1536x864.jpg 1536w, http:\/\/www.urlaub-und-stadien.de\/wp-content\/uploads\/2025\/01\/IMG_0282-2048x1152.jpg 2048w\" sizes=\"(max-width: 1024px) 100vw, 1024px\" \/><\/a><\/figure><\/li><li class=\"blocks-gallery-item\"><figure><a href=\"https:\/\/www.urlaub-und-stadien.de\/?attachment_id=10620\"><img loading=\"lazy\" width=\"1024\" height=\"576\" src=\"https:\/\/www.urlaub-und-stadien.de\/wp-content\/uploads\/2025\/01\/IMG_0323-1024x576.jpg\" alt=\"\" data-id=\"10620\" data-full-url=\"https:\/\/www.urlaub-und-stadien.de\/wp-content\/uploads\/2025\/01\/IMG_0323-scaled.jpg\" data-link=\"https:\/\/www.urlaub-und-stadien.de\/?attachment_id=10620\" class=\"wp-image-10620\" srcset=\"http:\/\/www.urlaub-und-stadien.de\/wp-content\/uploads\/2025\/01\/IMG_0323-1024x576.jpg 1024w, http:\/\/www.urlaub-und-stadien.de\/wp-content\/uploads\/2025\/01\/IMG_0323-300x169.jpg 300w, http:\/\/www.urlaub-und-stadien.de\/wp-content\/uploads\/2025\/01\/IMG_0323-768x432.jpg 768w, http:\/\/www.urlaub-und-stadien.de\/wp-content\/uploads\/2025\/01\/IMG_0323-1536x864.jpg 1536w, http:\/\/www.urlaub-und-stadien.de\/wp-content\/uploads\/2025\/01\/IMG_0323-2048x1152.jpg 2048w\" sizes=\"(max-width: 1024px) 100vw, 1024px\" \/><\/a><\/figure><\/li><\/ul><\/figure>\n\n\n\n<p class=\"has-background\" style=\"background-color:#baccd9\">In Berlin mussten die Pl\u00e4ne des Architekten aufgrund der damaligen Bauordnung abgewandelt und die Geschosse von 2,26 auf 2,50 Meter erh\u00f6ht werden. Um die Proportionen der R\u00e4ume beizubehalten, wurden die Wohnungen von 3,66 auf 4,06 Meter verbreitert. Au\u00dferdem fiel der urspr\u00fcnglich geplante zweigeschossige Wohnraum weg, um insgesamt mehr Wohnfl\u00e4che realisieren zu k\u00f6nnen. All diese Ma\u00dfnahmen f\u00fchrten dazu, dass sich Le Corbusier sp\u00e4ter von dem Geb\u00e4ude distanzierte. Heute erf\u00e4hrt es bei den Bewohnern sehr gro\u00dfen Zuspruch, auch F\u00fchrungen sind m\u00f6glich (siehe: http:\/\/www.corbusierhaus-berlin.de\/ oder http:\/\/www.corbusier-berlin.de\/).<\/p>\n\n\n\n<figure class=\"wp-block-gallery columns-2 is-cropped\"><ul class=\"blocks-gallery-grid\"><li class=\"blocks-gallery-item\"><figure><a href=\"https:\/\/www.urlaub-und-stadien.de\/?attachment_id=10622\"><img loading=\"lazy\" width=\"576\" height=\"1024\" src=\"https:\/\/www.urlaub-und-stadien.de\/wp-content\/uploads\/2025\/01\/IMG_0316-576x1024.jpg\" alt=\"\" data-id=\"10622\" data-link=\"https:\/\/www.urlaub-und-stadien.de\/?attachment_id=10622\" class=\"wp-image-10622\" srcset=\"http:\/\/www.urlaub-und-stadien.de\/wp-content\/uploads\/2025\/01\/IMG_0316-576x1024.jpg 576w, http:\/\/www.urlaub-und-stadien.de\/wp-content\/uploads\/2025\/01\/IMG_0316-169x300.jpg 169w, http:\/\/www.urlaub-und-stadien.de\/wp-content\/uploads\/2025\/01\/IMG_0316-768x1365.jpg 768w, http:\/\/www.urlaub-und-stadien.de\/wp-content\/uploads\/2025\/01\/IMG_0316-864x1536.jpg 864w, http:\/\/www.urlaub-und-stadien.de\/wp-content\/uploads\/2025\/01\/IMG_0316-1152x2048.jpg 1152w, http:\/\/www.urlaub-und-stadien.de\/wp-content\/uploads\/2025\/01\/IMG_0316-scaled.jpg 1440w\" sizes=\"(max-width: 576px) 100vw, 576px\" \/><\/a><\/figure><\/li><li class=\"blocks-gallery-item\"><figure><a href=\"https:\/\/www.urlaub-und-stadien.de\/?attachment_id=10627\"><img loading=\"lazy\" width=\"531\" height=\"1024\" src=\"https:\/\/www.urlaub-und-stadien.de\/wp-content\/uploads\/2025\/01\/IMG_0322-531x1024.jpg\" alt=\"\" data-id=\"10627\" data-full-url=\"https:\/\/www.urlaub-und-stadien.de\/wp-content\/uploads\/2025\/01\/IMG_0322-scaled.jpg\" data-link=\"https:\/\/www.urlaub-und-stadien.de\/?attachment_id=10627\" class=\"wp-image-10627\" srcset=\"http:\/\/www.urlaub-und-stadien.de\/wp-content\/uploads\/2025\/01\/IMG_0322-531x1024.jpg 531w, http:\/\/www.urlaub-und-stadien.de\/wp-content\/uploads\/2025\/01\/IMG_0322-156x300.jpg 156w, http:\/\/www.urlaub-und-stadien.de\/wp-content\/uploads\/2025\/01\/IMG_0322-768x1480.jpg 768w, http:\/\/www.urlaub-und-stadien.de\/wp-content\/uploads\/2025\/01\/IMG_0322-797x1536.jpg 797w, http:\/\/www.urlaub-und-stadien.de\/wp-content\/uploads\/2025\/01\/IMG_0322-1063x2048.jpg 1063w, http:\/\/www.urlaub-und-stadien.de\/wp-content\/uploads\/2025\/01\/IMG_0322-scaled.jpg 1328w\" sizes=\"(max-width: 531px) 100vw, 531px\" \/><\/a><\/figure><\/li><\/ul><\/figure>\n\n\n\n<p class=\"has-background\" style=\"background-color:#baccd9\">Eine der 33 m\u00b2 gro\u00dfen Einzimmerwohnungen in der vierten Innenstra\u00dfe kann auf Zeit gemietet werden. 2011 erwarb sie der Architektur-Redakteur Benedikt Hotze und lie\u00df sie nach Pl\u00e4nen der Architektin Kathrin Bunte in ihren Originalzustand zur\u00fcckf\u00fchren. \u00dcber die Innenstra\u00dfe gelangt man in einen schmalen Flur der Wohnung, von dem die innen liegende K\u00fcche (2,56 x 1,50 Meter) und der gro\u00dfe Wohnraum (4,06 x 5,45 Meter) abgehen. Hinter der K\u00fcche befindet sich ein kleines, innen liegendes Bad, das \u00fcber den Wohnraum zug\u00e4nglich ist. An der Fassade erstreckt sich \u00fcber die gesamte Breite des Wohnraums, und damit der Wohnung, eine 4,06 x 1,40 Meter gro\u00dfe Loggia.<\/p>\n\n\n\n<figure class=\"wp-block-gallery aligncenter columns-1 is-cropped\"><ul class=\"blocks-gallery-grid\"><li class=\"blocks-gallery-item\"><figure><a href=\"https:\/\/www.urlaub-und-stadien.de\/?attachment_id=10623\"><img loading=\"lazy\" width=\"775\" height=\"1024\" src=\"https:\/\/www.urlaub-und-stadien.de\/wp-content\/uploads\/2025\/01\/IMG_0289-775x1024.jpg\" alt=\"\" data-id=\"10623\" data-full-url=\"https:\/\/www.urlaub-und-stadien.de\/wp-content\/uploads\/2025\/01\/IMG_0289-scaled.jpg\" data-link=\"https:\/\/www.urlaub-und-stadien.de\/?attachment_id=10623\" class=\"wp-image-10623\" srcset=\"http:\/\/www.urlaub-und-stadien.de\/wp-content\/uploads\/2025\/01\/IMG_0289-775x1024.jpg 775w, http:\/\/www.urlaub-und-stadien.de\/wp-content\/uploads\/2025\/01\/IMG_0289-227x300.jpg 227w, http:\/\/www.urlaub-und-stadien.de\/wp-content\/uploads\/2025\/01\/IMG_0289-768x1014.jpg 768w, http:\/\/www.urlaub-und-stadien.de\/wp-content\/uploads\/2025\/01\/IMG_0289-1163x1536.jpg 1163w, http:\/\/www.urlaub-und-stadien.de\/wp-content\/uploads\/2025\/01\/IMG_0289-1551x2048.jpg 1551w, http:\/\/www.urlaub-und-stadien.de\/wp-content\/uploads\/2025\/01\/IMG_0289-scaled.jpg 1938w\" sizes=\"(max-width: 775px) 100vw, 775px\" \/><\/a><\/figure><\/li><\/ul><\/figure>\n\n\n\n<p class=\"has-background\" style=\"background-color:#baccd9\">Im Zuge der Renovierung wurde zwischen K\u00fcche und Wohnraum die urspr\u00fcngliche Trennwand mit einem Glasschiebefenster wiederhergestellt, das f\u00fcr die Belichtung der K\u00fcche sorgt. Weitere Details wie die Br\u00f6tchenklappe zur Innenstra\u00dfe und die mechanischen Bel\u00fcftungsvorrichtungen in K\u00fcche und Bad waren noch erhalten und k\u00f6nnen weiterhin genutzt werden. Bei den Renovierungsarbeiten kam im Wohnraum unter einem PVC-Belag das original verlegte Linoleum in Dunkelgr\u00fcn zum Vorschein. Es konnte denkmalgerecht restauriert werden, zeigt aber deutlich die Gebrauchsspuren der letzten 50 Jahre. In K\u00fcche und Flur musste der Bodenbelag erneuert werden, hier ersetzt ihn ein taubenblaues Linoleum der Original-Kollektion. Die Wandfl\u00e4chen des Flurs sind ebenfalls in Taubenblau gestrichen, um den Raum optisch zu vergr\u00f6\u00dfern. Dank einer kr\u00e4ftig rot gestrichenen Wand (rouge vermillon nach Le Corbusier) erh\u00e4lt der ansonsten in wei\u00df gehaltene Wohnraum eine Tiefenwirkung.<\/p>\n\n\n\n<figure class=\"wp-block-gallery columns-1 is-cropped\"><ul class=\"blocks-gallery-grid\"><li class=\"blocks-gallery-item\"><figure><a href=\"https:\/\/www.urlaub-und-stadien.de\/?attachment_id=10624\"><img loading=\"lazy\" width=\"1024\" height=\"576\" src=\"https:\/\/www.urlaub-und-stadien.de\/wp-content\/uploads\/2025\/01\/IMG_0292-1024x576.jpg\" alt=\"\" data-id=\"10624\" data-full-url=\"https:\/\/www.urlaub-und-stadien.de\/wp-content\/uploads\/2025\/01\/IMG_0292-scaled.jpg\" data-link=\"https:\/\/www.urlaub-und-stadien.de\/?attachment_id=10624\" class=\"wp-image-10624\" srcset=\"http:\/\/www.urlaub-und-stadien.de\/wp-content\/uploads\/2025\/01\/IMG_0292-1024x576.jpg 1024w, http:\/\/www.urlaub-und-stadien.de\/wp-content\/uploads\/2025\/01\/IMG_0292-300x169.jpg 300w, http:\/\/www.urlaub-und-stadien.de\/wp-content\/uploads\/2025\/01\/IMG_0292-768x432.jpg 768w, http:\/\/www.urlaub-und-stadien.de\/wp-content\/uploads\/2025\/01\/IMG_0292-1536x864.jpg 1536w, http:\/\/www.urlaub-und-stadien.de\/wp-content\/uploads\/2025\/01\/IMG_0292-2048x1152.jpg 2048w\" sizes=\"(max-width: 1024px) 100vw, 1024px\" \/><\/a><\/figure><\/li><li class=\"blocks-gallery-item\"><figure><a href=\"https:\/\/www.urlaub-und-stadien.de\/?attachment_id=10625\"><img loading=\"lazy\" width=\"1024\" height=\"576\" src=\"https:\/\/www.urlaub-und-stadien.de\/wp-content\/uploads\/2025\/01\/IMG_0307-1024x576.jpg\" alt=\"\" data-id=\"10625\" data-full-url=\"https:\/\/www.urlaub-und-stadien.de\/wp-content\/uploads\/2025\/01\/IMG_0307-scaled.jpg\" data-link=\"https:\/\/www.urlaub-und-stadien.de\/?attachment_id=10625\" class=\"wp-image-10625\" srcset=\"http:\/\/www.urlaub-und-stadien.de\/wp-content\/uploads\/2025\/01\/IMG_0307-1024x576.jpg 1024w, http:\/\/www.urlaub-und-stadien.de\/wp-content\/uploads\/2025\/01\/IMG_0307-300x169.jpg 300w, http:\/\/www.urlaub-und-stadien.de\/wp-content\/uploads\/2025\/01\/IMG_0307-768x432.jpg 768w, http:\/\/www.urlaub-und-stadien.de\/wp-content\/uploads\/2025\/01\/IMG_0307-1536x864.jpg 1536w, http:\/\/www.urlaub-und-stadien.de\/wp-content\/uploads\/2025\/01\/IMG_0307-2048x1152.jpg 2048w\" sizes=\"(max-width: 1024px) 100vw, 1024px\" \/><\/a><\/figure><\/li><\/ul><\/figure>\n\n\n\n<p class=\"has-background\" style=\"background-color:#baccd9\">Passende Details zur weitgehend original getreu wiederhergestellten Gestaltung sind die quadratischen Schalter in Le Corbusier-Farben. Im Wohnraum sind sie wei\u00df f\u00fcr die K\u00fcchen- und Badbeleuchtung und rot auf der entsprechend gestrichenen Wand. Hier ist au\u00dferdem eine Leiste mit Aufputzsteckdosen und Medienanschl\u00fcssen, ebenfalls in kr\u00e4ftigem Rot, unter dem schmalen Schreibtisch angeordnet.<\/p>\n\n\n\n<figure class=\"wp-block-gallery aligncenter columns-1 is-cropped\"><ul class=\"blocks-gallery-grid\"><li class=\"blocks-gallery-item\"><figure><a href=\"https:\/\/www.urlaub-und-stadien.de\/?attachment_id=10626\"><img loading=\"lazy\" width=\"576\" height=\"1024\" src=\"https:\/\/www.urlaub-und-stadien.de\/wp-content\/uploads\/2025\/01\/IMG_0277-1-576x1024.jpg\" alt=\"\" data-id=\"10626\" data-full-url=\"https:\/\/www.urlaub-und-stadien.de\/wp-content\/uploads\/2025\/01\/IMG_0277-1-scaled.jpg\" data-link=\"https:\/\/www.urlaub-und-stadien.de\/?attachment_id=10626\" class=\"wp-image-10626\" srcset=\"http:\/\/www.urlaub-und-stadien.de\/wp-content\/uploads\/2025\/01\/IMG_0277-1-576x1024.jpg 576w, http:\/\/www.urlaub-und-stadien.de\/wp-content\/uploads\/2025\/01\/IMG_0277-1-169x300.jpg 169w, http:\/\/www.urlaub-und-stadien.de\/wp-content\/uploads\/2025\/01\/IMG_0277-1-768x1365.jpg 768w, http:\/\/www.urlaub-und-stadien.de\/wp-content\/uploads\/2025\/01\/IMG_0277-1-864x1536.jpg 864w, http:\/\/www.urlaub-und-stadien.de\/wp-content\/uploads\/2025\/01\/IMG_0277-1-1152x2048.jpg 1152w, http:\/\/www.urlaub-und-stadien.de\/wp-content\/uploads\/2025\/01\/IMG_0277-1-scaled.jpg 1440w\" sizes=\"(max-width: 576px) 100vw, 576px\" \/><\/a><\/figure><\/li><\/ul><\/figure>\n\n\n\n<p class=\"has-background\" style=\"background-color:#baccd9\">So f\u00fcgen sich die in einem speziellen Verfahren handlackierten Bedienelemente der Elektroinstallation harmonisch in das Farbkonzept und die Gestaltung, die damals wie heute von der Farbenlehre Le Corbusiers inspiriert wurde. Durch die unifarbenen Linoleumbel\u00e4ge, die farbigen W\u00e4nde, die passenden Schalter und Steckdosen sowie die schlichten M\u00f6bel wirken die R\u00e4ume insgesamt ruhig und stimmig. <a href=\"https:\/\/www.baunetzwissen.de\/elektro\/objekte\/wohnen\/wohnung-402-im-corbusierhaus-berlin-4538935\"><em><strong>Quelle<\/strong><\/em><\/a><\/p>\n","protected":false},"excerpt":{"rendered":"<p>Schon lange auf der Liste ergibt sich das Corbusierhaus Berlin endlich vor dem Spiel in Berlin.<\/p>\n","protected":false},"author":1,"featured_media":0,"comment_status":"open","ping_status":"open","sticky":false,"template":"","format":"standard","meta":[],"categories":[12],"tags":[],"_links":{"self":[{"href":"http:\/\/www.urlaub-und-stadien.de\/index.php?rest_route=\/wp\/v2\/posts\/10615"}],"collection":[{"href":"http:\/\/www.urlaub-und-stadien.de\/index.php?rest_route=\/wp\/v2\/posts"}],"about":[{"href":"http:\/\/www.urlaub-und-stadien.de\/index.php?rest_route=\/wp\/v2\/types\/post"}],"author":[{"embeddable":true,"href":"http:\/\/www.urlaub-und-stadien.de\/index.php?rest_route=\/wp\/v2\/users\/1"}],"replies":[{"embeddable":true,"href":"http:\/\/www.urlaub-und-stadien.de\/index.php?rest_route=%2Fwp%2Fv2%2Fcomments&post=10615"}],"version-history":[{"count":3,"href":"http:\/\/www.urlaub-und-stadien.de\/index.php?rest_route=\/wp\/v2\/posts\/10615\/revisions"}],"predecessor-version":[{"id":11075,"href":"http:\/\/www.urlaub-und-stadien.de\/index.php?rest_route=\/wp\/v2\/posts\/10615\/revisions\/11075"}],"wp:attachment":[{"href":"http:\/\/www.urlaub-und-stadien.de\/index.php?rest_route=%2Fwp%2Fv2%2Fmedia&parent=10615"}],"wp:term":[{"taxonomy":"category","embeddable":true,"href":"http:\/\/www.urlaub-und-stadien.de\/index.php?rest_route=%2Fwp%2Fv2%2Fcategories&post=10615"},{"taxonomy":"post_tag","embeddable":true,"href":"http:\/\/www.urlaub-und-stadien.de\/index.php?rest_route=%2Fwp%2Fv2%2Ftags&post=10615"}],"curies":[{"name":"wp","href":"https:\/\/api.w.org\/{rel}","templated":true}]}}